{"id":107076,"date":"2012-08-07T00:05:45","date_gmt":"2012-08-07T04:35:45","guid":{"rendered":"http:\/\/www.moonmentum.com\/blog\/?p=107076"},"modified":"2012-11-24T00:25:31","modified_gmt":"2012-11-24T04:55:31","slug":"curiosity-la-realidad-marciana","status":"publish","type":"post","link":"https:\/\/moonmentum.com\/blog\/actualidad\/observatorio-moonmentum\/curiosity-la-realidad-marciana\/","title":{"rendered":"Curiosity\u2026 La realidad marciana"},"content":{"rendered":"<p><strong><a rel=\"attachment wp-att-107149\" href=\"http:\/\/www.moonmentum.com\/blog\/energia-protagonica\/observatorio-moonmentum\/curiosity%e2%80%a6-la-realidad-marciana\/attachment\/curiosity-observatorio\/\"><img loading=\"lazy\" decoding=\"async\" class=\"alignleft size-medium wp-image-107149 lazyload\" style=\"--smush-placeholder-width: 250px; --smush-placeholder-aspect-ratio: 250\/203;float: left; margin: 6px; border: 0px;\" title=\"Curiosity - Observatorio\" data-src=\"http:\/\/www.moonmentum.com\/blog\/wp-content\/uploads\/2012\/08\/curiosity-observatorio-300x243.jpg\" alt=\"Curiosity - Observatorio\" width=\"250\" height=\"203\" src=\"data:image\/gif;base64,R0lGODlhAQABAAAAACH5BAEKAAEALAAAAAABAAEAAAICTAEAOw==\" \/><noscript><img loading=\"lazy\" decoding=\"async\" class=\"alignleft size-medium wp-image-107149\" style=\"float: left; margin: 6px; border: 0px;\" title=\"Curiosity - Observatorio\" src=\"http:\/\/www.moonmentum.com\/blog\/wp-content\/uploads\/2012\/08\/curiosity-observatorio-300x243.jpg\" alt=\"Curiosity - Observatorio\" width=\"250\" height=\"203\" \/><\/noscript><\/a>Curiosity ha Amartizado! y Ya se Encuentra en la Superficie de Marte. <\/strong><strong> <\/strong><\/p>\n<p><strong> <\/strong><\/p>\n<p><strong> <\/strong><em>Actualizado 06.08.12.- <\/em>Aqu\u00ed esta!! La Primera Fotograf\u00eda de Curiosity desde Marte !<br \/>\nTodo ha salido seg\u00fan lo previsto, el rover toc\u00f3 suelo marciano la madrugada del lunes 6 de Agosto a las 5:31 GMT.\u00a0<sup><a href=\"file:\/\/\/C:\/Documents%20and%20Settings\/Administrador\/Mis%20documentos\/Downloads\/Pronostico%20Agosto%2007....docx\"> <\/a><\/sup><\/p>\n<p>La Luna asciende a la vista hoy a la medianoche. Est\u00e1 justo a un par de d\u00edas antes de su \u00faltimo cuarto, as\u00ed que la luz solar ilumina un poco m\u00e1s que la mitad del hemisferio lunar que nos da la cara.<!--more--><\/p>\n<p><strong>TIMA Y YUI<\/strong><\/p>\n<p>Mito de los abor\u00edgenes arhuacos de la Sierra nevada de Santa Marta (Colombia).<\/p>\n<p>En tiempos muy antiguos, cuando no exist\u00eda el d\u00eda y todo era oscuridad, solo las estrellas iluminaban la triste existencia de los habitantes del mundo. Era muy dif\u00edcil realizar las tareas diarias, la tierra no era f\u00e9rtil y hac\u00eda mucho fr\u00edo.<\/p>\n<p>Un d\u00eda, una mujer muy pobre tuvo dos hijos que brillaban con un gran resplandor, una ni\u00f1a a la cual llam\u00f3 Tima y un ni\u00f1o al que llam\u00f3 Yui. Era tal el brillo de los peque\u00f1os, que quemaban y enceguec\u00edan a todo el que los miraba. El mayor temor de la madre era que los aldeanos se dieran cuenta de la existencia de los ni\u00f1os y los quisieran capturar, as\u00ed que se refugi\u00f3 en una cueva, en donde los escondi\u00f3. All\u00ed vivi\u00f3 con ellos, apartados de la maldad de la gente.<\/p>\n<p>En una ocasi\u00f3n, antes de dejarlos para buscar alimento les dijo: -No salgan de la cueva, afuera no es seguro-. Pero la peque\u00f1a Tima no obedeci\u00f3 y sali\u00f3 de la cueva justo en el momento en que pasaban unos aldeanos. Ella se asust\u00f3 al verlos y corri\u00f3 hacia adentro, pero era demasiado tarde, ellos ya la hab\u00edan visto.<\/p>\n<p>Los aldeanos volvieron con un grupo m\u00e1s grande de personas para ayudarles a capturar a la ni\u00f1a que brillaba. Seguramente su luz iluminar\u00eda sus vidas y calentar\u00eda los campos haci\u00e9ndolos f\u00e9rtiles. Llegaron con antorchas a la entrada de la cueva.<\/p>\n<p>Asustada, Tima corri\u00f3 hacia afuera intentando escapar, pero los aldeanos lanzaron cenizas sobre sus ojos ceg\u00e1ndola y opacando su brillo. Al ver esto, su hermano Yui se enfureci\u00f3 de tal forma que los quem\u00f3 con su calor y los ceg\u00f3 con su intensa luz. Tom\u00f3 delicadamente a su hermana y se elev\u00f3 con ella al cielo ilumin\u00e1ndolo todo. A Yui se le conoce como el Kaku Bunkakukui, dios sol y creador del primer d\u00eda, y a su madre desconsolada la conocer\u00edan como Atij\u2019uiriva, madre de la luz. Desde entonces Tima y Yui recorren el cielo dando luz al d\u00eda y a la noche, uni\u00e9ndose de vez en cuando para saludar a su madre que los contempla desde la Tierra.<\/p>\n<p><strong>Nota:<\/strong> Esta informaci\u00f3n s\u00f3lo es v\u00e1lida para el Hemisferio Norte.<\/p>\n<p>\u00bfCu\u00e1ntas veces te detienes a observar lo que el cielo cada noche coloca en cartelera?\u2026 Recuerda el axioma que dice \u201cComo es arriba\u2026 es abajo\u201d\u2026 El cielo y las estrellas no son un adorno\u2026 son una realidad.<\/p>\n<p>Observar nos conecta en un 30% con la energ\u00eda del Universo.<br \/>\nImitar lo observado\u00a0 nos conecta en un 70% con la energ\u00eda del Universo\u2026<br \/>\nEmular lo observado nos convierte en la energ\u00eda.<\/p>\n<p><strong>Fuentes:<\/strong> radiouniverso.org, astronomovil.com<br \/>\n<strong>Imagen:<\/strong><strong> <\/strong>www.nasa.gov<\/p>\n","protected":false},"excerpt":{"rendered":"<p>Curiosity ha Amartizado! y Ya se Encuentra en la Superficie de Marte. Actualizado 06.08.12.- Aqu\u00ed esta!! La Primera Fotograf\u00eda de Curiosity desde Marte ! Todo ha salido seg\u00fan lo previsto, el rover toc\u00f3 suelo marciano la madrugada del lunes 6 de Agosto a las 5:31 GMT.\u00a0 La Luna asciende a la vista hoy a la [&hellip;]<\/p>\n","protected":false},"author":3,"featured_media":107149,"comment_status":"open","ping_status":"closed","sticky":false,"template":"","format":"standard","meta":{"footnotes":""},"categories":[16],"tags":[593,496],"class_list":{"0":"post-107076","1":"post","2":"type-post","3":"status-publish","4":"format-standard","5":"has-post-thumbnail","7":"category-observatorio-moonmentum","8":"tag-luna","9":"tag-sol"},"_links":{"self":[{"href":"https:\/\/moonmentum.com\/blog\/wp-json\/wp\/v2\/posts\/107076","targetHints":{"allow":["GET"]}}],"collection":[{"href":"https:\/\/moonmentum.com\/blog\/wp-json\/wp\/v2\/posts"}],"about":[{"href":"https:\/\/moonmentum.com\/blog\/wp-json\/wp\/v2\/types\/post"}],"author":[{"embeddable":true,"href":"https:\/\/moonmentum.com\/blog\/wp-json\/wp\/v2\/users\/3"}],"replies":[{"embeddable":true,"href":"https:\/\/moonmentum.com\/blog\/wp-json\/wp\/v2\/comments?post=107076"}],"version-history":[{"count":0,"href":"https:\/\/moonmentum.com\/blog\/wp-json\/wp\/v2\/posts\/107076\/revisions"}],"wp:featuredmedia":[{"embeddable":true,"href":"https:\/\/moonmentum.com\/blog\/wp-json\/wp\/v2\/media\/107149"}],"wp:attachment":[{"href":"https:\/\/moonmentum.com\/blog\/wp-json\/wp\/v2\/media?parent=107076"}],"wp:term":[{"taxonomy":"category","embeddable":true,"href":"https:\/\/moonmentum.com\/blog\/wp-json\/wp\/v2\/categories?post=107076"},{"taxonomy":"post_tag","embeddable":true,"href":"https:\/\/moonmentum.com\/blog\/wp-json\/wp\/v2\/tags?post=107076"}],"curies":[{"name":"wp","href":"https:\/\/api.w.org\/{rel}","templated":true}]}}