{"id":112911,"date":"2012-09-22T00:08:11","date_gmt":"2012-09-22T04:38:11","guid":{"rendered":"http:\/\/www.moonmentum.com\/blog\/?p=112911"},"modified":"2012-09-22T02:16:38","modified_gmt":"2012-09-22T06:46:38","slug":"dale-luz-a-tu-dia-con-maiz","status":"publish","type":"post","link":"https:\/\/moonmentum.com\/blog\/actualidad\/cocinando-con-los-dioses\/dale-luz-a-tu-dia-con-maiz\/","title":{"rendered":"Dale luz a tu d\u00eda con ma\u00edz."},"content":{"rendered":"<p><a rel=\"attachment wp-att-113456\" href=\"http:\/\/www.moonmentum.com\/blog\/pronostico\/cocinando-con-los-dioses\/dale-luz-a-tu-dia-con-maiz\/attachment\/maiz-cocinando-4\/\"><img loading=\"lazy\" decoding=\"async\" class=\"alignleft size-medium wp-image-113456 lazyload\" style=\"--smush-placeholder-width: 250px; --smush-placeholder-aspect-ratio: 250\/173;float: left; margin: 6px; border: 0px;\" title=\"Maiz - Cocinando\" data-src=\"http:\/\/www.moonmentum.com\/blog\/wp-content\/uploads\/2012\/09\/maiz-cocinando-300x207.jpg\" alt=\"Maiz - Cocinando\" width=\"250\" height=\"173\" src=\"data:image\/gif;base64,R0lGODlhAQABAAAAACH5BAEKAAEALAAAAAABAAEAAAICTAEAOw==\" \/><noscript><img loading=\"lazy\" decoding=\"async\" class=\"alignleft size-medium wp-image-113456\" style=\"float: left; margin: 6px; border: 0px;\" title=\"Maiz - Cocinando\" src=\"http:\/\/www.moonmentum.com\/blog\/wp-content\/uploads\/2012\/09\/maiz-cocinando-300x207.jpg\" alt=\"Maiz - Cocinando\" width=\"250\" height=\"173\" \/><\/noscript><\/a>El Sol hace su entrada triunfal en el signo de Libra, dando paso al equinoccio de primavera en el hemisferio sur y el de oto\u00f1o en el norte, d\u00eda de gran protagonismo en el que a trav\u00e9s de<strong> Cocinando con los dioses <\/strong>vamos a darle luz a nuestro d\u00eda comiendo ma\u00edz\u2026 el ma\u00edz representa la esencia del ser, conecta con la energ\u00eda del Sol y trabaja a nivel emocional la identidad, la autoestima y la autovaloraci\u00f3n.<\/p>\n<p>El equinoccio se refiere a un evento astron\u00f3mico que pasa dos veces al a\u00f1o, el primero alrededor del 21 de marzo y el segundo alrededor del 21 de septiembre. <!--more-->El t\u00e9rmino equinoccio proviene de su caracter\u00edstica principal: son las dos fechas cuando el d\u00eda y la noche tienen la misma duraci\u00f3n.<br \/>\nCortes\u00eda de -vidaverde.com-.<\/p>\n<p>Energ\u00e9ticamente un equinoccio representa el equilibrio, energ\u00eda que te invito a atrapar a trav\u00e9s del ma\u00edz, lo ideal es que degustes una Mazorca horneada y la muerdas, al hacerlo coloca su mezcla en el velo del paladar y sintoniza con el Universo. No olvides como en cada festival solar tomar infusiones de las barbas del ma\u00edz.<\/p>\n<p>Los relatos m\u00edticos otorgan al ma\u00edz el papel de protagonista, le concibe dones y lo convierte en dioses, d\u00e1ndole as\u00ed el valor de una planta sagrada.<\/p>\n<p>Son los dioses los que al ir ensayando sus m\u00faltiples creaciones lograron encontrar al fin la soluci\u00f3n que los llev\u00f3 a la creaci\u00f3n de una humanidad perfecta y un alimento perfecto. El mito de la creaci\u00f3n del hombre por los dioses est\u00e1 se\u00f1alado en los relatos mayas de las tierras altas de Guatemala, registrados en el Popol Vuh.<\/p>\n<p>El mito se\u00f1ala que el ma\u00edz fue dado por los dioses para el consumo del hombre, pero es \u00e9ste quien tiene que cuidarlo. El ma\u00edz surge de la tierra, el hombre tiene que cultivar, atender, alimentar al mismo ma\u00edz para que se engrandezca y le aporte sus beneficios.<\/p>\n<p><span style=\"color: #888888;\"><strong>Torta de Ma\u00edz<\/strong><\/span><\/p>\n<p><span style=\"color: #888888;\"><strong><a rel=\"attachment wp-att-113457\" href=\"http:\/\/www.moonmentum.com\/blog\/pronostico\/cocinando-con-los-dioses\/dale-luz-a-tu-dia-con-maiz\/attachment\/torta-de-maiz-cocinando\/\"><img loading=\"lazy\" decoding=\"async\" class=\"alignleft size-medium wp-image-113457 lazyload\" style=\"--smush-placeholder-width: 250px; --smush-placeholder-aspect-ratio: 250\/211;float: right; margin: 6px; border: 0px;\" title=\"Torta de maiz - cocinando\" data-src=\"http:\/\/www.moonmentum.com\/blog\/wp-content\/uploads\/2012\/09\/torta-de-maiz-cocinando-300x253.jpg\" alt=\"Torta de maiz - cocinando\" width=\"250\" height=\"211\" src=\"data:image\/gif;base64,R0lGODlhAQABAAAAACH5BAEKAAEALAAAAAABAAEAAAICTAEAOw==\" \/><noscript><img loading=\"lazy\" decoding=\"async\" class=\"alignleft size-medium wp-image-113457\" style=\"float: right; margin: 6px; border: 0px;\" title=\"Torta de maiz - cocinando\" src=\"http:\/\/www.moonmentum.com\/blog\/wp-content\/uploads\/2012\/09\/torta-de-maiz-cocinando-300x253.jpg\" alt=\"Torta de maiz - cocinando\" width=\"250\" height=\"211\" \/><\/noscript><\/a>Ingredientes:<\/strong> <\/span><br \/>\n<span style=\"color: #888888;\"> (para 6 porciones aprox.)<\/span><br \/>\n<span style=\"color: #888888;\"> Los granos de 5 o 6 mazorcas de ma\u00edz (aprox. 3 tazas)<\/span><br \/>\n<span style=\"color: #888888;\"> 1\/2 taza de leche<\/span><br \/>\n<span style=\"color: #888888;\"> 35 gramos de mantequilla a temperatura ambiente<\/span><br \/>\n<span style=\"color: #888888;\"> 1\/2\u00a0taza de az\u00facar morena<\/span><br \/>\n<span style=\"color: #888888;\"> 2 huevos<\/span><br \/>\n<span style=\"color: #888888;\"> 1\/2 cucharadita de polvo de hornear<\/span><br \/>\n<span style=\"color: #888888;\"> 100 gramos de queso blanco rallado<\/span><\/p>\n<p><span style=\"color: #888888;\"><strong>Preparaci\u00f3n: <\/strong>Se licuan los granos de ma\u00edz con la leche en la licuadora.\u00a0 Se bate la mantequilla y el az\u00facar hasta que este cremosa. \u00a0A la mezcla de mantequilla se incorporan uno a uno\u00a0los huevos y el polvo de hornear. Se mezcla bien.\u00a0 Se incorpora\u00a0el ma\u00edz licuado\u00a0y se mezcla con una\u00a0cuchara de madera o pl\u00e1stico, luego se a\u00f1ade el queso blanco, se mezcla todo bien.<\/span><\/p>\n<p><span style=\"color: #888888;\">Se coloca la mezcla en un molde preparado mantequilla y harina, o preparado con papel encerado. Se hornea\u00a0 a 175 grados C durante\u00a070 minutos\u00a0aprox. o hasta que este doradita y al pincharla con un palito de madera, este salga seco.<\/span><strong> <\/strong><\/p>\n<p><sup><span style=\"color: #888888;\">Im\u00e1genes: twitradio.me<\/span><br \/>\n<span style=\"color: #888888;\"> Receta e imagen: misrecetasfavoritas2.blogspot.com<\/span><br \/>\n<span style=\"color: #888888;\"> Fuentes consultadas: holamujeres.com<\/span><\/sup><\/p>\n<p><strong> <\/strong><\/p>\n<p>Aprovecha hoy y ma\u00f1ana para \u201cMacerar\u201d frutos secos.<\/p>\n<p>La\u00a0maceraci\u00f3n es un proceso de extracci\u00f3n s\u00f3lido-l\u00edquido. El producto s\u00f3lido (materia prima) posee una serie de compuestos solubles en el l\u00edquido extractante que son los que se pretende extraer.<br \/>\nWikipedia.org<\/p>\n<p>Antiguamente se usaban muchas formas de maceraci\u00f3n algunos osaban a colocar el producto en la ventana de sus hogares para que se apropiara de la fuerza lunar. Otros abr\u00edan un hoyo en la tierra para que el macerado tomara la fuerza, el calor y la oscuridad de la tierra.<\/p>\n<p>En cualquiera de los escenarios, la creatividad ser\u00e1 clave en \u00e9ste proceso.<\/p>\n<p><sup><span style=\"color: #888888;\">Fuente consultada: wikipedia.org<\/span><br \/>\n<span style=\"color: #888888;\"> Foto: directodelcampo.com<\/span><\/sup><\/p>\n","protected":false},"excerpt":{"rendered":"<p>El Sol hace su entrada triunfal en el signo de Libra, dando paso al equinoccio de primavera en el hemisferio sur y el de oto\u00f1o en el norte, d\u00eda de gran protagonismo en el que a trav\u00e9s de Cocinando con los dioses vamos a darle luz a nuestro d\u00eda comiendo ma\u00edz\u2026 el ma\u00edz representa la [&hellip;]<\/p>\n","protected":false},"author":3,"featured_media":113456,"comment_status":"open","ping_status":"closed","sticky":false,"template":"","format":"standard","meta":{"footnotes":""},"categories":[18],"tags":[17189,3542,227,1033,14192],"class_list":{"0":"post-112911","1":"post","2":"type-post","3":"status-publish","4":"format-standard","5":"has-post-thumbnail","7":"category-cocinando-con-los-dioses","8":"tag-cocinando-con-los-dioses","9":"tag-el-sol","10":"tag-equinoccio","11":"tag-maiz","12":"tag-torta-de-maiz"},"_links":{"self":[{"href":"https:\/\/moonmentum.com\/blog\/wp-json\/wp\/v2\/posts\/112911","targetHints":{"allow":["GET"]}}],"collection":[{"href":"https:\/\/moonmentum.com\/blog\/wp-json\/wp\/v2\/posts"}],"about":[{"href":"https:\/\/moonmentum.com\/blog\/wp-json\/wp\/v2\/types\/post"}],"author":[{"embeddable":true,"href":"https:\/\/moonmentum.com\/blog\/wp-json\/wp\/v2\/users\/3"}],"replies":[{"embeddable":true,"href":"https:\/\/moonmentum.com\/blog\/wp-json\/wp\/v2\/comments?post=112911"}],"version-history":[{"count":0,"href":"https:\/\/moonmentum.com\/blog\/wp-json\/wp\/v2\/posts\/112911\/revisions"}],"wp:featuredmedia":[{"embeddable":true,"href":"https:\/\/moonmentum.com\/blog\/wp-json\/wp\/v2\/media\/113456"}],"wp:attachment":[{"href":"https:\/\/moonmentum.com\/blog\/wp-json\/wp\/v2\/media?parent=112911"}],"wp:term":[{"taxonomy":"category","embeddable":true,"href":"https:\/\/moonmentum.com\/blog\/wp-json\/wp\/v2\/categories?post=112911"},{"taxonomy":"post_tag","embeddable":true,"href":"https:\/\/moonmentum.com\/blog\/wp-json\/wp\/v2\/tags?post=112911"}],"curies":[{"name":"wp","href":"https:\/\/api.w.org\/{rel}","templated":true}]}}