{"id":117098,"date":"2012-10-24T00:06:24","date_gmt":"2012-10-24T04:36:24","guid":{"rendered":"http:\/\/www.moonmentum.com\/blog\/?p=117098"},"modified":"2013-07-10T10:01:53","modified_gmt":"2013-07-10T14:31:53","slug":"procer-de-la-independencia-de-venezuela","status":"publish","type":"post","link":"https:\/\/moonmentum.com\/blog\/efemerides\/semilla-de-la-semana\/procer-de-la-independencia-de-venezuela\/","title":{"rendered":"Pr\u00f3cer de la Independencia de Venezuela"},"content":{"rendered":"<p><em><a href=\"http:\/\/www.moonmentum.com\/blog\/efemerides\/semilla-del-dia\/procer-de-la-independencia-de-venezuela\/attachment\/semilla-27\/\" rel=\"attachment wp-att-117643\"><img loading=\"lazy\" decoding=\"async\" class=\"alignleft size-medium wp-image-117643 lazyload\" style=\"--smush-placeholder-width: 250px; --smush-placeholder-aspect-ratio: 250\/155;float: left; margin: 6px; border: 0px;\" title=\"semilla\" alt=\"semilla\" data-src=\"http:\/\/www.moonmentum.com\/blog\/wp-content\/uploads\/2012\/10\/semilla4-300x186.jpg\" width=\"250\" height=\"155\" src=\"data:image\/gif;base64,R0lGODlhAQABAAAAACH5BAEKAAEALAAAAAABAAEAAAICTAEAOw==\" \/><noscript><img loading=\"lazy\" decoding=\"async\" class=\"alignleft size-medium wp-image-117643\" style=\"float: left; margin: 6px; border: 0px;\" title=\"semilla\" alt=\"semilla\" src=\"http:\/\/www.moonmentum.com\/blog\/wp-content\/uploads\/2012\/10\/semilla4-300x186.jpg\" width=\"250\" height=\"155\" \/><\/noscript><\/a>Cada d\u00eda hay en el Universo una estela dejada por la acci\u00f3n de otros seres humanos que al igual que nosotros buscaban la excelencia. Hoy esa\u00a0 estela o\u00a0 \u201c<\/em><a href=\"http:\/\/www.moonmentum.com\/category\/sextante\/category\/sextante\/en-un-dia-como-hoy\/\" target=\"_blank\"><em>semilla del d\u00eda<\/em><\/a><em>\u201d fue sembrada por\u2026<\/em><\/p>\n<p><strong>Rafael Urdaneta<\/strong>, uno de los militares m\u00e1s brillantes con los que cont\u00f3 Bol\u00edvar, quien lo calific\u00f3 como un genio y como el m\u00e1s sereno de sus generales. Lucho en 26 batallas, 9 sitios y 2 asaltos a fortalezas. Obtuvo la Orden de los Libertadores.<!--more--><\/p>\n<p>Estudi\u00f3 en Maracaibo lat\u00edn y filosof\u00eda. A los 12 a\u00f1os es enviado a Bogot\u00e1 con un t\u00edo, quien le da trabajo. En 1810, cuando Bogot\u00e1 declara la independencia, se alista en el ej\u00e9rcito como teniente, donde va ascendiendo hasta llegar a Teniente Coronel, en 1812. Posteriormente se une a Bol\u00edvar y tiene un significativo rol en la Campa\u00f1a Admirable.<strong> <\/strong><\/p>\n<p>Fue probablemente el que m\u00e1s recorri\u00f3 todo el territorio nacional luchando por la rep\u00fablica. Despu\u00e9s de numerosas acciones militares, entre las cuales destacan la retirada hacia la frontera en 1814, la toma de su ciudad natal, Maracaibo, en 1821 y la marcha hacia San Carlos, previa a la batalla de Carabobo, en la cual no pudo participar por \u00f3rdenes de Bol\u00edvar, dado el grado de agotamiento de sus tropas. Sin embargo, por los servicios prestados, Bol\u00edvar pidi\u00f3 su ascenso a General en Jefe.<\/p>\n<p>Posteriormente quiso acompa\u00f1ar a Sim\u00f3n Bol\u00edvar en la Campa\u00f1a del Sur, por esto no fue aceptado, ya que estimaron que su presencia era m\u00e1s importante en Colombia. Fue nombrado Intendente del Zulia.<\/p>\n<p>Fue uno de los m\u00e1s leales a Bol\u00edvar. En 1828, desde la secretar\u00eda de Guerra, le toc\u00f3 juzgar a los asesinos de septiembre, que atentaron contra Bol\u00edvar.<\/p>\n<p>Convencido de la culpabilidad de Santander, lo conden\u00f3 por no haber impedido la \u00abconspiraci\u00f3n contra el jefe supremo de la naci\u00f3n\u00bb. En 1839, trat\u00f3 de salvar la obra bolivariana y la unidad de la Gran Colombia y se encarg\u00f3 de la presidencia, siendo el \u00faltimo presidente de la Gran Colombia.<\/p>\n<p>Posteriormente fue nombrado por el presidente Soublette como enviado extraordinario de Venezuela ante el gobierno Espa\u00f1ol para lograr el reconocimiento diplom\u00e1tico de este pa\u00eds. Sin embargo, en su camino hacia Madrid, muere en Par\u00eds.\u00a0<em> <\/em><\/p>\n","protected":false},"excerpt":{"rendered":"<p>Cada d\u00eda hay en el Universo una estela dejada por la acci\u00f3n de otros seres humanos que al igual que nosotros buscaban la excelencia. Hoy esa\u00a0 estela o\u00a0 \u201csemilla del d\u00eda\u201d fue sembrada por\u2026 Rafael Urdaneta, uno de los militares m\u00e1s brillantes con los que cont\u00f3 Bol\u00edvar, quien lo calific\u00f3 como un genio y como [&hellip;]<\/p>\n","protected":false},"author":3,"featured_media":117642,"comment_status":"open","ping_status":"closed","sticky":false,"template":"","format":"standard","meta":{"footnotes":""},"categories":[12],"tags":[677],"class_list":{"0":"post-117098","1":"post","2":"type-post","3":"status-publish","4":"format-standard","5":"has-post-thumbnail","7":"category-semilla-de-la-semana","8":"tag-rafael-urdaneta"},"_links":{"self":[{"href":"https:\/\/moonmentum.com\/blog\/wp-json\/wp\/v2\/posts\/117098","targetHints":{"allow":["GET"]}}],"collection":[{"href":"https:\/\/moonmentum.com\/blog\/wp-json\/wp\/v2\/posts"}],"about":[{"href":"https:\/\/moonmentum.com\/blog\/wp-json\/wp\/v2\/types\/post"}],"author":[{"embeddable":true,"href":"https:\/\/moonmentum.com\/blog\/wp-json\/wp\/v2\/users\/3"}],"replies":[{"embeddable":true,"href":"https:\/\/moonmentum.com\/blog\/wp-json\/wp\/v2\/comments?post=117098"}],"version-history":[{"count":0,"href":"https:\/\/moonmentum.com\/blog\/wp-json\/wp\/v2\/posts\/117098\/revisions"}],"wp:featuredmedia":[{"embeddable":true,"href":"https:\/\/moonmentum.com\/blog\/wp-json\/wp\/v2\/media\/117642"}],"wp:attachment":[{"href":"https:\/\/moonmentum.com\/blog\/wp-json\/wp\/v2\/media?parent=117098"}],"wp:term":[{"taxonomy":"category","embeddable":true,"href":"https:\/\/moonmentum.com\/blog\/wp-json\/wp\/v2\/categories?post=117098"},{"taxonomy":"post_tag","embeddable":true,"href":"https:\/\/moonmentum.com\/blog\/wp-json\/wp\/v2\/tags?post=117098"}],"curies":[{"name":"wp","href":"https:\/\/api.w.org\/{rel}","templated":true}]}}