{"id":120996,"date":"2012-11-20T00:05:23","date_gmt":"2012-11-20T04:35:23","guid":{"rendered":"http:\/\/www.moonmentum.com\/blog\/?p=120996"},"modified":"2013-06-06T11:14:29","modified_gmt":"2013-06-06T15:44:29","slug":"la-luna-y-el-lobo","status":"publish","type":"post","link":"https:\/\/moonmentum.com\/blog\/actualidad\/observatorio-moonmentum\/la-luna-y-el-lobo\/","title":{"rendered":"La Luna y el Lobo"},"content":{"rendered":"<p><a href=\"http:\/\/www.moonmentum.com\/blog\/wp-content\/uploads\/2012\/11\/observatorio-111.jpg\"><img loading=\"lazy\" decoding=\"async\" class=\"alignnone size-full wp-image-121384 lazyload\" style=\"--smush-placeholder-width: 250px; --smush-placeholder-aspect-ratio: 250\/181;float: left; margin: 6px; border: 0px;\" title=\"observatorio 1.1\" alt=\"observatorio 1.1\" data-src=\"http:\/\/www.moonmentum.com\/blog\/wp-content\/uploads\/2012\/11\/observatorio-111.jpg\" width=\"250\" height=\"181\" data-srcset=\"https:\/\/moonmentum.com\/blog\/wp-content\/uploads\/2012\/11\/observatorio-111.jpg 441w, https:\/\/moonmentum.com\/blog\/wp-content\/uploads\/2012\/11\/observatorio-111-324x235.jpg 324w\" data-sizes=\"auto, (max-width: 250px) 100vw, 250px\" src=\"data:image\/gif;base64,R0lGODlhAQABAAAAACH5BAEKAAEALAAAAAABAAEAAAICTAEAOw==\" \/><noscript><img loading=\"lazy\" decoding=\"async\" class=\"alignnone size-full wp-image-121384\" style=\"float: left; margin: 6px; border: 0px;\" title=\"observatorio 1.1\" alt=\"observatorio 1.1\" src=\"http:\/\/www.moonmentum.com\/blog\/wp-content\/uploads\/2012\/11\/observatorio-111.jpg\" width=\"250\" height=\"181\" srcset=\"https:\/\/moonmentum.com\/blog\/wp-content\/uploads\/2012\/11\/observatorio-111.jpg 441w, https:\/\/moonmentum.com\/blog\/wp-content\/uploads\/2012\/11\/observatorio-111-324x235.jpg 324w\" sizes=\"auto, (max-width: 250px) 100vw, 250px\" \/><\/noscript><\/a>La Luna est\u00e1 en su primer cuarto a las 8:31 a.m., Hora Oficial Central (CST). La luz solar ilumina exactamente la mitad del hemisferio lunar que da cara a la Tierra, as\u00ed que se ve como si alguien hubiera rebanado al disco lunar por la mitad.<!--more--><\/p>\n<p>La Luna, adem\u00e1s de ser nuestro sat\u00e9lite, siempre ha sido un foco en la noche, y todas las culturas que han habitado la tierra, siempre le han dado la categor\u00eda de deidad, culp\u00e1ndola o ador\u00e1ndola por su influencia sobre el ser humano, la propia tierra, o las criaturas que habitan en ella.<\/p>\n<p>Sus ciclos, duran 28 d\u00edas, al igual que el periodo menstrual de las mujeres, lo que hizo que esta tuviese una gran adoraci\u00f3n en los cultos a la fertilidad en la antig\u00fcedad. En casi todas las culturas se le ha dado un car\u00e1cter femenino, y en otras tantas un cierto componente oscuro o antagonista al sol. Por sus efectos sobre los animales, tambi\u00e9n se le atribuye el poder del cambio dentro de las bestias antropomorfas, como el hombre lobo, y a la vez, siempre se le adjudic\u00f3 un car\u00e1cter esot\u00e9rico.<\/p>\n<p><a href=\"http:\/\/www.moonmentum.com\/blog\/wp-content\/uploads\/2012\/11\/observatorio-223.jpg\"><img loading=\"lazy\" decoding=\"async\" class=\"alignnone size-full wp-image-121386 lazyload\" style=\"--smush-placeholder-width: 200px; --smush-placeholder-aspect-ratio: 200\/166;float: right; margin: 6px; border: 0px;\" title=\"observatorio 2.2\" alt=\"observatorio 2.2\" data-src=\"http:\/\/www.moonmentum.com\/blog\/wp-content\/uploads\/2012\/11\/observatorio-223.jpg\" width=\"200\" height=\"166\" src=\"data:image\/gif;base64,R0lGODlhAQABAAAAACH5BAEKAAEALAAAAAABAAEAAAICTAEAOw==\" \/><noscript><img loading=\"lazy\" decoding=\"async\" class=\"alignnone size-full wp-image-121386\" style=\"float: right; margin: 6px; border: 0px;\" title=\"observatorio 2.2\" alt=\"observatorio 2.2\" src=\"http:\/\/www.moonmentum.com\/blog\/wp-content\/uploads\/2012\/11\/observatorio-223.jpg\" width=\"200\" height=\"166\" \/><\/noscript><\/a>Todas estas caracter\u00edsticas, siempre han hecho ser el epicentro de muchas leyendas, pero\u2026 \u00bfRealmente son verdad los mitos que la rodean?<\/p>\n<p>\u00bfPorqu\u00e9 los lobos a\u00fallan a la Luna?<\/p>\n<p>Cuenta la leyenda, que una noche ancestral, la Luna baj\u00f3 a la tierra y se qued\u00f3 enredada entre las ramas de un \u00e1rbol. En ese momento apareci\u00f3 un lobo y la empez\u00f3 a acariciar con su hocico y jugaron toda la noche, hasta que ella volvi\u00f3 al cielo y el lobo al bosque, y esta, le rob\u00f3 la sombra al c\u00e1nido para recordarle para siempre y \u00e9l desde entonces, le a\u00falla en las noches de luna llena para pedirle que se la devuelva\u2026 Partimos de la base de que el aullido del lobo, al igual que el de muchos c\u00e1nidos, es una forma de comunicaci\u00f3n m\u00e1s, utilizada para alertarse unos a otros, en la \u00e9poca del celo, para marcar territorios y \u00a0arropar a sus cr\u00edas\u2026<\/p>\n<p><span style=\"color: #888888;\"><em>\u00bf<\/em><em>Cu\u00e1ntas veces te detienes a observar lo que el cielo cada noche coloca en cartelera?\u2026 Recuerda el axioma que dice \u201cComo es arriba\u2026 Es abajo\u201d\u2026 El cielo y las estrellas no son un adorno\u2026 Son una realidad.<\/em><em> <\/em><\/span><\/p>\n<p><span style=\"color: #888888;\"><em>Observar<\/em><em> nos conecta en un 30% con la energ\u00eda del Universo.<br \/>\nImitar lo observado\u00a0 nos conecta en un 70% con la energ\u00eda del Universo\u2026<br \/>\nEmular lo observado nos convierte en la energ\u00eda.<\/em><\/span><\/p>\n<p><sup><span style=\"color: #888888;\"><strong>Fuentes:<\/strong> radiouniverso.org, nationalgeographic.es<\/span><\/sup><br \/>\n<sup> <span style=\"color: #888888;\"><strong>Imagen:<\/strong><strong> <\/strong>nationalgeographic.es, lobowendigo.blogspot.com<\/span><\/sup><\/p>\n","protected":false},"excerpt":{"rendered":"<p>La Luna est\u00e1 en su primer cuarto a las 8:31 a.m., Hora Oficial Central (CST). La luz solar ilumina exactamente la mitad del hemisferio lunar que da cara a la Tierra, as\u00ed que se ve como si alguien hubiera rebanado al disco lunar por la mitad.<\/p>\n","protected":false},"author":3,"featured_media":121384,"comment_status":"open","ping_status":"closed","sticky":false,"template":"","format":"standard","meta":{"footnotes":""},"categories":[16],"tags":[14605,14604,349],"class_list":{"0":"post-120996","1":"post","2":"type-post","3":"status-publish","4":"format-standard","5":"has-post-thumbnail","7":"category-observatorio-moonmentum","8":"tag-porque-los-lobos-aullan-a-la-luna","9":"tag-la-luna-y-el-lobo","10":"tag-luna-llena"},"_links":{"self":[{"href":"https:\/\/moonmentum.com\/blog\/wp-json\/wp\/v2\/posts\/120996","targetHints":{"allow":["GET"]}}],"collection":[{"href":"https:\/\/moonmentum.com\/blog\/wp-json\/wp\/v2\/posts"}],"about":[{"href":"https:\/\/moonmentum.com\/blog\/wp-json\/wp\/v2\/types\/post"}],"author":[{"embeddable":true,"href":"https:\/\/moonmentum.com\/blog\/wp-json\/wp\/v2\/users\/3"}],"replies":[{"embeddable":true,"href":"https:\/\/moonmentum.com\/blog\/wp-json\/wp\/v2\/comments?post=120996"}],"version-history":[{"count":0,"href":"https:\/\/moonmentum.com\/blog\/wp-json\/wp\/v2\/posts\/120996\/revisions"}],"wp:featuredmedia":[{"embeddable":true,"href":"https:\/\/moonmentum.com\/blog\/wp-json\/wp\/v2\/media\/121384"}],"wp:attachment":[{"href":"https:\/\/moonmentum.com\/blog\/wp-json\/wp\/v2\/media?parent=120996"}],"wp:term":[{"taxonomy":"category","embeddable":true,"href":"https:\/\/moonmentum.com\/blog\/wp-json\/wp\/v2\/categories?post=120996"},{"taxonomy":"post_tag","embeddable":true,"href":"https:\/\/moonmentum.com\/blog\/wp-json\/wp\/v2\/tags?post=120996"}],"curies":[{"name":"wp","href":"https:\/\/api.w.org\/{rel}","templated":true}]}}