{"id":126886,"date":"2012-12-28T06:00:02","date_gmt":"2012-12-28T10:30:02","guid":{"rendered":"http:\/\/www.moonmentum.com\/blog\/?p=126886"},"modified":"2013-01-24T09:05:50","modified_gmt":"2013-01-24T13:35:50","slug":"en-el-moonmentum-del-ultimo-plenilunio-o-es-el-primero","status":"publish","type":"post","link":"https:\/\/moonmentum.com\/blog\/actualidad\/especial-del-dia\/en-el-moonmentum-del-ultimo-plenilunio-o-es-el-primero\/","title":{"rendered":"En el Moonmentum del \u00faltimo plenilunio \u00bfo es el primero?"},"content":{"rendered":"<p><a href=\"http:\/\/www.moonmentum.com\/blog\/wp-content\/uploads\/2012\/12\/moonlight-toast-jane-speight.jpg\"><img loading=\"lazy\" decoding=\"async\" class=\"alignnone size-medium wp-image-130504 lazyload\" style=\"--smush-placeholder-width: 250px; --smush-placeholder-aspect-ratio: 250\/193;float: right; margin: 6px; border: 0px;\" title=\"moonlight-toast-jane-speight.\" data-src=\"http:\/\/www.moonmentum.com\/blog\/wp-content\/uploads\/2012\/12\/moonlight-toast-jane-speight.-300x231.jpg\" alt=\"moonlight-toast-jane-speight.\" width=\"250\" height=\"193\" src=\"data:image\/gif;base64,R0lGODlhAQABAAAAACH5BAEKAAEALAAAAAABAAEAAAICTAEAOw==\" \/><noscript><img loading=\"lazy\" decoding=\"async\" class=\"alignnone size-medium wp-image-130504\" style=\"float: right; margin: 6px; border: 0px;\" title=\"moonlight-toast-jane-speight.\" src=\"http:\/\/www.moonmentum.com\/blog\/wp-content\/uploads\/2012\/12\/moonlight-toast-jane-speight.-300x231.jpg\" alt=\"moonlight-toast-jane-speight.\" width=\"250\" height=\"193\" \/><\/noscript><\/a>Las noches del invierno en el hemisferio norte eran en una \u00e9poca llamadas \u201cLunas de las Largas Noches\u201d porque la Luna, hacia estos d\u00edas se mostraba sobre el horizonte durante mucho tiempo.<\/p>\n<p>Seg\u00fan la Wikipedia la palabra luna \u00abdesigna al nombre del sat\u00e9lite de la Tierra, viene de una forma antigua del lat\u00edn lux, lucis (luz) lucere (brillar, lucir) y \u00e9sta del griego leukos (blanco brillante). La palabra luna por lo tanto quiere decir, luminosa, la que ilumina\u00bb.<\/p>\n<p>Es frecuente que ocurra solo una Luna Llena por mes, pero debido a la diferencia entre nuestro Calendario Gregoriano y el ciclo natural de la Luna este mes hubo una luna llena anterior, esta sucedi\u00f3 el pasado 1 de Diciembre. \u00a0Hoy, el sat\u00e9lite estuvo en Cuarto Creciente hasta las 05:23 am EST y luego paso a Luna Llena. <!--more--><\/p>\n<p>\u00bfLa Ultima Luna Llena por este a\u00f1o? \u00a0\u00bfo es la Primera Luna Llena de la Nueva Era?\u00a0 Despu\u00e9s de tantos anuncios sobre el fin del mundo estos d\u00edas, dejemos que la luna nos ilumine, haciendo estos d\u00edas una\u00a0\u00e9poca\u00a0para celebrar, para agradecer por lo que tenemos, la vida, la salud, la familia y los que se acercaron a ella para engrosarla con su cari\u00f1o.<\/p>\n<p>Tomemos estos d\u00edas para vivir del producto de lo sembrado y colectado, para disfrutar. No es momento de hacer las cosas por tradici\u00f3n, es el momento de hacer las cosas por experiencia, por vivencia, por vida. Son d\u00edas para perdonarnos lo pasado y vivir el presente.<\/p>\n<p>Es un momento para agradecer al universo que nos ilumina con su luz un d\u00eda m\u00e1s, a la tierra porque nos brinda una nueva cosecha y a la mano que se tiende por su ayuda y calor.<\/p>\n<p>Celebremos estos d\u00edas junto a quien queremos, disfrutemos a su lado. Las largas noches de invierno en los lugares fr\u00edos manten\u00edan a las familias cerca, mucho tiempo juntos, buscando el calor, o el compartir.<\/p>\n<p>Por ello en este nuevo comienzo, nueva luna llena, nuevo a\u00f1o y nueva era queremos agradecer, agradecerte y celebrar todos los momentos que pasamos juntos, en nuestro mundo virtual.<\/p>\n<p>Gracias, Salud y Feliz a\u00f1o 2013.<\/p>\n","protected":false},"excerpt":{"rendered":"<p>Despu\u00e9s de tantos anuncios sobre el fin del mundo estos d\u00edas, dejemos que la luna nos ilumine, haciendo estos d\u00edas una \u00e9poca para celebrar.<br \/>\n<a href=\"http:\/\/www.moonmentum.com\/blog\/?p=126886\">Ver m\u00e1s&#8230;<\/a><\/p>\n","protected":false},"author":6,"featured_media":126887,"comment_status":"open","ping_status":"closed","sticky":false,"template":"","format":"standard","meta":{"footnotes":""},"categories":[21,8198],"tags":[14912,14913,28,349,10101],"class_list":{"0":"post-126886","1":"post","2":"type-post","3":"status-publish","4":"format-standard","5":"has-post-thumbnail","7":"category-especial-del-dia","8":"category-multimedia","9":"tag-ultimo","10":"tag-ultima","11":"tag-28","12":"tag-luna-llena","13":"tag-plenilunio"},"_links":{"self":[{"href":"https:\/\/moonmentum.com\/blog\/wp-json\/wp\/v2\/posts\/126886","targetHints":{"allow":["GET"]}}],"collection":[{"href":"https:\/\/moonmentum.com\/blog\/wp-json\/wp\/v2\/posts"}],"about":[{"href":"https:\/\/moonmentum.com\/blog\/wp-json\/wp\/v2\/types\/post"}],"author":[{"embeddable":true,"href":"https:\/\/moonmentum.com\/blog\/wp-json\/wp\/v2\/users\/6"}],"replies":[{"embeddable":true,"href":"https:\/\/moonmentum.com\/blog\/wp-json\/wp\/v2\/comments?post=126886"}],"version-history":[{"count":0,"href":"https:\/\/moonmentum.com\/blog\/wp-json\/wp\/v2\/posts\/126886\/revisions"}],"wp:featuredmedia":[{"embeddable":true,"href":"https:\/\/moonmentum.com\/blog\/wp-json\/wp\/v2\/media\/126887"}],"wp:attachment":[{"href":"https:\/\/moonmentum.com\/blog\/wp-json\/wp\/v2\/media?parent=126886"}],"wp:term":[{"taxonomy":"category","embeddable":true,"href":"https:\/\/moonmentum.com\/blog\/wp-json\/wp\/v2\/categories?post=126886"},{"taxonomy":"post_tag","embeddable":true,"href":"https:\/\/moonmentum.com\/blog\/wp-json\/wp\/v2\/tags?post=126886"}],"curies":[{"name":"wp","href":"https:\/\/api.w.org\/{rel}","templated":true}]}}