{"id":128124,"date":"2013-01-12T00:06:13","date_gmt":"2013-01-12T04:36:13","guid":{"rendered":"http:\/\/www.moonmentum.com\/blog\/?p=128124"},"modified":"2013-04-11T14:35:16","modified_gmt":"2013-04-11T19:05:16","slug":"jan-baptista-van-helmont-el-padre-de-la-bioquimica","status":"publish","type":"post","link":"https:\/\/moonmentum.com\/blog\/efemerides\/semilla-de-la-semana\/jan-baptista-van-helmont-el-padre-de-la-bioquimica\/","title":{"rendered":"Jan Baptista Van Helmont el padre de la bioqu\u00edmica"},"content":{"rendered":"<p><em><a rel=\"attachment wp-att-128654\" href=\"http:\/\/www.moonmentum.com\/blog\/efemerides\/semilla-del-dia\/jan-baptista-van-helmont-el-padre-de-la-bioquimica\/attachment\/semilla1-24\/\"><img loading=\"lazy\" decoding=\"async\" class=\"alignleft size-medium wp-image-128654 lazyload\" style=\"--smush-placeholder-width: 250px; --smush-placeholder-aspect-ratio: 250\/232;float: left; margin: 6px; border: 0px none;\" title=\"semilla1\" data-src=\"http:\/\/www.moonmentum.com\/blog\/wp-content\/uploads\/2013\/01\/1d1753b4e0249a0682ccf3d5807fbbee-300x278.jpg\" alt=\"semilla1\" width=\"250\" height=\"232\" src=\"data:image\/gif;base64,R0lGODlhAQABAAAAACH5BAEKAAEALAAAAAABAAEAAAICTAEAOw==\" \/><noscript><img loading=\"lazy\" decoding=\"async\" class=\"alignleft size-medium wp-image-128654\" style=\"float: left; margin: 6px; border: 0px none;\" title=\"semilla1\" src=\"http:\/\/www.moonmentum.com\/blog\/wp-content\/uploads\/2013\/01\/1d1753b4e0249a0682ccf3d5807fbbee-300x278.jpg\" alt=\"semilla1\" width=\"250\" height=\"232\" \/><\/noscript><\/a>\u00abLas fuerzas m\u00e1s poderosas del hombre son sus fuerzas invisibles, entre ellas sus pensamientos y sus sentimientos\u00bb. <\/em><strong>Jan Baptista van Helmont<\/strong><\/p>\n<p><span style=\"color: #888888;\"><em>Cada d\u00eda hay en el Universo una estela dejada por la acci\u00f3n de otros seres humanos que al igual que nosotros buscaban la excelencia. Hoy esa\u00a0 estela o\u00a0 \u201c<\/em><\/span><a href=\"..\/..\/category\/sextante\/category\/sextante\/en-un-dia-como-hoy\/\" target=\"_blank\"><em>semilla del d\u00eda<\/em><\/a><span style=\"color: #888888;\"><em>\u201d fue sembrada por\u2026<\/em><\/span><em><\/em><\/p>\n<p><strong>Jan Baptista van Helmont<\/strong>. Qu\u00edmico, f\u00edsico, alquimista, m\u00e9dico, y fisi\u00f3logo flamenco.<\/p>\n<p>Se le conoce como el \u00abpadre de la bioqu\u00edmica\u00bb.<!--more--><\/p>\n<p>Famoso por sus experimentos sobre el crecimiento de las plantas, que reconocieron la existencia de gases discretos. Identific\u00f3 los compuestos qu\u00edmicos que hoy llamamos di\u00f3xido de carbono y \u00f3xido de nitr\u00f3geno; fue el primer cient\u00edfico que diferenci\u00f3 entre los conceptos de gas y aire.<\/p>\n<p>Fue pionero en la experimentaci\u00f3n y en una forma primitiva de bioqu\u00edmica, llamada iatroqu\u00edmica. Fue tambi\u00e9n el primero en aplicar principios qu\u00edmicos en sus investigaciones sobre la digesti\u00f3n y la nutrici\u00f3n para el estudio de problemas fisiol\u00f3gicos.<\/p>\n<p>Aunque con inclinaciones m\u00edsticas y creyente en la piedra filosofal, fue un observador cuidadoso y un experimentador exacto. Puede considerarse como un representante sincr\u00e9tico de la alquimia y la qu\u00edmica.<\/p>\n<p><strong> \u201cEnerg\u00eda viva que puedes plantar en tu vida\u201d<\/strong><\/p>\n","protected":false},"excerpt":{"rendered":"<p>\u00abLas fuerzas m\u00e1s poderosas del hombre son sus fuerzas invisibles, entre ellas sus pensamientos y sus sentimientos\u00bb. Jan Baptista van Helmont Cada d\u00eda hay en el Universo una estela dejada por la acci\u00f3n de otros seres humanos que al igual que nosotros buscaban la excelencia. Hoy esa\u00a0 estela o\u00a0 \u201csemilla del d\u00eda\u201d fue sembrada por\u2026 [&hellip;]<\/p>\n","protected":false},"author":3,"featured_media":128653,"comment_status":"open","ping_status":"closed","sticky":false,"template":"","format":"standard","meta":{"footnotes":""},"categories":[12],"tags":[8376,343,14961,481,17184],"class_list":{"0":"post-128124","1":"post","2":"type-post","3":"status-publish","4":"format-standard","5":"has-post-thumbnail","7":"category-semilla-de-la-semana","8":"tag-jan-baptista-van-helmont","9":"tag-lourdes-mendez","10":"tag-padre-de-la-bioquimica","11":"tag-semilla","12":"tag-semilla-de-la-semana"},"_links":{"self":[{"href":"https:\/\/moonmentum.com\/blog\/wp-json\/wp\/v2\/posts\/128124","targetHints":{"allow":["GET"]}}],"collection":[{"href":"https:\/\/moonmentum.com\/blog\/wp-json\/wp\/v2\/posts"}],"about":[{"href":"https:\/\/moonmentum.com\/blog\/wp-json\/wp\/v2\/types\/post"}],"author":[{"embeddable":true,"href":"https:\/\/moonmentum.com\/blog\/wp-json\/wp\/v2\/users\/3"}],"replies":[{"embeddable":true,"href":"https:\/\/moonmentum.com\/blog\/wp-json\/wp\/v2\/comments?post=128124"}],"version-history":[{"count":0,"href":"https:\/\/moonmentum.com\/blog\/wp-json\/wp\/v2\/posts\/128124\/revisions"}],"wp:featuredmedia":[{"embeddable":true,"href":"https:\/\/moonmentum.com\/blog\/wp-json\/wp\/v2\/media\/128653"}],"wp:attachment":[{"href":"https:\/\/moonmentum.com\/blog\/wp-json\/wp\/v2\/media?parent=128124"}],"wp:term":[{"taxonomy":"category","embeddable":true,"href":"https:\/\/moonmentum.com\/blog\/wp-json\/wp\/v2\/categories?post=128124"},{"taxonomy":"post_tag","embeddable":true,"href":"https:\/\/moonmentum.com\/blog\/wp-json\/wp\/v2\/tags?post=128124"}],"curies":[{"name":"wp","href":"https:\/\/api.w.org\/{rel}","templated":true}]}}