{"id":130044,"date":"2013-01-24T00:06:11","date_gmt":"2013-01-24T04:36:11","guid":{"rendered":"http:\/\/www.moonmentum.com\/blog\/?p=130044"},"modified":"2014-01-13T15:50:34","modified_gmt":"2014-01-13T20:20:34","slug":"legendario-personaje-del-siglo-xviii","status":"publish","type":"post","link":"https:\/\/moonmentum.com\/blog\/efemerides\/semilla-de-la-semana\/legendario-personaje-del-siglo-xviii\/","title":{"rendered":"Legendario personaje del siglo XVIII"},"content":{"rendered":"<p><a href=\"http:\/\/www.moonmentum.com\/blog\/efemerides\/semilla-del-dia\/legendario-personaje-del-siglo-xviii\/attachment\/farinelli1-1\/\" rel=\"attachment wp-att-130500\"><img loading=\"lazy\" decoding=\"async\" class=\"alignnone size-medium wp-image-130500 lazyload\" style=\"--smush-placeholder-width: 200px; --smush-placeholder-aspect-ratio: 200\/250;float: left; margin: 6px; border: 0px;\" title=\"Farinelli\" alt=\"Farinelli\" data-src=\"http:\/\/www.moonmentum.com\/blog\/wp-content\/uploads\/2013\/01\/farinelli11-240x300.jpg\" width=\"200\" height=\"250\" src=\"data:image\/gif;base64,R0lGODlhAQABAAAAACH5BAEKAAEALAAAAAABAAEAAAICTAEAOw==\" \/><noscript><img loading=\"lazy\" decoding=\"async\" class=\"alignnone size-medium wp-image-130500\" style=\"float: left; margin: 6px; border: 0px;\" title=\"Farinelli\" alt=\"Farinelli\" src=\"http:\/\/www.moonmentum.com\/blog\/wp-content\/uploads\/2013\/01\/farinelli11-240x300.jpg\" width=\"200\" height=\"250\" \/><\/noscript><\/a><em>\u201c<\/em>El \u00fanico realista de verdad es el visionario\u201d.\u00a0<strong>Farinelli il Castrato<\/strong><\/p>\n<p><em><span style=\"color: #888888;\"> Cada d\u00eda hay en el Universo una estela dejada por la acci\u00f3n de otros seres humanos que al igual que nosotros buscaban la excelencia. Hoy esa\u00a0 estela o <\/span>\u201c<\/em><a href=\"http:\/\/www.moonmentum.com\/blog\/category\/efemerides\/semilla-del-dia\/\" target=\"_blank\"><em>semilla del d\u00eda<\/em><\/a><em>\u201d <span style=\"color: #888888;\">fue sembrada <\/span><\/em><span style=\"color: #888888;\"><em>por\u2026<\/em><\/span><\/p>\n<p><a title=\"Enlace permanente: Farinelli il Castrato, vuelto a la vida\" href=\"http:\/\/www.cinencuentro.com\/2006\/07\/15\/farinelli-il-castrato-vuelto-a-la-vida\/\" target=\"_blank\">Farinelli il Castrato, vuelto a la vida<\/a><\/p>\n<p>Los restos de Farinelli, el legendario personaje del siglo XVIII en el cual se bas\u00f3 la pel\u00edcula del mismo nombre, han sido exhumados el pasado a\u00f1o en Italia para conocer m\u00e1s sobres los castratis, aquellos cantantes que eran castrados en la ni\u00f1ez para que preservaran sus voces de altas notas sonoras.<!--more--><\/p>\n<p>Farinelli fue el cantante de \u00f3pera m\u00e1s popular y mejor pagado en Europa hasta su muerte en 1782. Sus restos ser\u00e1n examinados por cient\u00edficos de las universidades de Bologna y Pisa para obtener mayor informaci\u00f3n sobre su estilo de vida, sus h\u00e1bitos y posibles enfermedades, as\u00ed como la fisiolog\u00eda del castrato. Carlo Vitali, music\u00f3logo y uno de los fundadores del Centro de Estudios Farinelli describi\u00f3 los huesos principales encontrados como largos y robustos, lo que confirmar\u00eda los retratos oficiales del cantante y su reputaci\u00f3n de ser inusualmente alto.<\/p>\n<p>La pel\u00edcula italiana Farinelli (1994) dirigida por G\u00e9rard Corbiau fue nominada al Oscar por Mejor film extranjero y gan\u00f3 el Globo de Oro por la misma categor\u00eda, as\u00ed como el C\u00e9sar a Mejor dise\u00f1o de producci\u00f3n y Mejor sonido.<\/p>\n<p>\u201cEnerg\u00eda viva que puedes plantar en tu vida\u201d.<\/p>\n","protected":false},"excerpt":{"rendered":"<p>\u201cEl \u00fanico realista de verdad es el visionario\u201d.\u00a0Farinelli il Castrato Cada d\u00eda hay en el Universo una estela dejada por la acci\u00f3n de otros seres humanos que al igual que nosotros buscaban la excelencia. Hoy esa\u00a0 estela o \u201csemilla del d\u00eda\u201d fue sembrada por\u2026 Farinelli il Castrato, vuelto a la vida Los restos de Farinelli, [&hellip;]<\/p>\n","protected":false},"author":3,"featured_media":130262,"comment_status":"open","ping_status":"closed","sticky":false,"template":"","format":"standard","meta":{"footnotes":""},"categories":[12],"tags":[2496,8539,15033,343,15032,481,17184,15031],"class_list":{"0":"post-130044","1":"post","2":"type-post","3":"status-publish","4":"format-standard","5":"has-post-thumbnail","7":"category-semilla-de-la-semana","8":"tag-farinelli","9":"tag-farinelli-il-castrato","10":"tag-globo-de-oro","11":"tag-lourdes-mendez","12":"tag-nominada-al-oscar","13":"tag-semilla","14":"tag-semilla-de-la-semana","15":"tag-siglo-xviii"},"_links":{"self":[{"href":"https:\/\/moonmentum.com\/blog\/wp-json\/wp\/v2\/posts\/130044","targetHints":{"allow":["GET"]}}],"collection":[{"href":"https:\/\/moonmentum.com\/blog\/wp-json\/wp\/v2\/posts"}],"about":[{"href":"https:\/\/moonmentum.com\/blog\/wp-json\/wp\/v2\/types\/post"}],"author":[{"embeddable":true,"href":"https:\/\/moonmentum.com\/blog\/wp-json\/wp\/v2\/users\/3"}],"replies":[{"embeddable":true,"href":"https:\/\/moonmentum.com\/blog\/wp-json\/wp\/v2\/comments?post=130044"}],"version-history":[{"count":0,"href":"https:\/\/moonmentum.com\/blog\/wp-json\/wp\/v2\/posts\/130044\/revisions"}],"wp:featuredmedia":[{"embeddable":true,"href":"https:\/\/moonmentum.com\/blog\/wp-json\/wp\/v2\/media\/130262"}],"wp:attachment":[{"href":"https:\/\/moonmentum.com\/blog\/wp-json\/wp\/v2\/media?parent=130044"}],"wp:term":[{"taxonomy":"category","embeddable":true,"href":"https:\/\/moonmentum.com\/blog\/wp-json\/wp\/v2\/categories?post=130044"},{"taxonomy":"post_tag","embeddable":true,"href":"https:\/\/moonmentum.com\/blog\/wp-json\/wp\/v2\/tags?post=130044"}],"curies":[{"name":"wp","href":"https:\/\/api.w.org\/{rel}","templated":true}]}}