{"id":135471,"date":"2013-02-28T00:06:59","date_gmt":"2013-02-28T04:36:59","guid":{"rendered":"http:\/\/www.moonmentum.com\/blog\/?p=135471"},"modified":"2013-02-27T20:11:36","modified_gmt":"2013-02-28T00:41:36","slug":"cuauhtemoc-unico-heroe-a-la-altura-del-arte","status":"publish","type":"post","link":"https:\/\/moonmentum.com\/blog\/efemerides\/semilla-de-la-semana\/cuauhtemoc-unico-heroe-a-la-altura-del-arte\/","title":{"rendered":"Cuauht\u00e9moc, \u00fanico h\u00e9roe a la altura del arte"},"content":{"rendered":"<p><em><a rel=\"attachment wp-att-136255\" href=\"http:\/\/www.moonmentum.com\/blog\/efemerides\/semilla-del-dia\/cuauhtemoc-unico-heroe-a-la-altura-del-arte\/attachment\/cuauhtemoc-4\/\"><img loading=\"lazy\" decoding=\"async\" class=\"alignleft size-full wp-image-136255 lazyload\" style=\"--smush-placeholder-width: 193px; --smush-placeholder-aspect-ratio: 193\/250;margin: 6px; border: 0px; float: left;\" title=\"Cuauht\u00e9moc \" data-src=\"http:\/\/www.moonmentum.com\/blog\/wp-content\/uploads\/2013\/02\/Cuauht\u00e9moc.png\" alt=\"Cuauht\u00e9moc\" width=\"193\" height=\"250\" src=\"data:image\/gif;base64,R0lGODlhAQABAAAAACH5BAEKAAEALAAAAAABAAEAAAICTAEAOw==\" \/><noscript><img loading=\"lazy\" decoding=\"async\" class=\"alignleft size-full wp-image-136255\" style=\"margin: 6px; border: 0px; float: left;\" title=\"Cuauht\u00e9moc \" src=\"http:\/\/www.moonmentum.com\/blog\/wp-content\/uploads\/2013\/02\/Cuauht\u00e9moc.png\" alt=\"Cuauht\u00e9moc\" width=\"193\" height=\"250\" \/><\/noscript><\/a>\u201cNuestro sol se ocult\u00f3. Nuestro sol desapareci\u00f3 su rostro. Y en completa oscuridad nos ha dejado. Pero sabemos que otra vez volver\u00e1, que otra vez saldr\u00e1 y nuevamente nos alumbrar\u00e1. Pero mient<\/em><em>ras all\u00e1 est\u00e9 y la mansi\u00f3n del silencio permanezca muy prontamente reun\u00e1monos y estrech\u00e9monos\u201d.<\/em> <strong>Cuauht\u00e9moc<\/strong><\/p>\n<p><em>Cada d\u00eda hay en el Universo una estela dejada por la acci\u00f3n de otros seres humanos que al igual que nosotros buscaban la excelencia. Hoy esa\u00a0 estela o\u00a0 \u201c<\/em><a href=\"http:\/\/www.moonmentum.com\/category\/category\/category\/sextante\/semilla-del-dia\/\" target=\"_blank\"><em>semilla del d\u00eda<\/em><\/a><em>\u201d fue sembrada por\u2026<!--more--><\/em><\/p>\n<p><strong> <\/strong><\/p>\n<p><strong>Cuauht\u00e9moc,<\/strong> \u00faltimo emperador azteca, es uno de los personajes m\u00e1s reconocidos por los mexicanos como h\u00e9roe nacional. En todos los rincones de M\u00e9xico su nombre se usa en toponimia y onom\u00e1stica y su imaginada efigie aparece en monumentos, que hacen alusi\u00f3n a su coraje en la derrota, al pedir la muerte por el pu\u00f1al de Cort\u00e9s o en el tormento, al reclamar estoicismo a sus compa\u00f1eros de tortura.<!--more--><\/p>\n<p>El 28 de febrero de cada a\u00f1o, la bandera mexicana ondea a media asta en todo el pa\u00eds, recordando la muerte del pr\u00f3cer. A partir del siglo XIX su figura fue usada con fines nacionalistas, teniendo m\u00e1ximo ejemplo en la inauguraci\u00f3n del Monumento a Cuauht\u00e9moc obra de Miguel Nore\u00f1a durante la dictadura de Porfirio D\u00edaz.<\/p>\n<p>El poeta mexicano Ram\u00f3n L\u00f3pez Velarde lo designa como el\u00a0<em>joven abuelo<\/em> de M\u00e9xico, y lo califica como\u00a0<em>\u00fanico h\u00e9roe a la altura del arte<\/em>.<\/p>\n<p style=\"text-align: center;\"><embed width=\"420\" height=\"315\" src=\"http:\/\/www.youtube.com\/embed\/pDnumIDxTo8\" frameborder=\"0\"><\/embed><\/p>\n","protected":false},"excerpt":{"rendered":"<p>\u201cNuestro sol se ocult\u00f3. Nuestro sol desapareci\u00f3 su rostro. Y en completa oscuridad nos ha dejado. Pero sabemos que otra vez volver\u00e1, que otra vez saldr\u00e1 y nuevamente nos alumbrar\u00e1. Pero mientras all\u00e1 est\u00e9 y la mansi\u00f3n del silencio permanezca muy prontamente reun\u00e1monos y estrech\u00e9monos\u201d. Cuauht\u00e9moc Cada d\u00eda hay en el Universo una estela dejada [&hellip;]<\/p>\n","protected":false},"author":3,"featured_media":0,"comment_status":"open","ping_status":"closed","sticky":false,"template":"","format":"standard","meta":{"footnotes":""},"categories":[12],"tags":[3210,3194,15318,343,870,481,17184],"class_list":["post-135471","post","type-post","status-publish","format-standard","category-semilla-de-la-semana","tag-28-de-febrero","tag-cuauhtemoc","tag-emperador-azteca","tag-lourdes-mendez","tag-mexico","tag-semilla","tag-semilla-de-la-semana"],"_links":{"self":[{"href":"https:\/\/moonmentum.com\/blog\/wp-json\/wp\/v2\/posts\/135471","targetHints":{"allow":["GET"]}}],"collection":[{"href":"https:\/\/moonmentum.com\/blog\/wp-json\/wp\/v2\/posts"}],"about":[{"href":"https:\/\/moonmentum.com\/blog\/wp-json\/wp\/v2\/types\/post"}],"author":[{"embeddable":true,"href":"https:\/\/moonmentum.com\/blog\/wp-json\/wp\/v2\/users\/3"}],"replies":[{"embeddable":true,"href":"https:\/\/moonmentum.com\/blog\/wp-json\/wp\/v2\/comments?post=135471"}],"version-history":[{"count":0,"href":"https:\/\/moonmentum.com\/blog\/wp-json\/wp\/v2\/posts\/135471\/revisions"}],"wp:attachment":[{"href":"https:\/\/moonmentum.com\/blog\/wp-json\/wp\/v2\/media?parent=135471"}],"wp:term":[{"taxonomy":"category","embeddable":true,"href":"https:\/\/moonmentum.com\/blog\/wp-json\/wp\/v2\/categories?post=135471"},{"taxonomy":"post_tag","embeddable":true,"href":"https:\/\/moonmentum.com\/blog\/wp-json\/wp\/v2\/tags?post=135471"}],"curies":[{"name":"wp","href":"https:\/\/api.w.org\/{rel}","templated":true}]}}