{"id":139358,"date":"2013-03-27T00:06:02","date_gmt":"2013-03-27T04:36:02","guid":{"rendered":"http:\/\/www.moonmentum.com\/blog\/?p=139358"},"modified":"2013-03-26T11:34:18","modified_gmt":"2013-03-26T16:04:18","slug":"el-hombre-que-le-dio-vida-a-la-radiacion","status":"publish","type":"post","link":"https:\/\/moonmentum.com\/blog\/efemerides\/semilla-de-la-semana\/el-hombre-que-le-dio-vida-a-la-radiacion\/","title":{"rendered":"El hombre que le dio vida a la radiaci\u00f3n"},"content":{"rendered":"<p><a rel=\"attachment wp-att-140329\" href=\"http:\/\/www.moonmentum.com\/blog\/efemerides\/semilla-del-dia\/el-hombre-que-le-dio-vida-a-la-radiacion\/attachment\/wilhelm-rontgen-4\/\"><img loading=\"lazy\" decoding=\"async\" class=\"alignright size-medium wp-image-140329 lazyload\" style=\"--smush-placeholder-width: 192px; --smush-placeholder-aspect-ratio: 192\/250;float: left; margin: 6px; border: 0px;\" title=\"Wilhelm R\u00f6ntgen\" data-src=\"http:\/\/www.moonmentum.com\/blog\/wp-content\/uploads\/2013\/03\/Wilhelm-R\u00f6ntgen-230x300.jpg\" alt=\"Wilhelm R\u00f6ntgen\" width=\"192\" height=\"250\" src=\"data:image\/gif;base64,R0lGODlhAQABAAAAACH5BAEKAAEALAAAAAABAAEAAAICTAEAOw==\" \/><noscript><img loading=\"lazy\" decoding=\"async\" class=\"alignright size-medium wp-image-140329\" style=\"float: left; margin: 6px; border: 0px;\" title=\"Wilhelm R\u00f6ntgen\" src=\"http:\/\/www.moonmentum.com\/blog\/wp-content\/uploads\/2013\/03\/Wilhelm-R\u00f6ntgen-230x300.jpg\" alt=\"Wilhelm R\u00f6ntgen\" width=\"192\" height=\"250\" \/><\/noscript><\/a>\u201cYo no pienso; investigo\u201d.<strong> Wilhelm R\u00f6ntgen,<\/strong> reconocido por descubrir los Rayos X.<strong><\/strong><\/p>\n<p><span style=\"color: #888888;\"><em>Cada d\u00eda hay en el Universo una estela dejada por la acci\u00f3n de otros seres humanos que al igual que nosotros buscaban la excelencia. Hoy esa\u00a0 estela o\u00a0 \u201c<\/em><\/span><a href=\"..\/..\/category\/category\/category\/sextante\/semilla-del-dia\/\" target=\"_blank\"><em>semilla del d\u00eda<\/em><\/a><span style=\"color: #888888;\"><em>\u201d fue sembrada por\u2026<\/em><\/span><\/p>\n<p>Wilhelm Conrad R\u00f6ntgen, f\u00edsico alem\u00e1n, de la Universidad de W\u00fcrzburg, descubri\u00f3 los Rayos X.<!--more--><\/p>\n<p>Roentgen nunca intent\u00f3 patentar ni obtener dinero por el invento que, desde aquel momento, revolucion\u00f3 la medicina. Por razones \u00e9ticas don\u00f3 su descubrimiento a la humanidad y muri\u00f3 pobre cuando podr\u00eda haberse enriquecido, para que pudiera ser utilizado libremente por todo el mundo. En reconocimiento a sus trabajos le fue otorgado el Premio Nobel de F\u00edsica en 1901 y don\u00f3 la recompensa monetaria a su universidad, la Universidad de W\u00fcrzburg.<\/p>\n<p>El premio se concedi\u00f3 oficialmente: \u00abEn reconocimiento de los extraordinarios servicios que ha brindado para el descubrimiento de los notables rayos que llevan su nombre\u00bb. R\u00f6ntgen rechaz\u00f3 registrar cualquier patente relacionada a su descubrimiento por razones \u00e9ticas. Tampoco quiso que los rayos llevaran su nombre. Sin embargo en Alemania el procedimiento de la radiograf\u00eda se llama \u00abr\u00f6ntgen\u00bb debido al hecho de que los verbos alemanes tienen la desinencia \u00aben\u00bb.<\/p>\n<p>Tambi\u00e9n en su honor recibe tal nombre la unidad de medida de la exposici\u00f3n a la radiaci\u00f3n, establecida en 1928.<\/p>\n","protected":false},"excerpt":{"rendered":"<p>\u201cYo no pienso; investigo\u201d. Wilhelm R\u00f6ntgen, reconocido por descubrir los Rayos X. Cada d\u00eda hay en el Universo una estela dejada por la acci\u00f3n de otros seres humanos que al igual que nosotros buscaban la excelencia. Hoy esa\u00a0 estela o\u00a0 \u201csemilla del d\u00eda\u201d fue sembrada por\u2026 Wilhelm Conrad R\u00f6ntgen, f\u00edsico alem\u00e1n, de la Universidad de [&hellip;]<\/p>\n","protected":false},"author":3,"featured_media":0,"comment_status":"open","ping_status":"closed","sticky":false,"template":"","format":"standard","meta":{"footnotes":""},"categories":[12],"tags":[343,2861,481,17184,2860],"class_list":["post-139358","post","type-post","status-publish","format-standard","category-semilla-de-la-semana","tag-lourdes-mendez","tag-rayos-x","tag-semilla","tag-semilla-de-la-semana","tag-wilhelm-rontgen"],"_links":{"self":[{"href":"https:\/\/moonmentum.com\/blog\/wp-json\/wp\/v2\/posts\/139358","targetHints":{"allow":["GET"]}}],"collection":[{"href":"https:\/\/moonmentum.com\/blog\/wp-json\/wp\/v2\/posts"}],"about":[{"href":"https:\/\/moonmentum.com\/blog\/wp-json\/wp\/v2\/types\/post"}],"author":[{"embeddable":true,"href":"https:\/\/moonmentum.com\/blog\/wp-json\/wp\/v2\/users\/3"}],"replies":[{"embeddable":true,"href":"https:\/\/moonmentum.com\/blog\/wp-json\/wp\/v2\/comments?post=139358"}],"version-history":[{"count":0,"href":"https:\/\/moonmentum.com\/blog\/wp-json\/wp\/v2\/posts\/139358\/revisions"}],"wp:attachment":[{"href":"https:\/\/moonmentum.com\/blog\/wp-json\/wp\/v2\/media?parent=139358"}],"wp:term":[{"taxonomy":"category","embeddable":true,"href":"https:\/\/moonmentum.com\/blog\/wp-json\/wp\/v2\/categories?post=139358"},{"taxonomy":"post_tag","embeddable":true,"href":"https:\/\/moonmentum.com\/blog\/wp-json\/wp\/v2\/tags?post=139358"}],"curies":[{"name":"wp","href":"https:\/\/api.w.org\/{rel}","templated":true}]}}