{"id":140136,"date":"2013-04-06T00:06:15","date_gmt":"2013-04-06T04:36:15","guid":{"rendered":"http:\/\/www.moonmentum.com\/blog\/?p=140136"},"modified":"2013-05-08T10:56:13","modified_gmt":"2013-05-08T15:26:13","slug":"rafael-un-maestro-muy-querido","status":"publish","type":"post","link":"https:\/\/moonmentum.com\/blog\/efemerides\/semilla-de-la-semana\/rafael-un-maestro-muy-querido\/","title":{"rendered":"Rafael&#8230; Un maestro muy querido"},"content":{"rendered":"<p><em><a rel=\"attachment wp-att-142219\" href=\"http:\/\/www.moonmentum.com\/blog\/efemerides\/semilla-del-dia\/rafael-un-maestro-muy-querido\/attachment\/rafael_sanzio\/\"><img loading=\"lazy\" decoding=\"async\" class=\"alignleft size-medium wp-image-147284 lazyload\" style=\"--smush-placeholder-width: 300px; --smush-placeholder-aspect-ratio: 300\/204;float: left; margin: 3px; border: 0px;\" title=\"Raffaelo Sanzio\" data-src=\"http:\/\/www.moonmentum.com\/blog\/wp-content\/uploads\/2013\/04\/raffaelo-sanzio-300x204.jpg\" alt=\"Raffaelo Sanzio\" width=\"300\" height=\"204\" src=\"data:image\/gif;base64,R0lGODlhAQABAAAAACH5BAEKAAEALAAAAAABAAEAAAICTAEAOw==\" \/><noscript><img loading=\"lazy\" decoding=\"async\" class=\"alignleft size-medium wp-image-147284\" style=\"float: left; margin: 3px; border: 0px;\" title=\"Raffaelo Sanzio\" src=\"http:\/\/www.moonmentum.com\/blog\/wp-content\/uploads\/2013\/04\/raffaelo-sanzio-300x204.jpg\" alt=\"Raffaelo Sanzio\" width=\"300\" height=\"204\" \/><\/noscript><\/a>Cada d\u00eda hay en el Universo una estela dejada por la acci\u00f3n de otros seres humanos que al igual que nosotros buscaban la excelencia. Hoy esa\u00a0 estela o\u00a0 \u201c<\/em><a href=\"http:\/\/www.moonmentum.com\/category\/category\/category\/sextante\/semilla-del-dia\/\" target=\"_blank\"><em>semilla del d\u00eda<\/em><\/a><em>\u201d fue sembrada por\u2026<\/em><\/p>\n<p><strong>Raffaello Sanzio<\/strong>, tambi\u00e9n conocido como <strong>Rafael de Urbino<\/strong> o simplemente <strong>Rafael<\/strong>, fue considerado, despu\u00e9s de Donato Bramante, como el m\u00e1s eminente de los arquitectos italianos del per\u00edodo del Renacimiento.<!--more--><\/p>\n<p><strong>En un d\u00eda como hoy naci\u00f3 y muri\u00f3 Rafael, pintor y arquitecto italiano.<\/strong><\/p>\n<p>Sus obras representan el paradigma del Renacimiento por su clasicismo equilibrado y sereno basado en la perfecci\u00f3n de la luz, la composici\u00f3n y la perspectiva. Trabaj\u00f3 fundamentalmente en Florencia, en donde recibi\u00f3 la influencia del arte de <a href=\"http:\/\/www.biografiasyvidas.com\/biografia\/l\/leonardo.htm\">Leonardo da Vinci<\/a> y <a href=\"http:\/\/www.biografiasyvidas.com\/biografia\/m\/miguel_angel.htm\">Miguel \u00c1ngel<\/a> y por supuesto de todo el movimiento renacentista.<\/p>\n<p>Pocos pintores de italianos han sabido interpretar el ideal de belleza y el amor hacia el clasicismo que supone el Humanismo como lo hizo Rafael Sanzio, pintor renacentista considerado como uno de los m\u00e1s grandes e influyentes artistas de todos los tiempos.<\/p>\n<p>Su padre Giovanni inici\u00f3 a su hijo Rafael en el arte de la pintura, inculc\u00e1ndole la afici\u00f3n y la pasi\u00f3n por el dibujo. Tras la muerte del padre en 1494, Rafael qued\u00f3 bajo la tutela de un t\u00edo paterno quien lo lleva \u00a0al taller de Timoteo Vitti, un pintor formado en el estilo de Francia y de Costa, resultando una de las primeras influencias para el joven artista. A\u00f1os m\u00e1s tarde acudir\u00e1 al taller de Pietro Vannucci, el Perugino. Rafael realiz\u00f3 durante este periodo obras en un estilo muy pr\u00f3ximo al de su maestro, hasta el punto de que han existido dudas respecto a algunas atribuciones.<\/p>\n<p><span style=\"font-size: large;\"><strong>Las Tres Gracias<\/strong><\/span><\/p>\n<p>La mayor parte de su trabajo est\u00e1 alojado en los Museos Vaticanos, donde decor\u00f3 con frescos las habitaciones conocidas como las Estancias de Rafael, el principal encargo de su carrera, quedando sin terminar a causa de su muerte.<\/p>\n<p>Su interpretaci\u00f3n de belleza\u00a0cl\u00e1sica\u00a0se muestra con vehemencia en su obra \u201cLas tres gracias\u201d en ella el concepto de\u00a0<em>perfil griego<\/em>,\u00a0<em>nariz griega<\/em>,\u00a0<em>curva praxit\u00e9lica<\/em> (arqueo de la cadera), entre otros, han pasado a ser un modelo de belleza cl\u00e1sica. La idealizaci\u00f3n de esa belleza se consegu\u00eda por selecci\u00f3n de distintos miembros, las partes m\u00e1s bellas de distintas personas reales idealizadas y tomadas como modelo.<\/p>\n<p>Vasari dice que Rafael lleg\u00f3 a tener un taller con cincuenta pupilos y ayudantes, muchos de los cuales llegar\u00edan a ser despu\u00e9s importantes artistas por su propio derecho. Fue, posiblemente, el mayor taller reunido bajo el magisterio de un \u00fanico gran maestro de la pintura, y mucho mayor de lo habitual. Inclu\u00eda destacados pintores provenientes de otras regiones de Italia, que probablemente trabajaban con sus propios equipos como subcontratistas, as\u00ed como aprendices y obreros.<\/p>\n<p>Goz\u00f3 de la admiraci\u00f3n de sus contempor\u00e1neos, todav\u00eda en el siglo XX fue considerado como el \u201cm\u00e1s famoso y m\u00e1s querido maestro del Alto Renacimiento\u201d.<\/p>\n<p><strong> <\/strong><\/p>\n<p><em><br \/>\n<\/em><\/p>\n","protected":false},"excerpt":{"rendered":"<p>Cada d\u00eda hay en el Universo una estela dejada por la acci\u00f3n de otros seres humanos que al igual que nosotros buscaban la excelencia. Hoy esa\u00a0 estela o\u00a0 \u201csemilla del d\u00eda\u201d fue sembrada por\u2026 Raffaello Sanzio, tambi\u00e9n conocido como Rafael de Urbino o simplemente Rafael, fue considerado, despu\u00e9s de Donato Bramante, como el m\u00e1s eminente [&hellip;]<\/p>\n","protected":false},"author":3,"featured_media":0,"comment_status":"open","ping_status":"closed","sticky":false,"template":"","format":"standard","meta":{"footnotes":""},"categories":[12],"tags":[7235,15640,343,711,3930,3931,4413,481,17184],"class_list":{"0":"post-140136","1":"post","2":"type-post","3":"status-publish","4":"format-standard","6":"category-semilla-de-la-semana","7":"tag-arquitectura","8":"tag-donato-bramante","9":"tag-lourdes-mendez","10":"tag-rafael","11":"tag-rafael-de-urbino","12":"tag-raffaello-sanzio","13":"tag-renacimiento","14":"tag-semilla","15":"tag-semilla-de-la-semana"},"_links":{"self":[{"href":"https:\/\/moonmentum.com\/blog\/wp-json\/wp\/v2\/posts\/140136","targetHints":{"allow":["GET"]}}],"collection":[{"href":"https:\/\/moonmentum.com\/blog\/wp-json\/wp\/v2\/posts"}],"about":[{"href":"https:\/\/moonmentum.com\/blog\/wp-json\/wp\/v2\/types\/post"}],"author":[{"embeddable":true,"href":"https:\/\/moonmentum.com\/blog\/wp-json\/wp\/v2\/users\/3"}],"replies":[{"embeddable":true,"href":"https:\/\/moonmentum.com\/blog\/wp-json\/wp\/v2\/comments?post=140136"}],"version-history":[{"count":0,"href":"https:\/\/moonmentum.com\/blog\/wp-json\/wp\/v2\/posts\/140136\/revisions"}],"wp:attachment":[{"href":"https:\/\/moonmentum.com\/blog\/wp-json\/wp\/v2\/media?parent=140136"}],"wp:term":[{"taxonomy":"category","embeddable":true,"href":"https:\/\/moonmentum.com\/blog\/wp-json\/wp\/v2\/categories?post=140136"},{"taxonomy":"post_tag","embeddable":true,"href":"https:\/\/moonmentum.com\/blog\/wp-json\/wp\/v2\/tags?post=140136"}],"curies":[{"name":"wp","href":"https:\/\/api.w.org\/{rel}","templated":true}]}}