{"id":147694,"date":"2013-05-11T00:06:49","date_gmt":"2013-05-11T04:36:49","guid":{"rendered":"http:\/\/www.moonmentum.com\/blog\/?p=147694"},"modified":"2013-05-10T16:46:48","modified_gmt":"2013-05-10T21:16:48","slug":"salvador-dali-un-pintor-eclectico","status":"publish","type":"post","link":"https:\/\/moonmentum.com\/blog\/efemerides\/semilla-de-la-semana\/salvador-dali-un-pintor-eclectico\/","title":{"rendered":"Salvador Dal\u00ed, un pintor ecl\u00e9ctico"},"content":{"rendered":"<p><em><img loading=\"lazy\" decoding=\"async\" class=\"alignleft size-medium wp-image-147805 lazyload\" style=\"--smush-placeholder-width: 196px; --smush-placeholder-aspect-ratio: 196\/250;float: left; margin: 6px; border: 0px;\" title=\"salvador_dali\" data-src=\"http:\/\/www.moonmentum.com\/blog\/wp-content\/uploads\/2013\/05\/fc929e7a98ed163131cda657d278110e-235x300.jpg\" alt=\"salvador_dali\" width=\"196\" height=\"250\" src=\"data:image\/gif;base64,R0lGODlhAQABAAAAACH5BAEKAAEALAAAAAABAAEAAAICTAEAOw==\" \/><noscript><img loading=\"lazy\" decoding=\"async\" class=\"alignleft size-medium wp-image-147805\" style=\"float: left; margin: 6px; border: 0px;\" title=\"salvador_dali\" src=\"http:\/\/www.moonmentum.com\/blog\/wp-content\/uploads\/2013\/05\/fc929e7a98ed163131cda657d278110e-235x300.jpg\" alt=\"salvador_dali\" width=\"196\" height=\"250\" \/><\/noscript>\u00abA los seis a\u00f1os quer\u00eda ser cocinero. A los siete quer\u00eda ser Napole\u00f3n. Mi ambici\u00f3n no ha hecho m\u00e1s que crecer ahora s\u00f3lo quiero ser Salvador Dal\u00ed y nada m\u00e1s. Por otra parte, esto es muy dif\u00edcil, ya que, a medida que me acerco a Salvador Dal\u00ed, \u00e9l se aleja de m\u00ed\u00bb.<\/em> <strong>Salvador Dal\u00ed.<\/strong><\/p>\n<p><em><span style=\"color: #888888;\">Cada d\u00eda hay en el Universo una estela dejada por la acci\u00f3n de otros seres humanos que al igual que nosotros buscaban la excelencia. Hoy esa\u00a0 estela o <\/span>\u201c<\/em><a href=\"http:\/\/www.moonmentum.com\/blog\/category\/efemerides\/semilla-del-dia\/\"><em>semilla del d\u00eda<\/em><\/a><em>\u201d <span style=\"color: #888888;\">fue sembrada por\u2026<\/span><\/em><\/p>\n<p><strong>Salvador Dal\u00ed,<\/strong> pintor espa\u00f1ol considerado uno de los m\u00e1ximos representantes del surrealismo.\u00a0 Dal\u00ed es conocido por sus impactantes y on\u00edricas im\u00e1genes surrealistas.<!--more--><\/p>\n<p>Sus habilidades pict\u00f3ricas se suelen atribuir a la influencia y admiraci\u00f3n por el arte renacentista. Tambi\u00e9n fue un experto dibujante. Los recursos pl\u00e1sticos dalinianos tambi\u00e9n abordaron el cine, la escultura y la fotograf\u00eda, lo cual le condujo a numerosas colaboraciones con otros artistas audiovisuales.<\/p>\n<p>Tuvo la habilidad de forjar un estilo marcadamente personal y reconocible, que en realidad era muy ecl\u00e9ctico y que \u00ab<em>vampiriz\u00f3<\/em>\u00bb innovaciones ajenas. Una de sus obras m\u00e1s c\u00e9lebres es\u00a0 <strong><em>La persistencia de la memoria<\/em>,<\/strong> el famoso cuadro de los \u00ab<em>relojes blandos\u00bb<\/em>, realizada en 1931.<\/p>\n<p><strong> Salvador Dali,<\/strong> fue expulsado de la Academia en 1926, poco antes de sus ex\u00e1menes finales, tras afirmar que nadie en la Academia era lo bastante competente para examinarle. Su maestr\u00eda en las habilidades pict\u00f3ricas est\u00e1 bien documentada ya por aquella \u00e9poca, como queda patente en su <em>Cesta de pan<\/em>, un cuadro de un realismo impecable que fue pintado en 1926. Ese mismo a\u00f1o, hizo su primer viaje a Par\u00eds, donde conoci\u00f3 a Pablo Picasso, a quien el joven Dal\u00ed reverenciaba; Picasso ya hab\u00eda o\u00eddo palabras favorables sobre Dal\u00ed en boca de Joan Mir\u00f3. Dal\u00ed realiz\u00f3 un gran n\u00famero de obras con una fuerte influencia de Picasso y Mir\u00f3 durante los siguientes a\u00f1os mientras avanzaba desarrollando su propio estilo.<\/p>\n<p>&nbsp;<\/p>\n<p><em><span style=\"color: #888888;\"><br \/>\n<\/span><\/em><\/p>\n","protected":false},"excerpt":{"rendered":"<p>\u00abA los seis a\u00f1os quer\u00eda ser cocinero. A los siete quer\u00eda ser Napole\u00f3n. Mi ambici\u00f3n no ha hecho m\u00e1s que crecer ahora s\u00f3lo quiero ser Salvador Dal\u00ed y nada m\u00e1s. Por otra parte, esto es muy dif\u00edcil, ya que, a medida que me acerco a Salvador Dal\u00ed, \u00e9l se aleja de m\u00ed\u00bb. Salvador Dal\u00ed. Cada [&hellip;]<\/p>\n","protected":false},"author":3,"featured_media":147805,"comment_status":"open","ping_status":"closed","sticky":false,"template":"","format":"standard","meta":{"footnotes":""},"categories":[12],"tags":[15834,343,15836,459,481,17184,15835],"class_list":{"0":"post-147694","1":"post","2":"type-post","3":"status-publish","4":"format-standard","5":"has-post-thumbnail","7":"category-semilla-de-la-semana","8":"tag-dali","9":"tag-lourdes-mendez","10":"tag-relojes-blandos","11":"tag-salvador-dali","12":"tag-semilla","13":"tag-semilla-de-la-semana","14":"tag-surealismo"},"_links":{"self":[{"href":"https:\/\/moonmentum.com\/blog\/wp-json\/wp\/v2\/posts\/147694","targetHints":{"allow":["GET"]}}],"collection":[{"href":"https:\/\/moonmentum.com\/blog\/wp-json\/wp\/v2\/posts"}],"about":[{"href":"https:\/\/moonmentum.com\/blog\/wp-json\/wp\/v2\/types\/post"}],"author":[{"embeddable":true,"href":"https:\/\/moonmentum.com\/blog\/wp-json\/wp\/v2\/users\/3"}],"replies":[{"embeddable":true,"href":"https:\/\/moonmentum.com\/blog\/wp-json\/wp\/v2\/comments?post=147694"}],"version-history":[{"count":0,"href":"https:\/\/moonmentum.com\/blog\/wp-json\/wp\/v2\/posts\/147694\/revisions"}],"wp:featuredmedia":[{"embeddable":true,"href":"https:\/\/moonmentum.com\/blog\/wp-json\/wp\/v2\/media\/147805"}],"wp:attachment":[{"href":"https:\/\/moonmentum.com\/blog\/wp-json\/wp\/v2\/media?parent=147694"}],"wp:term":[{"taxonomy":"category","embeddable":true,"href":"https:\/\/moonmentum.com\/blog\/wp-json\/wp\/v2\/categories?post=147694"},{"taxonomy":"post_tag","embeddable":true,"href":"https:\/\/moonmentum.com\/blog\/wp-json\/wp\/v2\/tags?post=147694"}],"curies":[{"name":"wp","href":"https:\/\/api.w.org\/{rel}","templated":true}]}}