{"id":163991,"date":"2013-06-21T17:40:10","date_gmt":"2013-06-21T22:10:10","guid":{"rendered":"http:\/\/www.moonmentum.com\/blog\/?p=163991"},"modified":"2013-06-22T00:48:40","modified_gmt":"2013-06-22T05:18:40","slug":"google-impacta-con-su-doodle-del-solsticio-de-verano","status":"publish","type":"post","link":"https:\/\/moonmentum.com\/blog\/actualidad\/google-impacta-con-su-doodle-del-solsticio-de-verano\/","title":{"rendered":"Google impacta con su Doodle del Solsticio de Verano"},"content":{"rendered":"<p><a href=\"http:\/\/www.moonmentum.com\/blog\/wp-content\/uploads\/2013\/06\/doodle-verano.jpg\"><img loading=\"lazy\" decoding=\"async\" class=\"alignleft size-medium wp-image-164002 lazyload\" style=\"--smush-placeholder-width: 300px; --smush-placeholder-aspect-ratio: 300\/163;border: 0px; margin: 6px;\" alt=\"Doodle Verano\" data-src=\"http:\/\/www.moonmentum.com\/blog\/wp-content\/uploads\/2013\/06\/doodle-verano-300x163.jpg\" width=\"300\" height=\"163\" src=\"data:image\/gif;base64,R0lGODlhAQABAAAAACH5BAEKAAEALAAAAAABAAEAAAICTAEAOw==\" \/><noscript><img loading=\"lazy\" decoding=\"async\" class=\"alignleft size-medium wp-image-164002\" style=\"border: 0px; margin: 6px;\" alt=\"Doodle Verano\" src=\"http:\/\/www.moonmentum.com\/blog\/wp-content\/uploads\/2013\/06\/doodle-verano-300x163.jpg\" width=\"300\" height=\"163\" \/><\/noscript><\/a><\/p>\n<p>Ni\u00f1os disfrutando con gorros de nataci\u00f3n y metiendo la cabeza bajo el agua en una ilustraci\u00f3n de Christoph Niemann&#8230; Es la vanguardista imagen de Google para hacer honor a la efem\u00e9ride astron\u00f3mica de hoy: El Solsticio de Verano.<\/p>\n<p>As\u00ed rese\u00f1a el Diario Digital La Vanguardia el Doodle de Google&#8230; La llegada del verano es una fecha esperada por muchos por la llegada del calor, el buen tiempo y, normalmente, las vacaciones.\u00a0<strong>Google<\/strong>\u00a0se suma a la celebraci\u00f3n el momento dedicando un nuevo doodle al\u00a0<strong>solsticio de verano\u00a02013<\/strong>, que se produce hoy a las\u00a07:04 (Hora de Espa\u00f1a)&#8230; Para ver la Hora desde su pa\u00eds consulte nuestro <a href=\"http:\/\/www.moonmentum.com\/blog\/wp-content\/uploads\/2013\/06\/calendario-junio-2013.png?cda6c1\">Calendario Astrol\u00f3gico<\/a>.<\/p>\n<p>El conocido buscador ha sustituido las letras de su nombre en su portada por cinco ni\u00f1os y ni\u00f1as ba\u00f1\u00e1ndose en el mar ataviados con gorros, trajes de ba\u00f1o y gafas de snorkel. Adem\u00e1s, el doodle din\u00e1mico &#8216;refresca&#8217; a los cinco ba\u00f1istas con una ola que recorre el logotipo redise\u00f1ado de izquierda a derecha cada tres segundos.<\/p>\n<p>El\u00a0<strong>solsticio de verano<\/strong>\u00a0del hemisferio norte se produce\u00a0cuando el Sol alcanza su mayor altura en el cielo. Este viernes, el cenit solar se producir\u00e1 al mediod\u00eda sobre el Tr\u00f3pico de C\u00e1ncer. De esta manera, el d\u00eda que empieza el verano es el d\u00eda m\u00e1s largo del a\u00f1o.<!--more--><\/p>\n<p><strong>El verano m\u00e1s largo de los \u00faltimos siglos<br \/>\n<\/strong>Con este nuevo doodle, Google celebra con sus usuarios la llegada del verano astron\u00f3mico este viernes, 21 de junio, a las 7:04, seg\u00fan datos del Instituto Geogr\u00e1fico Nacional (IGN).<\/p>\n<p>Tras las informaciones de meteor\u00f3logos franceses, que apuntaban a que este a\u00f1o\u00a0podr\u00edamos quedarnos sin verano\u00a0por las supuestas previsiones de bajas temperaturas y de alta humedad, el Instituto Geogr\u00e1fico Nacional\u00a0ha<\/p>\n<p>apuntado que se tratar\u00e1 de una de las estaciones estivales m\u00e1s larga de los \u00faltimos siglos, con una duraci\u00f3n de 93 d\u00edas y 15 horas, hasta la llegada del oto\u00f1o el 22 de septiembre.<\/p>\n<p>En esta \u00e9poca se da la circunstancia (no relacionada con las estaciones) del d\u00eda del Afelio, es decir el d\u00eda en el que el Sol y la Tierra est\u00e1n m\u00e1s alejados entre s\u00ed a lo largo del a\u00f1o. Esto es lo que provoca que la Tierra se mueva m\u00e1s lentamente a lo largo de su \u00f3rbita el\u00edptica durante el verano (seg\u00fan la conocida como tercera ley de Kepler) y por lo tanto la duraci\u00f3n de esta estaci\u00f3n sea mayor.<\/p>\n<p>Desde el punto de vista astron\u00f3mico, los cielos matutinos estar\u00e1n dominados por la presencia de Marte y J\u00fapiter. Estos dos planetas se ir\u00e1n acercando el uno al otro en el cielo hasta alcanzar el 22 de julio una distancia m\u00ednima de aproximadamente 1 grado. Venus y Saturno dominar\u00e1n la primera parte de la noche y alcanzar\u00e1n el 20 de septiembre una distancia m\u00ednima relativa de unos 4 grados.<\/p>\n<p>Por su parte, <strong>la tradicional lluvia de estrellas de las Perseidas<\/strong> suceder\u00e1 hacia el 12 de agosto, y su observaci\u00f3n este a\u00f1o ser\u00e1 favorable por coincidir con la Luna en fase cercana al cuarto creciente.<\/p>\n<p>El inicio de las estaciones viene dado, por convenio, por aquellos instantes en los que la Tierra se encuentra en unas determinadas posiciones en su \u00f3rbita alrededor del Sol. En verano, esta posici\u00f3n se da en el punto de la ecl\u00edptica en el que el Sol alcanza su posici\u00f3n m\u00e1s boreal.<\/p>\n<p>As\u00ed, el d\u00eda que esto ocurre, el Sol alcanza su m\u00e1xima declinaci\u00f3n norte, que son 23\u00ba y 17&#8242; y durante varios d\u00edas su altura m\u00e1xima al mediod\u00eda no cambia. A esta circunstancia se le llama solsticio (sol quieto) de verano. Justo en este instante en el hemisferio sur se inicia el invierno.<\/p>\n<p>El d\u00eda del\u00a0<strong>solsticio de verano<\/strong>\u00a0es el de mayor duraci\u00f3n del a\u00f1o y, en torno a esta fecha se encuentra el d\u00eda en el que el Sol sale m\u00e1s pronto y el que se pone m\u00e1s tarde.<\/p>\n<p>Leer m\u00e1s:\u00a0<a href=\"http:\/\/www.lavanguardia.com\/vida\/20130621\/54376853857\/solsticio-de-verano-2013.html#ixzz2WtFn70aL\">lavanguardia.com<\/a><\/p>\n<p style=\"text-align: center;\"><object width=\"500\" height=\"281\" classid=\"clsid:d27cdb6e-ae6d-11cf-96b8-444553540000\" codebase=\"http:\/\/download.macromedia.com\/pub\/shockwave\/cabs\/flash\/swflash.cab#version=6,0,40,0\"><param name=\"allowFullScreen\" value=\"true\" \/><param name=\"allowscriptaccess\" value=\"always\" \/><param name=\"src\" value=\"http:\/\/www.youtube.com\/v\/ApbrEzx24vA?hl=en_US&amp;version=3&amp;rel=0\" \/><param name=\"allowfullscreen\" value=\"true\" \/><embed width=\"500\" height=\"281\" type=\"application\/x-shockwave-flash\" src=\"http:\/\/www.youtube.com\/v\/ApbrEzx24vA?hl=en_US&amp;version=3&amp;rel=0\" allowFullScreen=\"true\" allowscriptaccess=\"always\" allowfullscreen=\"true\" \/><\/object><\/p>\n","protected":false},"excerpt":{"rendered":"<p>Google se suma a la celebraci\u00f3n del momento dedicando un nuevo doodle al solsticio de verano 2013. <a href=\"http:\/\/wp.me\/p3Cddp-GF1\">Ver m\u00e1s&#8230;\u00a0<\/a><\/p>\n","protected":false},"author":3,"featured_media":164002,"comment_status":"open","ping_status":"closed","sticky":false,"template":"","format":"standard","meta":{"footnotes":""},"categories":[14636],"tags":[11954,4847,860,5327,5097],"class_list":["post-163991","post","type-post","status-publish","format-standard","has-post-thumbnail","category-actualidad","tag-doodle","tag-google","tag-solsticio","tag-solsticio-de-verano","tag-verano"],"_links":{"self":[{"href":"https:\/\/moonmentum.com\/blog\/wp-json\/wp\/v2\/posts\/163991","targetHints":{"allow":["GET"]}}],"collection":[{"href":"https:\/\/moonmentum.com\/blog\/wp-json\/wp\/v2\/posts"}],"about":[{"href":"https:\/\/moonmentum.com\/blog\/wp-json\/wp\/v2\/types\/post"}],"author":[{"embeddable":true,"href":"https:\/\/moonmentum.com\/blog\/wp-json\/wp\/v2\/users\/3"}],"replies":[{"embeddable":true,"href":"https:\/\/moonmentum.com\/blog\/wp-json\/wp\/v2\/comments?post=163991"}],"version-history":[{"count":0,"href":"https:\/\/moonmentum.com\/blog\/wp-json\/wp\/v2\/posts\/163991\/revisions"}],"wp:featuredmedia":[{"embeddable":true,"href":"https:\/\/moonmentum.com\/blog\/wp-json\/wp\/v2\/media\/164002"}],"wp:attachment":[{"href":"https:\/\/moonmentum.com\/blog\/wp-json\/wp\/v2\/media?parent=163991"}],"wp:term":[{"taxonomy":"category","embeddable":true,"href":"https:\/\/moonmentum.com\/blog\/wp-json\/wp\/v2\/categories?post=163991"},{"taxonomy":"post_tag","embeddable":true,"href":"https:\/\/moonmentum.com\/blog\/wp-json\/wp\/v2\/tags?post=163991"}],"curies":[{"name":"wp","href":"https:\/\/api.w.org\/{rel}","templated":true}]}}