{"id":168431,"date":"2013-07-24T00:06:45","date_gmt":"2013-07-24T04:36:45","guid":{"rendered":"http:\/\/www.moonmentum.com\/blog\/?p=168431"},"modified":"2013-07-26T09:23:26","modified_gmt":"2013-07-26T13:53:26","slug":"natalicio-del-libertador","status":"publish","type":"post","link":"https:\/\/moonmentum.com\/blog\/efemerides\/semilla-de-la-semana\/natalicio-del-libertador\/","title":{"rendered":"Natalicio del Libertador"},"content":{"rendered":"<p align=\"left\"><i><img loading=\"lazy\" decoding=\"async\" class=\"alignleft size-full wp-image-168504 lazyload\" style=\"--smush-placeholder-width: 250px; --smush-placeholder-aspect-ratio: 250\/214;float: left; margin: 6px;\" alt=\"Simon Bolivar\" data-src=\"http:\/\/www.moonmentum.com\/blog\/wp-content\/uploads\/2013\/07\/simon-bolivar.jpg\" width=\"250\" height=\"214\" src=\"data:image\/gif;base64,R0lGODlhAQABAAAAACH5BAEKAAEALAAAAAABAAEAAAICTAEAOw==\" \/><noscript><img loading=\"lazy\" decoding=\"async\" class=\"alignleft size-full wp-image-168504\" style=\"float: left; margin: 6px;\" alt=\"Simon Bolivar\" src=\"http:\/\/www.moonmentum.com\/blog\/wp-content\/uploads\/2013\/07\/simon-bolivar.jpg\" width=\"250\" height=\"214\" \/><\/noscript>\u201cEl arte de\u00a0vencer\u00a0se aprende en las\u00a0derrotas\u201d. <\/i><b>Sim\u00f3n Bol\u00edvar<\/b><\/p>\n<p align=\"left\"><span style=\"color: #888888;\"><em>Cada d\u00eda hay en el Universo una estela dejada por la acci\u00f3n de otros seres humanos que al igual que nosotros buscaban la excelencia. Hoy esa\u00a0 estela o\u00a0 \u201c<\/em><\/span><a href=\"http:\/\/www.moonmentum.com\/blog\/category\/efemerides\/semilla-del-dia\" target=\"_blank\"><em>semilla del d\u00eda<\/em><\/a><span style=\"color: #888888;\"><em>\u201d fue sembrada por\u2026<\/em><b>\u00a0\u00a0<!--more--><\/b><\/span><\/p>\n<p><b>Sim\u00f3n Bol\u00edvar<\/b>, militar, estadista y pol\u00edtico venezolano, uno de los libertadores de Am\u00e9rica.<\/p>\n<p align=\"left\">Sim\u00f3n Bol\u00edvar naci\u00f3 en\u00a01783 en Carcas. Fue\u00a0hijo del Coronel Juan Vicente Bol\u00edvar y Ponte y de Do\u00f1a Mar\u00eda de la Concepci\u00f3n Palacios y Blanco. Seg\u00fan los historiadores Julio Mancini el Marqu\u00e9s de Villa Urrutia y Am\u00e9rico Carnicelli, el Libertador Bol\u00edvar, se inici\u00f3 en la masoner\u00eda en 1803, en la Logia \u00abLautaro\u00bb, que funcionaba en C\u00e1diz, Espa\u00f1a, donde tambi\u00e9n se iniciaron Jos\u00e9 de San Mart\u00edn, Bernardo O&#8217;Higgins, Jos\u00e9 Miguel Carrera, Juan Mart\u00ednez de Rosas, Gregorio Argomedo, Juan Antonio Rojas, Jos\u00e9 Marra Zapiola, Carlos Marra de Alvear, Bernardo Monteagudo y Mariano Moreno, todos ellos pr\u00f3ceres de la Independencia. Estos tres historiadores coinciden en afirmar que el a\u00f1o de la iniciaci\u00f3n mas\u00f3nica del Libertador Bol\u00edvar, fue 1803. Otro historiador, el espa\u00f1ol Urrutia, se\u00f1ala la misma fecha, pero sostiene que la Logia no se llamaba \u00abLautaro\u00bb, sino \u00abCaballeros Racionales\u00bb.<\/p>\n<p>En C\u00e1diz, hab\u00eda en 1803, dos logias mas\u00f3nicas: \u00abLautaro\u00bb y \u00abCaballeros Racionales\u00bb. La confusi\u00f3n viene por las visitas que sol\u00cda hacer Bol\u00edvar a la segunda de las nombradas. La Logia \u00abLautaro\u00bb, fue fundada en 1800 por inspiraci\u00f3n de Francisco de Miranda, quien resid\u00eda en Londres, haciendo planes para una expedici\u00f3n libertadora a Venezuela.<\/p>\n<p align=\"left\">Ser presentado por un mas\u00f3n, es condici\u00f3n indispensable para optar al puesto de \u201cAprendiz\u201d, como la primera de las escalas de la masoner\u00eda. Bol\u00edvar fue presentado por su maestro\u00a0 Sim\u00f3n Rodr\u00edguez en una logia mas\u00f3nica en Par\u00eds. Asisti\u00f3 a la coronaci\u00f3n de Napole\u00f3n como Rey de Italia en Mil\u00e1n. Recorrieron, muchas veces a pie toda la pen\u00ednsula; habiendo sido invitado a una recepci\u00f3n pontificia, dio el esc\u00e1ndalo de negarse a besar la sandalia del papa P\u00edo VII. Pero es en Italia donde Bol\u00edvar har\u00eda su famoso juramento sobre el Monte Sacro de Roma de no descansar hasta no haber liberado Am\u00e9rica del yugo de sus tiranos.<\/p>\n<p>En 1823, se libr\u00f3 en el Lago de Maracaibo la batalla que sell\u00f3 la Independencia de Venezuela. Luego de esta batalla naval Morales tuvo que capitular y marcharse. En homenaje a esta importante batalla se celebra el 24 de julio el D\u00eda de la Armada Venezolana.<\/p>\n<p>A trav\u00e9s del tiempo nos han acostumbrado a celebrar la historia creada por el hombre, en d\u00edas como hoy se celebran ceremonias y homenajes a un hombre cuya historia\u00a0 es estudiada permanentemente como parte del curriculum acad\u00e9mico.<\/p>\n<p>Existe otra historia, la historia de una raza que estudiaba y veneraba con ceremonias y homenajes a la \u00abnaturaleza\u00bb (no al hombre) como expresi\u00f3n m\u00e1xima de la vida&#8230; hoy 24 de Julio, ma\u00f1ana 25 de Julio y el 26 de Julio son d\u00edas de reflexi\u00f3n, de encuentro, de respuesta (no permitas que el mundanal ruido te aleje del privilegio de estar vivo).<\/p>\n","protected":false},"excerpt":{"rendered":"<p>\u201cEl arte de\u00a0vencer\u00a0se aprende en las\u00a0derrotas\u201d. Sim\u00f3n Bol\u00edvar Cada d\u00eda hay en el Universo una estela dejada por la acci\u00f3n de otros seres humanos que al igual que nosotros buscaban la excelencia. Hoy esa\u00a0 estela o\u00a0 \u201csemilla del d\u00eda\u201d fue sembrada por\u2026\u00a0\u00a0<\/p>\n","protected":false},"author":3,"featured_media":168504,"comment_status":"open","ping_status":"closed","sticky":false,"template":"","format":"standard","meta":{"footnotes":""},"categories":[12],"tags":[1292,5899,5139,5758,343,5898,4798,481,17184,490],"class_list":{"0":"post-168431","1":"post","2":"type-post","3":"status-publish","4":"format-standard","5":"has-post-thumbnail","7":"category-semilla-de-la-semana","8":"tag-america","9":"tag-estadista","10":"tag-libertador","11":"tag-libertador-simon-bolivar","12":"tag-lourdes-mendez","13":"tag-militar","14":"tag-politico","15":"tag-semilla","16":"tag-semilla-de-la-semana","17":"tag-simon-bolivar"},"_links":{"self":[{"href":"https:\/\/moonmentum.com\/blog\/wp-json\/wp\/v2\/posts\/168431","targetHints":{"allow":["GET"]}}],"collection":[{"href":"https:\/\/moonmentum.com\/blog\/wp-json\/wp\/v2\/posts"}],"about":[{"href":"https:\/\/moonmentum.com\/blog\/wp-json\/wp\/v2\/types\/post"}],"author":[{"embeddable":true,"href":"https:\/\/moonmentum.com\/blog\/wp-json\/wp\/v2\/users\/3"}],"replies":[{"embeddable":true,"href":"https:\/\/moonmentum.com\/blog\/wp-json\/wp\/v2\/comments?post=168431"}],"version-history":[{"count":0,"href":"https:\/\/moonmentum.com\/blog\/wp-json\/wp\/v2\/posts\/168431\/revisions"}],"wp:featuredmedia":[{"embeddable":true,"href":"https:\/\/moonmentum.com\/blog\/wp-json\/wp\/v2\/media\/168504"}],"wp:attachment":[{"href":"https:\/\/moonmentum.com\/blog\/wp-json\/wp\/v2\/media?parent=168431"}],"wp:term":[{"taxonomy":"category","embeddable":true,"href":"https:\/\/moonmentum.com\/blog\/wp-json\/wp\/v2\/categories?post=168431"},{"taxonomy":"post_tag","embeddable":true,"href":"https:\/\/moonmentum.com\/blog\/wp-json\/wp\/v2\/tags?post=168431"}],"curies":[{"name":"wp","href":"https:\/\/api.w.org\/{rel}","templated":true}]}}