{"id":170266,"date":"2013-08-08T00:06:31","date_gmt":"2013-08-08T04:36:31","guid":{"rendered":"http:\/\/www.moonmentum.com\/blog\/?p=170266"},"modified":"2013-08-07T15:43:31","modified_gmt":"2013-08-07T20:13:31","slug":"el-gran-paul-dirac","status":"publish","type":"post","link":"https:\/\/moonmentum.com\/blog\/efemerides\/semilla-de-la-semana\/el-gran-paul-dirac\/","title":{"rendered":"El Gran Paul Dirac"},"content":{"rendered":"<p><img loading=\"lazy\" decoding=\"async\" class=\"alignleft size-full wp-image-170344 lazyload\" style=\"--smush-placeholder-width: 250px; --smush-placeholder-aspect-ratio: 250\/216;float: left; margin: 6px;\" alt=\"El Gran Paul Dirac\" data-src=\"http:\/\/www.moonmentum.com\/blog\/wp-content\/uploads\/2013\/08\/paul-dirac.jpg\" width=\"250\" height=\"216\" src=\"data:image\/gif;base64,R0lGODlhAQABAAAAACH5BAEKAAEALAAAAAABAAEAAAICTAEAOw==\" \/><noscript><img loading=\"lazy\" decoding=\"async\" class=\"alignleft size-full wp-image-170344\" style=\"float: left; margin: 6px;\" alt=\"El Gran Paul Dirac\" src=\"http:\/\/www.moonmentum.com\/blog\/wp-content\/uploads\/2013\/08\/paul-dirac.jpg\" width=\"250\" height=\"216\" \/><\/noscript>\u00abEn ciencia uno intenta decir a la gente, en una manera en que todos lo puedan entender, algo que nunca nadie supo antes. La poes\u00eda es exactamente lo contrario\u00bb.\u00a0<strong>Paul Adrien Maurice Dirac<\/strong><\/p>\n<p align=\"left\"><em><span style=\"color: #888888;\">Cada d\u00eda hay en el Universo una estela dejada por la acci\u00f3n de otros seres humanos que al igual que nosotros buscaban la excelencia. Hoy esa\u00a0 estela o<\/span>\u00a0 \u201c<\/em><a href=\"http:\/\/www.moonmentum.com\/blog\/category\/efemerides\/semilla-del-dia\" target=\"_blank\"><em>semilla del d\u00eda<\/em><\/a><em>\u201d <span style=\"color: #888888;\">fue sembrada por\u2026<!--more--><\/span><\/em><\/p>\n<p align=\"left\"><strong>Paul Adrien Maurice Dirac,<\/strong><b>\u00a0<\/b>f\u00edsico\u00a0te\u00f3rico\u00a0brit\u00e1nico\u00a0que contribuy\u00f3 de forma fundamental al desarrollo de la\u00a0mec\u00e1nica cu\u00e1ntica\u00a0y la\u00a0electrodin\u00e1mica cu\u00e1ntica. Ocup\u00f3 la\u00a0C\u00e1tedra Lucasiana\u00a0de\u00a0matem\u00e1ticas\u00a0de la\u00a0Universidad de Cambridge, si bien pas\u00f3 los \u00faltimos diez a\u00f1os de su vida en la\u00a0Universidad Estatal de Florida. Entre otros descubrimientos formul\u00f3 la\u00a0ecuaci\u00f3n de Dirac\u00a0que describe el comportamiento de los fermiones\u00a0y con la cual predijo la existencia de la\u00a0antimateria. Dirac comparti\u00f3 el\u00a0premio Nobel de f\u00edsica\u00a0de 1933 con\u00a0Erwin Schr\u00f6dinger, \u00abpor el descubrimiento de nuevas formas productivas de la\u00a0teor\u00eda at\u00f3mica\u00bb.<\/p>\n<p align=\"left\">Dirac era conocido entre sus colegas por su naturaleza precisa y taciturna. Cuando\u00a0Niels Bohr\u00a0se quejaba de que no sab\u00eda c\u00f3mo acabar una determinada frase en un art\u00edculo cient\u00edfico, Dirac le replic\u00f3: \u00ab<em>A m\u00ed me ense\u00f1aron en la escuela que nunca se debe empezar una frase sin saber el final de la misma<\/em>\u00ab. Cuando visit\u00f3 la\u00a0U.R.S.S., fue invitado a una conferencia en filosof\u00eda de la f\u00edsica. \u00c9l simplemente se puso de pie y escribi\u00f3 en la pizarra:\u00a0<em>\u00abLas leyes f\u00edsicas deben tener la simplicidad y belleza de las matem\u00e1ticas\u00bb<\/em>.<\/p>\n<p align=\"left\">Cuando en una ocasi\u00f3n le preguntaron sobre\u00a0poes\u00eda, contest\u00f3:\u00a0<em>\u00aben ciencia uno intenta decir a la gente, en una manera en que todos lo puedan entender, algo que nunca nadie supo antes. La poes\u00eda es exactamente lo contrario\u00bb<\/em>.<\/p>\n<p align=\"left\">Dirac era tambi\u00e9n reconocido por su modestia. Llam\u00f3 a la ecuaci\u00f3n de la evoluci\u00f3n temporal de un operador mecano-cu\u00e1ntico,\u00a0<em>\u00abla ecuaci\u00f3n de movimiento de Heisenberg<\/em>\u00ab, cuando fue \u00e9l el primero en escribirla. Para referirse a la\u00a0estad\u00edstica de Fermi-Dirac\u00a0el siempre insisti\u00f3 en decir estad\u00edstica de Fermi.<\/p>\n<p align=\"left\">Dirac es ampliamente considerado como uno de los f\u00edsicos m\u00e1s importantes de todos los tiempos. Fue uno de los fundadores de la\u00a0mec\u00e1nica cu\u00e1ntica\u00a0y la\u00a0electrodin\u00e1mica cu\u00e1ntica, siendo considerado por algunos f\u00edsicos como el f\u00edsico m\u00e1s relevante del siglo XX.<\/p>\n<p align=\"left\">Sus primeras aportaciones incluyen el c\u00e1lculo moderno de operadores para la\u00a0mec\u00e1nica cu\u00e1ntica, que \u00e9l llam\u00f3 Teor\u00eda de Transformaciones, as\u00ed como una versi\u00f3n temprana de la formulaci\u00f3n de\u00a0integrales de camino. Tambi\u00e9n cre\u00f3 un formalismo de muchos cuerpos para la\u00a0mec\u00e1nica cu\u00e1ntica\u00a0que permit\u00eda que cada part\u00edcula tuviera su propio tiempo.<\/p>\n<p align=\"left\"><i>Una reciente biograf\u00eda \u00abThe strangest man\u00bb, de <\/i><a title=\"Graham Farmelo (a\u00fan no redactado)\" href=\"http:\/\/es.wikipedia.org\/w\/index.php?title=Graham_Farmelo&amp;action=edit&amp;redlink=1\"><i>Graham Farmelo<\/i><\/a><i>, ha sugerido que era autista.<\/i><\/p>\n<p><i>\u201cEnerg\u00eda viva que puedes plantar en tu vida\u201d.<\/i><b><\/b><\/p>\n","protected":false},"excerpt":{"rendered":"<p>\u00abEn ciencia uno intenta decir a la gente, en una manera en que todos lo puedan entender, algo que nunca nadie supo antes. La poes\u00eda es exactamente lo contrario\u00bb.\u00a0Paul Adrien Maurice Dirac Cada d\u00eda hay en el Universo una estela dejada por la acci\u00f3n de otros seres humanos que al igual que nosotros buscaban la [&hellip;]<\/p>\n","protected":false},"author":3,"featured_media":170344,"comment_status":"open","ping_status":"closed","sticky":false,"template":"","format":"standard","meta":{"footnotes":""},"categories":[12],"tags":[16293,946,343,6162,481,17184,16292],"class_list":{"0":"post-170266","1":"post","2":"type-post","3":"status-publish","4":"format-standard","5":"has-post-thumbnail","7":"category-semilla-de-la-semana","8":"tag-autista","9":"tag-fisico","10":"tag-lourdes-mendez","11":"tag-paul-adrien-maurice-dirac","12":"tag-semilla","13":"tag-semilla-de-la-semana","14":"tag-teorico"},"_links":{"self":[{"href":"https:\/\/moonmentum.com\/blog\/wp-json\/wp\/v2\/posts\/170266","targetHints":{"allow":["GET"]}}],"collection":[{"href":"https:\/\/moonmentum.com\/blog\/wp-json\/wp\/v2\/posts"}],"about":[{"href":"https:\/\/moonmentum.com\/blog\/wp-json\/wp\/v2\/types\/post"}],"author":[{"embeddable":true,"href":"https:\/\/moonmentum.com\/blog\/wp-json\/wp\/v2\/users\/3"}],"replies":[{"embeddable":true,"href":"https:\/\/moonmentum.com\/blog\/wp-json\/wp\/v2\/comments?post=170266"}],"version-history":[{"count":0,"href":"https:\/\/moonmentum.com\/blog\/wp-json\/wp\/v2\/posts\/170266\/revisions"}],"wp:featuredmedia":[{"embeddable":true,"href":"https:\/\/moonmentum.com\/blog\/wp-json\/wp\/v2\/media\/170344"}],"wp:attachment":[{"href":"https:\/\/moonmentum.com\/blog\/wp-json\/wp\/v2\/media?parent=170266"}],"wp:term":[{"taxonomy":"category","embeddable":true,"href":"https:\/\/moonmentum.com\/blog\/wp-json\/wp\/v2\/categories?post=170266"},{"taxonomy":"post_tag","embeddable":true,"href":"https:\/\/moonmentum.com\/blog\/wp-json\/wp\/v2\/tags?post=170266"}],"curies":[{"name":"wp","href":"https:\/\/api.w.org\/{rel}","templated":true}]}}