{"id":172253,"date":"2013-08-27T00:06:15","date_gmt":"2013-08-27T04:36:15","guid":{"rendered":"http:\/\/www.moonmentum.com\/blog\/?p=172253"},"modified":"2013-08-27T08:51:11","modified_gmt":"2013-08-27T13:21:11","slug":"hegel-un-revolucionario-de-la-dialectica","status":"publish","type":"post","link":"https:\/\/moonmentum.com\/blog\/efemerides\/semilla-de-la-semana\/hegel-un-revolucionario-de-la-dialectica\/","title":{"rendered":"Hegel, un revolucionario de la Dial\u00e9ctica"},"content":{"rendered":"<p><a href=\"http:\/\/www.moonmentum.com\/blog\/efemerides\/semilla-del-dia\/hegel-un-revolucionario-de-la-dialectica\/attachment\/hegel\" rel=\"attachment wp-att-172279\"><img loading=\"lazy\" decoding=\"async\" class=\"alignnone size-medium wp-image-172279 lazyload\" style=\"--smush-placeholder-width: 243px; --smush-placeholder-aspect-ratio: 243\/250;float: left; margin: 6px;\" alt=\"hegel\" data-src=\"http:\/\/www.moonmentum.com\/blog\/wp-content\/uploads\/2013\/08\/106b067fae6713fcd24e91fc2ae21f4e-291x300.jpg\" width=\"243\" height=\"250\" src=\"data:image\/gif;base64,R0lGODlhAQABAAAAACH5BAEKAAEALAAAAAABAAEAAAICTAEAOw==\" \/><noscript><img loading=\"lazy\" decoding=\"async\" class=\"alignnone size-medium wp-image-172279\" style=\"float: left; margin: 6px;\" alt=\"hegel\" src=\"http:\/\/www.moonmentum.com\/blog\/wp-content\/uploads\/2013\/08\/106b067fae6713fcd24e91fc2ae21f4e-291x300.jpg\" width=\"243\" height=\"250\" \/><\/noscript><\/a>\u201cYo s\u00e9 de mi objeto y s\u00e9 de m\u00ed; ambas cosas son inseparables\u201d.<em><\/em><\/p>\n<p align=\"left\"><em><span style=\"color: #888888;\">Cada d\u00eda hay en el Universo una estela dejada por la acci\u00f3n de otros seres humanos que al igual que nosotros buscaban la excelencia. Hoy esa\u00a0 estela o<\/span>\u00a0 \u201c<\/em><a href=\"http:\/\/www.moonmentum.com\/blog\/category\/efemerides\/semilla-del-dia\" target=\"_blank\"><em>semilla del d\u00eda<\/em><\/a><em>\u201d <span style=\"color: #888888;\">fue sembrada por\u2026<\/span><\/em><\/p>\n<p><b>Georg Wilhelm Friedrich Hegel, <\/b><b>el \u00faltimo de los<\/b><b>\u00a0<\/b><b>M\u00e1s Grandes Metaf\u00edsicos. <\/b><\/p>\n<p>Le fascinaron las obras de\u00a0Plat\u00f3n,\u00a0Arist\u00f3teles,\u00a0Descartes,\u00a0Spinoza,\u00a0Kant,\u00a0Rousseau.<!--more--><b><\/b><\/p>\n<p>Considerado por la Historia Cl\u00e1sica de la Filosof\u00eda como el representante de\u00a0<i>la cumbre del movimiento<\/i><i>\u00a0<\/i><i>decimon\u00f3nico<\/i><i>\u00a0<\/i><i>alem\u00e1n del<\/i><i>\u00a0<\/i><i>idealismo<\/i><i>\u00a0<\/i><i>filos\u00f3fico<\/i>\u00a0y como habr\u00eda de tener un impacto profundo en el\u00a0materialismo hist\u00f3rico\u00a0de\u00a0Karl Marx. Hegel es c\u00e9lebre como\u00a0<i>un fil\u00f3sofo muy oscuro, pero muy original, trascendente para la historia de la filosof\u00eda y que sorprende a cada nueva generaci\u00f3n<\/i>.<\/p>\n<p>La prueba est\u00e1 en que\u00a0<i>la profundidad de su pensamiento gener\u00f3 una serie de reacciones y revoluciones que inauguraron toda una nueva visi\u00f3n de hacer filosof\u00eda<\/i>; que van desde la explicaci\u00f3n del materialismo Marxista, el pre-existencialismo de\u00a0S\u00f8ren Kierkegaard, el escape de la Metaf\u00edsica de\u00a0Friedrich Nietzsche, la cr\u00edtica a la\u00a0Ontolog\u00eda\u00a0de\u00a0Martin Heidegger, el pensamiento de Jean-Paul Sartre, la filosof\u00eda nietzscheana de\u00a0Georges Bataille\u00a0y la teor\u00eda de la\u00a0deconstrucci\u00f3n\u00a0de\u00a0Jaques Derrida, entre otros. Desde sus principios hasta nuestros d\u00edas sus escritos siguen teniendo gran repercusi\u00f3n, en parte debido a las m\u00faltiples interpretaciones posibles que tienen sus textos.<\/p>\n<p>Actualmente, la\u00a0<i>Fenomenolog\u00eda del esp\u00edritu<\/i>\u00a0es considerada la m\u00e1s importante obra de Hegel.\u00a0Mientras viv\u00eda, public\u00f3 adem\u00e1s la\u00a0<i>Ciencia de la l\u00f3gica<\/i>\u00a0(1812-1816), la\u00a0<i>Enciclopedia de las ciencias filos\u00f3ficas<\/i>\u00a0(1817, con varias reediciones posteriores) y la\u00a0<i>Filosof\u00eda del derecho<\/i>\u00a0(1821). Varias otras obras sobre la filosof\u00eda de la historia, religi\u00f3n, est\u00e9tica y la historia de la filosof\u00eda se recopilaron a partir de los apuntes de sus estudiantes y se publicaron p\u00f3stumamente.<\/p>\n<p><b>La filosof\u00eda de la historia de Hegel<\/b> est\u00e1 tambi\u00e9n marcada por los conceptos de las \u00abastucias de la raz\u00f3n\u00bb y la \u00abburla de la historia\u00bb; la historia conduce a los hombres que creen conducirse a s\u00ed mismos, como individuos y como sociedades, y castiga sus pretensiones de modo que la historia-mundo se burla de ellos produciendo resultados exactamente contrarios, parad\u00f3jicos, a los pretendidos por sus autores, aunque finalmente la historia se reordena, y en un bucle fant\u00e1stico retrocede sobre s\u00ed misma y con su burla y paradoja sarc\u00e1stica, convertida en mecanismo de cifrado, crea tambi\u00e9n ella misma sin quererlo, realidades y <b>s\u00edmbolos ocultos al mundo y accesibles s\u00f3lo a los cognoscentes,<\/b> es decir, a aquellos que quieren conocer.<\/p>\n<p><i>\u201cEnerg\u00eda viva que puedes plantar en tu vida\u201d.<\/i><em><\/em><\/p>\n","protected":false},"excerpt":{"rendered":"<p>\u201cYo s\u00e9 de mi objeto y s\u00e9 de m\u00ed; ambas cosas son inseparables\u201d. Cada d\u00eda hay en el Universo una estela dejada por la acci\u00f3n de otros seres humanos que al igual que nosotros buscaban la excelencia. Hoy esa\u00a0 estela o\u00a0 \u201csemilla del d\u00eda\u201d fue sembrada por\u2026 Georg Wilhelm Friedrich Hegel, el \u00faltimo de los\u00a0M\u00e1s [&hellip;]<\/p>\n","protected":false},"author":3,"featured_media":172279,"comment_status":"open","ping_status":"closed","sticky":false,"template":"","format":"standard","meta":{"footnotes":""},"categories":[12],"tags":[6513,16383,343,481,17184],"class_list":{"0":"post-172253","1":"post","2":"type-post","3":"status-publish","4":"format-standard","5":"has-post-thumbnail","7":"category-semilla-de-la-semana","8":"tag-georg-wilhelm-friedrich-hegel","9":"tag-grandes-metafisicos","10":"tag-lourdes-mendez","11":"tag-semilla","12":"tag-semilla-de-la-semana"},"_links":{"self":[{"href":"https:\/\/moonmentum.com\/blog\/wp-json\/wp\/v2\/posts\/172253","targetHints":{"allow":["GET"]}}],"collection":[{"href":"https:\/\/moonmentum.com\/blog\/wp-json\/wp\/v2\/posts"}],"about":[{"href":"https:\/\/moonmentum.com\/blog\/wp-json\/wp\/v2\/types\/post"}],"author":[{"embeddable":true,"href":"https:\/\/moonmentum.com\/blog\/wp-json\/wp\/v2\/users\/3"}],"replies":[{"embeddable":true,"href":"https:\/\/moonmentum.com\/blog\/wp-json\/wp\/v2\/comments?post=172253"}],"version-history":[{"count":0,"href":"https:\/\/moonmentum.com\/blog\/wp-json\/wp\/v2\/posts\/172253\/revisions"}],"wp:featuredmedia":[{"embeddable":true,"href":"https:\/\/moonmentum.com\/blog\/wp-json\/wp\/v2\/media\/172279"}],"wp:attachment":[{"href":"https:\/\/moonmentum.com\/blog\/wp-json\/wp\/v2\/media?parent=172253"}],"wp:term":[{"taxonomy":"category","embeddable":true,"href":"https:\/\/moonmentum.com\/blog\/wp-json\/wp\/v2\/categories?post=172253"},{"taxonomy":"post_tag","embeddable":true,"href":"https:\/\/moonmentum.com\/blog\/wp-json\/wp\/v2\/tags?post=172253"}],"curies":[{"name":"wp","href":"https:\/\/api.w.org\/{rel}","templated":true}]}}