{"id":176157,"date":"2013-10-04T00:06:24","date_gmt":"2013-10-04T04:36:24","guid":{"rendered":"http:\/\/www.moonmentum.com\/blog\/?p=176157"},"modified":"2013-10-03T14:43:49","modified_gmt":"2013-10-03T19:13:49","slug":"max-planck-un-genio-de-la-ciencia","status":"publish","type":"post","link":"https:\/\/moonmentum.com\/blog\/efemerides\/semilla-de-la-semana\/max-planck-un-genio-de-la-ciencia\/","title":{"rendered":"Max Planck, un genio de la ciencia"},"content":{"rendered":"<p><i><img loading=\"lazy\" decoding=\"async\" class=\"alignleft size-full wp-image-176199 lazyload\" style=\"--smush-placeholder-width: 179px; --smush-placeholder-aspect-ratio: 179\/250;float: left; margin: 6px;\" alt=\"Max Planck\" data-src=\"http:\/\/www.moonmentum.com\/blog\/wp-content\/uploads\/2013\/10\/max-planck.jpg\" width=\"179\" height=\"250\" src=\"data:image\/gif;base64,R0lGODlhAQABAAAAACH5BAEKAAEALAAAAAABAAEAAAICTAEAOw==\" \/><noscript><img loading=\"lazy\" decoding=\"async\" class=\"alignleft size-full wp-image-176199\" style=\"float: left; margin: 6px;\" alt=\"Max Planck\" src=\"http:\/\/www.moonmentum.com\/blog\/wp-content\/uploads\/2013\/10\/max-planck.jpg\" width=\"179\" height=\"250\" \/><\/noscript>\u201c<\/i><i>La ciencia no puede resolver el \u00faltimo misterio de la naturaleza. Y eso se debe a que, en \u00faltima instancia, nosotros mismos somos una parte del misterio que estamos tratando de resolver\u201d.<\/i> <b>Max Planck<\/b><\/p>\n<p>&nbsp;<\/p>\n<p><span style=\"color: #888888;\">Cada d\u00eda hay en el Universo una estela dejada por la acci\u00f3n de otros seres humanos que al igual que nosotros buscaban la excelencia. Hoy esa\u00a0 estela o \u201c<a href=\"http:\/\/www.moonmentum.com\/blog\/category\/efemerides\/semilla-del-dia\" target=\"_blank\"><span style=\"color: #888888;\">semilla del d\u00eda<\/span><\/a>\u201d fue sembrada por\u2026<\/span><\/p>\n<p align=\"left\"><b>Max Planck<\/b>, f\u00edsico alem\u00e1n, premio Nobel de F\u00edsica en 1918, considerado como el inventor de la teor\u00eda cu\u00e1ntica.<!--more--><\/p>\n<p align=\"left\"><span style=\"font-size: large;\"><b>Planck en 1929<\/b><\/span><\/p>\n<p align=\"left\">A los 16 a\u00f1os obtuvo su <i>Schulabschluss<\/i> o graduaci\u00f3n. Como mostraba talento para la m\u00fasica (tocaba el \u00f3rgano, el piano y el cello), la filolog\u00eda cl\u00e1sica y las ciencias, dud\u00f3 a la hora de elegir su orientaci\u00f3n acad\u00e9mica. Al consultar al profesor de f\u00edsica Philipp von Jolly \u00e9ste respondi\u00f3 que en f\u00edsica lo esencial estaba ya descubierto, y que quedaban pocos huecos por rellenar, concepci\u00f3n que compart\u00edan muchos otros f\u00edsicos de su tiempo. Planck, que repuso a su profesor que no ten\u00eda inter\u00e9s en descubrir nuevos mundos sino en comprender los fundamentos de la f\u00edsica, finalmente se decidi\u00f3 por esta materia.<\/p>\n<p align=\"left\">Aunque en un principio fue ignorado por la comunidad cient\u00edfica, profundiz\u00f3 en el estudio de la teor\u00eda del calor y descubri\u00f3, uno tras otro, los mismos principios que ya hab\u00eda enunciado Josiah Willard Gibbs (sin conocerlos previamente, pues no hab\u00edan sido divulgados). Las ideas de Clausius sobre la entrop\u00eda ocuparon un espacio central en sus pensamientos.<\/p>\n<p align=\"left\">En 1900, descubri\u00f3 una constante fundamental, la denominada Constante de Planck, usada para calcular la energ\u00eda de un fot\u00f3n. Planck establece que la energ\u00eda se radia en unidades peque\u00f1as denominadas cuantos. La ley de Planck relaciona que la energ\u00eda de cada cuanto es igual a la frecuencia de la radiaci\u00f3n multiplicada por la Constante de Planck. Un a\u00f1o despu\u00e9s descubri\u00f3 la ley de radiaci\u00f3n del calor, denominada Ley de Planck, que explica el espectro de emisi\u00f3n de un cuerpo negro. Esta ley se convirti\u00f3 en una de las bases de la teor\u00eda cu\u00e1ntica, que emergi\u00f3 unos a\u00f1os m\u00e1s tarde con la colaboraci\u00f3n de Albert Einstein y Niels Bohr.<\/p>\n<p>En 1910 Einstein precis\u00f3 el comportamiento an\u00f3malo del calor espec\u00edfico en bajas temperaturas como otro ejemplo de un fen\u00f3meno que desaf\u00eda la explicaci\u00f3n de la f\u00edsica cl\u00e1sica. Planck y Walther Nernst para clarificar las contradicciones que aparec\u00edan en la f\u00edsica organiz\u00f3 la primera Conferencia Solvay, realizada en Bruselas en 1911. En esta reuni\u00f3n, Einstein finalmente convenci\u00f3 a Planck sobre sus investigaciones y sus dudas. A partir de aquel momento les uni\u00f3 una gran amistad, siendo nombrado Albert Einstein profesor de f\u00edsica en la universidad de Berl\u00edn mientras que Planck fue decano.<b>\u00a0\u00a0\u00a0\u00a0\u00a0\u00a0\u00a0\u00a0\u00a0\u00a0 <\/b><\/p>\n<p><i>\u201cEnerg\u00eda viva, que puedes plantar en tu vida\u201d .<\/i><\/p>\n","protected":false},"excerpt":{"rendered":"<p>\u201cLa ciencia no puede resolver el \u00faltimo misterio de la naturaleza. Y eso se debe a que, en \u00faltima instancia, nosotros mismos somos una parte del misterio que estamos tratando de resolver\u201d. Max Planck &nbsp; Cada d\u00eda hay en el Universo una estela dejada por la acci\u00f3n de otros seres humanos que al igual que [&hellip;]<\/p>\n","protected":false},"author":3,"featured_media":176199,"comment_status":"open","ping_status":"closed","sticky":false,"template":"","format":"standard","meta":{"footnotes":""},"categories":[12],"tags":[590,343,367,16569,481,17184],"class_list":{"0":"post-176157","1":"post","2":"type-post","3":"status-publish","4":"format-standard","5":"has-post-thumbnail","7":"category-semilla-de-la-semana","8":"tag-ciencia","9":"tag-lourdes-mendez","10":"tag-max-planck","11":"tag-planck","12":"tag-semilla","13":"tag-semilla-de-la-semana"},"_links":{"self":[{"href":"https:\/\/moonmentum.com\/blog\/wp-json\/wp\/v2\/posts\/176157","targetHints":{"allow":["GET"]}}],"collection":[{"href":"https:\/\/moonmentum.com\/blog\/wp-json\/wp\/v2\/posts"}],"about":[{"href":"https:\/\/moonmentum.com\/blog\/wp-json\/wp\/v2\/types\/post"}],"author":[{"embeddable":true,"href":"https:\/\/moonmentum.com\/blog\/wp-json\/wp\/v2\/users\/3"}],"replies":[{"embeddable":true,"href":"https:\/\/moonmentum.com\/blog\/wp-json\/wp\/v2\/comments?post=176157"}],"version-history":[{"count":0,"href":"https:\/\/moonmentum.com\/blog\/wp-json\/wp\/v2\/posts\/176157\/revisions"}],"wp:featuredmedia":[{"embeddable":true,"href":"https:\/\/moonmentum.com\/blog\/wp-json\/wp\/v2\/media\/176199"}],"wp:attachment":[{"href":"https:\/\/moonmentum.com\/blog\/wp-json\/wp\/v2\/media?parent=176157"}],"wp:term":[{"taxonomy":"category","embeddable":true,"href":"https:\/\/moonmentum.com\/blog\/wp-json\/wp\/v2\/categories?post=176157"},{"taxonomy":"post_tag","embeddable":true,"href":"https:\/\/moonmentum.com\/blog\/wp-json\/wp\/v2\/tags?post=176157"}],"curies":[{"name":"wp","href":"https:\/\/api.w.org\/{rel}","templated":true}]}}