{"id":184893,"date":"2014-02-17T00:06:38","date_gmt":"2014-02-17T04:36:38","guid":{"rendered":"http:\/\/moonmentum.com\/blog\/?p=184893"},"modified":"2014-02-13T15:13:26","modified_gmt":"2014-02-13T19:43:26","slug":"de-mujer-a-cisne","status":"publish","type":"post","link":"https:\/\/moonmentum.com\/blog\/efemerides\/semilla-de-la-semana\/de-mujer-a-cisne\/","title":{"rendered":"De mujer a cisne\u2026"},"content":{"rendered":"<p><b style=\"line-height: 1.5em;\"><i><img loading=\"lazy\" decoding=\"async\" class=\"alignleft size-full wp-image-184925 lazyload\" style=\"--smush-placeholder-width: 250px; --smush-placeholder-aspect-ratio: 250\/188;float: left; margin: 6px;\" alt=\"Fotor0213150733\" data-src=\"http:\/\/moonmentum.com\/blog\/wp-content\/uploads\/2014\/02\/fotor0213150733.png\" width=\"250\" height=\"188\" data-srcset=\"https:\/\/moonmentum.com\/blog\/wp-content\/uploads\/2014\/02\/fotor0213150733.png 1024w, https:\/\/moonmentum.com\/blog\/wp-content\/uploads\/2014\/02\/fotor0213150733-768x576.png 768w, https:\/\/moonmentum.com\/blog\/wp-content\/uploads\/2014\/02\/fotor0213150733-265x198.png 265w\" data-sizes=\"auto, (max-width: 250px) 100vw, 250px\" src=\"data:image\/gif;base64,R0lGODlhAQABAAAAACH5BAEKAAEALAAAAAABAAEAAAICTAEAOw==\" \/><noscript><img loading=\"lazy\" decoding=\"async\" class=\"alignleft size-full wp-image-184925\" style=\"float: left; margin: 6px;\" alt=\"Fotor0213150733\" src=\"http:\/\/moonmentum.com\/blog\/wp-content\/uploads\/2014\/02\/fotor0213150733.png\" width=\"250\" height=\"188\" srcset=\"https:\/\/moonmentum.com\/blog\/wp-content\/uploads\/2014\/02\/fotor0213150733.png 1024w, https:\/\/moonmentum.com\/blog\/wp-content\/uploads\/2014\/02\/fotor0213150733-768x576.png 768w, https:\/\/moonmentum.com\/blog\/wp-content\/uploads\/2014\/02\/fotor0213150733-265x198.png 265w\" sizes=\"auto, (max-width: 250px) 100vw, 250px\" \/><\/noscript>Semilla<\/i><\/b><i style=\"line-height: 1.5em;\">: Personaje que se convierte en efem\u00e9rides por su legado<\/i><\/p>\n<p>En t\u00e9rminos de f\u00edsica cu\u00e1ntica cuando emulamos una acci\u00f3n, \u00e9sta se convierte poco a poco en realidad. Entonces, si todos logr\u00e1ramos conectar directamente con las acciones de nuestros \u00eddolos de la historia seguramente cada d\u00eda seremos mejores personas dando forma a las efem\u00e9rides del futuro.<!--more--><\/p>\n<p>Te invito a que leas la historia de nuestras Semillas tomando conciencia sobre lo que podr\u00edas hacer para trascender en el tiempo<sup class='footnote'><a href='#fn-184893-1' id='fnref-184893-1' onclick='return fdfootnote_show(184893)'>1<\/a><\/sup>.<\/p>\n<p><em><span style=\"color: #888888;\">Cada d\u00eda hay en el Universo una estela dejada por la acci\u00f3n de otros seres humanos que al igual que nosotros buscaban la excelencia. Durante esta semana esa\u00a0 estela o<\/span> <span style=\"color: #0000ff;\">\u201c<\/span><\/em><span style=\"color: #0000ff;\"><em><span style=\"text-decoration: underline;\">semilla<\/span><\/em><\/span><em><span style=\"color: #0000ff;\">\u201d<\/span> <span style=\"background-color: #ffffff; color: #888888;\">fue sembrada por\u2026<\/span><\/em><\/p>\n<p><a href=\"http:\/\/wp.me\/p3Cddp-yKH\" target=\"_blank\">Miguel \u00c1ngel<\/a><strong><\/strong><\/p>\n<p><a href=\"http:\/\/wp.me\/p3Cddp-yKI\" target=\"_blank\">Nicol\u00e1s Cop\u00e9rnico<\/a><strong><\/strong><\/p>\n<p><a href=\"http:\/\/wp.me\/p3Cddp-yKJ\" target=\"_blank\">Juan Vicente Torrealba<\/a><strong><\/strong><\/p>\n<p><a href=\"http:\/\/wp.me\/p3Cddp-yWL\" target=\"_blank\">Baruch Spinoza<\/a><strong><\/strong><\/p>\n<p><a href=\"http:\/\/wp.me\/p3Cddp-yWM\" target=\"_blank\">Baden-Powell<\/a><strong><\/strong><\/p>\n<p><a href=\"http:\/\/wp.me\/p3Cddp-yWN\" target=\"_blank\">Georg Friedrich H\u00e4ndel<\/a><\/p>\n<p>Pero en esta semana destacan dos principalmente:<\/p>\n<p><a href=\"http:\/\/wp.me\/p3Cddp-yKG\" target=\"_blank\">Giordano Bruno<\/a><\/p>\n<p><img loading=\"lazy\" decoding=\"async\" class=\"alignleft size-full wp-image-80782 lazyload\" style=\"--smush-placeholder-width: 139px; --smush-placeholder-aspect-ratio: 139\/200;margin: 6px;\" alt=\"Giordano Bruno - Semilla 02\" data-src=\"http:\/\/moonmentum.com\/blog\/wp-content\/uploads\/2012\/02\/giordano-bruno-semilla-02.jpg\" width=\"139\" height=\"200\" src=\"data:image\/gif;base64,R0lGODlhAQABAAAAACH5BAEKAAEALAAAAAABAAEAAAICTAEAOw==\" \/><noscript><img loading=\"lazy\" decoding=\"async\" class=\"alignleft size-full wp-image-80782\" style=\"margin: 6px;\" alt=\"Giordano Bruno - Semilla 02\" src=\"http:\/\/moonmentum.com\/blog\/wp-content\/uploads\/2012\/02\/giordano-bruno-semilla-02.jpg\" width=\"139\" height=\"200\" \/><\/noscript>Sacerdote, fil\u00f3sofo, te\u00f3logo, matem\u00e1tico, poeta y astr\u00f3nomo italiano. Fue expulsado de la iglesia y sus trabajos fueron quemados en la plaza p\u00fablica.<strong><\/strong><\/p>\n<p>Fue uno de los primeros cient\u00edficos y pensadores que se atrevi\u00f3 abiertamente a sostener la equivocaci\u00f3n del planteo aristot\u00e9lico Ptolomista de la Tierra como centro del universo y de la inmutabilidad de las especies y de la creaci\u00f3n. La obra bruniana es consistente en la defensa de la superioridad de la vida te\u00f3rica frente a la vida pr\u00e1ctica y la reivindicaci\u00f3n del car\u00e1cter profesional del fil\u00f3sofo.<\/p>\n<p>A juicio de Bruno existe una separaci\u00f3n entre filosof\u00eda y religi\u00f3n y es equivocada la concepci\u00f3n tomista (Santo Tom\u00e1s de Aquino) de la filosof\u00eda como\u00a0<em>ancilla fidei<\/em>, es decir, como esclava de la religi\u00f3n. Bruno defender\u00e1, como har\u00e1n a su modo todos los copernicanos (Nicol\u00e1s Cop\u00e9rnico), que la religi\u00f3n debe ser entendida como una ley destinada al gobierno de las masas incapaces de regirse por la raz\u00f3n y es por ello que los buenos te\u00f3logos no deben entrometerse en la vida de los fil\u00f3sofos, del mismo modo que los fil\u00f3sofos respetar\u00e1n el trabajo de los te\u00f3logos en su tarea de gobierno de las masas populares.<\/p>\n<p>Fue literal y salvajemente muerto en una pira incendiaria encendida en el a\u00f1o 1.600 por la autoproclamada Santa Inquisici\u00f3n, pretendiendo hacerlo en nombre de un Dogma de fe, en nombre del Se\u00f1or y de la verdad religiosa, la \u00fanica verdad revelada. Durante todo el tiempo fue acompa\u00f1ado por monjes de la iglesia, antes de ser ejecutado en la hoguera uno de ellos le ofreci\u00f3 un crucifijo para besarlo el cual rechaz\u00f3 y dijo que morir\u00eda como un m\u00e1rtir y que su alma subir\u00eda con el fuego al para\u00edso. Fue quemado el 17 de febrero de 1600 en Campo dei Fiori, Roma.<\/p>\n<p><strong>Si quieres leer m\u00e1s sobre \u00e9l, entra <a href=\"http:\/\/moonmentum.com\/blog\/codex\/multimedia\/giordano-bruno-2\" target=\"_blank\">aqu\u00ed<\/a>.\u00a0<\/strong><\/p>\n<p><a href=\"http:\/\/wp.me\/p3Cddp-yKI\">Nicol\u00e1s Cop\u00e9rnico<\/a><strong><\/strong><\/p>\n<p><img loading=\"lazy\" decoding=\"async\" class=\"alignleft size-full wp-image-81338 lazyload\" style=\"--smush-placeholder-width: 158px; --smush-placeholder-aspect-ratio: 158\/200;float: left; margin: 6px;\" alt=\"Nicolas Copernico\" data-src=\"http:\/\/moonmentum.com\/blog\/wp-content\/uploads\/2012\/02\/nicolas-copernic.jpg\" width=\"158\" height=\"200\" src=\"data:image\/gif;base64,R0lGODlhAQABAAAAACH5BAEKAAEALAAAAAABAAEAAAICTAEAOw==\" \/><noscript><img loading=\"lazy\" decoding=\"async\" class=\"alignleft size-full wp-image-81338\" style=\"float: left; margin: 6px;\" alt=\"Nicolas Copernico\" src=\"http:\/\/moonmentum.com\/blog\/wp-content\/uploads\/2012\/02\/nicolas-copernic.jpg\" width=\"158\" height=\"200\" \/><\/noscript>Considerado como el fundador de la astronom\u00eda moderna, proporcionando las bases que permitieron a Newton culminar la revoluci\u00f3n astron\u00f3mica, al pasar de un cosmos geoc\u00e9ntrico a un universo helioc\u00e9ntrico y cambiando irreversiblemente la visi\u00f3n del cosmos que hab\u00eda prevalecido hasta entonces.<\/p>\n<p>As\u00ed, lo que se conoce como\u00a0<em>Revoluci\u00f3n Copernicana<\/em>\u00a0es su formulaci\u00f3n de la teor\u00eda helioc\u00e9ntrica, seg\u00fan la cual, la Tierra y los otros planetas giran alrededor del Sol. Fue el astr\u00f3nomo que formul\u00f3 la primera Teor\u00eda helioc\u00e9ntrica del Sistema Solar.<\/p>\n<p>Su libro, \u201cDe Revolutionibus Orbium Coelestium\u201d (de las revoluciones de las esferas celestes), es usualmente concebido como el punto inicial de la astronom\u00eda moderna.\u00a0Entre los grandes eruditos de la Revoluci\u00f3n Cient\u00edfica, Cop\u00e9rnico era matem\u00e1tico, astr\u00f3nomo, jurista, f\u00edsico, cl\u00e9rigo cat\u00f3lico, gobernador, administrador, l\u00edder militar, diplom\u00e1tico y economista.<\/p>\n<p>Junto con sus extensas responsabilidades, la astronom\u00eda figuraba como poco m\u00e1s que una distracci\u00f3n. Mientras que la teor\u00eda helioc\u00e9ntrica hab\u00eda sido formulada por sabios griegos, hind\u00faes y musulmanes siglos antes que Cop\u00e9rnico, su reiteraci\u00f3n de que el Sol (en lugar de la Tierra) est\u00e1 en el centro del Sistema Solar es considerada como una de las teor\u00edas m\u00e1s importantes en la historia de la ciencia occidental.<\/p>\n<p>Pone en tela de juicio que el hombre est\u00e1 en el centro del Universo para contemplarlo significa ir en contra del m\u00e1s grande de los ideales: el de la contemplaci\u00f3n por parte del hombre de la majestuosidad de los cielos hechos por Dios.<\/p>\n<p>La importancia de la obra de Cop\u00e9rnico es ser una obra revolucionaria, precursora de grandes cambios cient\u00edficos. Dicho car\u00e1cter revolucionario no est\u00e1 s\u00f3lo en sus escritos sino en poner en marcha unos caminos que romper\u00e1n las barreras del pensamiento. No debemos olvidar que la obra de Cop\u00e9rnico sigue ligada al Mundo Antiguo, ya que ciertas premisas plat\u00f3nicas siguen vigentes en su pensamiento como los dos grandes principios de uniformidad y circularidad.<\/p>\n<p>Sin embargo, con su obra se afianza otra gran idea propia de la modernidad: la naturaleza va perdiendo su car\u00e1cter teol\u00f3gico, el hombre ya no es el centro del Universo, sino que Cop\u00e9rnico le desplaza a una posici\u00f3n m\u00f3vil, como la de cualquier otro planeta. A partir de Cop\u00e9rnico se desencadena la idea de que el hombre ahora est\u00e1 gobernado por su Raz\u00f3n, que ser\u00e1 la facultad del ser humano que hace que tome parte en el ordenamiento del Universo. As\u00ed el hombre pasa a ser un ser aut\u00f3nomo que basa dicha autonom\u00eda en su capacidad de raciocinio. La raz\u00f3n humana puede ahora apoderarse de la Naturaleza: dominarla y controlarla. As\u00ed el hombre deja de ser el centro f\u00edsico del Universo para convertirse en el centro racional del Universo. A partir de ahora nos enfrentamos al mundo, no contempl\u00e1ndolo, sino construyendo hip\u00f3tesis a trav\u00e9s de las capacidades del hombre, que contrastadas con la naturaleza se podr\u00e1n dar por v\u00e1lidas o no.<\/p>\n<p>En este caso particular, Cop\u00e9rnico estuvo en contra al cristianismo de la \u00e9poca que hizo suyos los presupuestos aristot\u00e9licos del mundo antiguo. Arist\u00f3teles escribi\u00f3 de teor\u00eda literaria, pol\u00edtica, \u00e9tica, metaf\u00edsica, l\u00f3gica, meteorolog\u00eda, f\u00edsica, biolog\u00eda, astronom\u00eda\u2026 y todo ello integrado coherentemente, lo que hac\u00eda muy dif\u00edcil atacar una parte sin atacar al todo.<\/p>\n<p>A la vez, permit\u00eda, por esa misma raz\u00f3n, dejar de lado peque\u00f1as dificultades que pudieran surgir en aspectos parciales. Esa es la raz\u00f3n fundamental de su permanencia como visi\u00f3n del mundo a lo largo de dos mil a\u00f1os. Si adem\u00e1s se a\u00f1ade que, tras su descubrimiento por parte del mundo medieval, este sistema fue cristianizado y asumido por la Iglesia cat\u00f3lica a trav\u00e9s de la obra de Santo Tom\u00e1s de Aquino, comprenderemos mejor la resistencia que opuso a su superaci\u00f3n y hasta qu\u00e9 punto determin\u00f3, no s\u00f3lo la historia de la astronom\u00eda, sino de la ciencia y de la cultura.<\/p>\n<p><strong>Si quieres leer m\u00e1s sobre \u00e9l, entra\u00a0<a href=\"http:\/\/moonmentum.com\/blog\/codex\/multimedia\/nicolas-copernico-2\" target=\"_blank\">aqu\u00ed<\/a>.\u00a0<\/strong><\/p>\n<div class='footnotes' id='footnotes-184893'>\n<div class='footnotedivider'><\/div>\n<ol>\n<li id='fn-184893-1'> Todo el mundo sin excepci\u00f3n tiene un alma. \u00a0Esta esencia de luz es el com\u00fan denominador que une la creaci\u00f3n, el cosmos y la vida. Deber\u00edamos darnos cuenta que en el fondo somos Luz en movimiento. Pero no somos conscientes de esa Luz, de nuestro origen y nos enredamos en los laberintos de la personalidad. La b\u00fasqueda espiritual es la b\u00fasqueda de nuestra conciencia, de nuestra divinidad interior. Como dice Rodolfo Llinas:\u00a0\u201cLa Informaci\u00f3n es una energ\u00eda preexistente y fundamental a partir de la cual y con su complejificaci\u00f3n se forma la conciencia en sus diferentes grados;\u00a0 la conciencia de orden superior s\u00f3lo puede desarrollarse sobre\u00a0 la base de la conciencia primaria.\u00a0 Para que la conciencia se d\u00e9, es indispensable que la materia posea la Informaci\u00f3n capaz de entrar en sincron\u00eda con la de su medio ambiente.\u201d\u00a0El autor es neurocient\u00edfico, director del departamento de fisiolog\u00eda y neurociencia de la escuela de Medicina de la Universidad de Nueva York durante los \u00faltimos 26 a\u00f1os, Miembro de la Academia Francesa de la Ciencia, de la Academia de la Ciencia de los Estados Unidos y de la Real Academia Espa\u00f1ola de Medicina.\u00a0 Recuerda que la emocionalidad tendr\u00e1 el protagonismo que t\u00fa le des.\u00a0La gente, embotados sus sentidos, se pierde lo mejor de la vida. O como dec\u00eda Jos\u00e9 Ortega y Gasset: \u201cAlgunas personas enfocan su vida de modo que viven con entremeses y guarniciones. El plato principal nunca lo conocen\u201d. S\u00f3lo cierto ayuno permite despertar de este enga\u00f1o colectivo, la locura del tener frente a la alegr\u00eda del ser, que nos hace personas. <span class='footnotereverse'><a href='#fnref-184893-1'>&#8617;<\/a><\/span><\/li>\n<\/ol>\n<\/div>\n","protected":false},"excerpt":{"rendered":"<p>Semilla: Personaje que se convierte en efem\u00e9rides por su legado En t\u00e9rminos de f\u00edsica cu\u00e1ntica cuando emulamos una acci\u00f3n, \u00e9sta se convierte poco a poco en realidad. Entonces, si todos logr\u00e1ramos conectar directamente con las acciones de nuestros \u00eddolos de la historia seguramente cada d\u00eda seremos mejores personas dando forma a las efem\u00e9rides del futuro.<\/p>\n","protected":false},"author":3,"featured_media":184925,"comment_status":"open","ping_status":"closed","sticky":false,"template":"","format":"standard","meta":{"footnotes":""},"categories":[12],"tags":[343,481,17184,533],"class_list":{"0":"post-184893","1":"post","2":"type-post","3":"status-publish","4":"format-standard","5":"has-post-thumbnail","7":"category-semilla-de-la-semana","8":"tag-lourdes-mendez","9":"tag-semilla","10":"tag-semilla-de-la-semana","11":"tag-venus"},"_links":{"self":[{"href":"https:\/\/moonmentum.com\/blog\/wp-json\/wp\/v2\/posts\/184893","targetHints":{"allow":["GET"]}}],"collection":[{"href":"https:\/\/moonmentum.com\/blog\/wp-json\/wp\/v2\/posts"}],"about":[{"href":"https:\/\/moonmentum.com\/blog\/wp-json\/wp\/v2\/types\/post"}],"author":[{"embeddable":true,"href":"https:\/\/moonmentum.com\/blog\/wp-json\/wp\/v2\/users\/3"}],"replies":[{"embeddable":true,"href":"https:\/\/moonmentum.com\/blog\/wp-json\/wp\/v2\/comments?post=184893"}],"version-history":[{"count":0,"href":"https:\/\/moonmentum.com\/blog\/wp-json\/wp\/v2\/posts\/184893\/revisions"}],"wp:featuredmedia":[{"embeddable":true,"href":"https:\/\/moonmentum.com\/blog\/wp-json\/wp\/v2\/media\/184925"}],"wp:attachment":[{"href":"https:\/\/moonmentum.com\/blog\/wp-json\/wp\/v2\/media?parent=184893"}],"wp:term":[{"taxonomy":"category","embeddable":true,"href":"https:\/\/moonmentum.com\/blog\/wp-json\/wp\/v2\/categories?post=184893"},{"taxonomy":"post_tag","embeddable":true,"href":"https:\/\/moonmentum.com\/blog\/wp-json\/wp\/v2\/tags?post=184893"}],"curies":[{"name":"wp","href":"https:\/\/api.w.org\/{rel}","templated":true}]}}