{"id":185127,"date":"2014-02-28T20:49:32","date_gmt":"2014-03-01T01:19:32","guid":{"rendered":"http:\/\/moonmentum.com\/blog\/?p=185127"},"modified":"2014-02-28T20:51:57","modified_gmt":"2014-03-01T01:21:57","slug":"el-carnaval-mas-largo-del-mundo","status":"publish","type":"post","link":"https:\/\/moonmentum.com\/blog\/actualidad\/especial-del-dia\/el-carnaval-mas-largo-del-mundo\/","title":{"rendered":"El carnaval m\u00e1s largo del mundo"},"content":{"rendered":"<p><img loading=\"lazy\" decoding=\"async\" class=\"alignleft lazyload\" alt=\"Imagen1\" data-src=\"http:\/\/moonmentum.com\/blog\/wp-content\/uploads\/2014\/02\/imagen1-300x171.jpg\" width=\"300\" height=\"171\" src=\"data:image\/gif;base64,R0lGODlhAQABAAAAACH5BAEKAAEALAAAAAABAAEAAAICTAEAOw==\" style=\"--smush-placeholder-width: 300px; --smush-placeholder-aspect-ratio: 300\/171;\" \/><noscript><img loading=\"lazy\" decoding=\"async\" class=\"alignleft\" alt=\"Imagen1\" src=\"http:\/\/moonmentum.com\/blog\/wp-content\/uploads\/2014\/02\/imagen1-300x171.jpg\" width=\"300\" height=\"171\" \/><\/noscript><\/p>\n<p>Cuarenta d\u00edas. Y cuarenta noches. Es lo que dura la fiesta en Uruguay. Durante ese tiempo, no faltan ni murgas a la gaditana ni sambodr\u00f3mo calcado al de R\u00edo de Janeiro ni reinas con aires tinerfe\u00f1os. Eso s\u00ed, aqu\u00ed el ritmo lo marca el candombe, una forma de expresi\u00f3n importada por los esclavos africanos que recalaron en el pa\u00eds latinoamericano.<\/p>\n<p>Nada de un par de d\u00edas, una semana o, como mucho dos, como disfruta el resto de mortales en medio planeta. En Uruguay, el carnaval se alarga hasta los cuarenta d\u00edas, con sus cuarenta noches. Y a todo trapo: no faltan murgas con cr\u00edtica social guasona incluida, samb\u00f3dromo al estilo de sus vecinos brasile\u00f1os o reinas made in Tenerife. Eso s\u00ed, aqu\u00ed los tambores asumen el protagonismo d\u00eda a d\u00eda a golpe de candombe, el ritmo que trajeron los esclavos africanos que cayeron por estos lares all\u00e1 por el siglo XVI y adelante. Le contamos todos los detalles de esta cuarentena carnavalera.<\/p>\n<p><img loading=\"lazy\" decoding=\"async\" class=\"aligncenter lazyload\" style=\"--smush-placeholder-width: 400px; --smush-placeholder-aspect-ratio: 400\/274;text-align: center;\" alt=\"carnaval 2\" data-src=\"http:\/\/moonmentum.com\/blog\/wp-content\/uploads\/2014\/02\/0480c509ab120443d3df18b75fec7ed8-300x174.jpg\" width=\"400\" height=\"274\" src=\"data:image\/gif;base64,R0lGODlhAQABAAAAACH5BAEKAAEALAAAAAABAAEAAAICTAEAOw==\" \/><noscript><img loading=\"lazy\" decoding=\"async\" class=\"aligncenter\" style=\"text-align: center;\" alt=\"carnaval 2\" src=\"http:\/\/moonmentum.com\/blog\/wp-content\/uploads\/2014\/02\/0480c509ab120443d3df18b75fec7ed8-300x174.jpg\" width=\"400\" height=\"274\" \/><\/noscript><\/p>\n<p>El carnaval, que se extiende hasta marzo, arranca con un desfile en la calle 18 de Julio, la m\u00e1s emblem\u00e1tica de Montevideo, en el que participan hasta 71 comparsas. Luego est\u00e1n las fiestas por barrios, el concurso de murgas del Teatro de Verano (con cinco categor\u00edas diferentes: murgas, humoristas, parodistas, revistas y comparsas de negros y lubolos, blancos disfrazados de negros), los tambores del candombe, las carrozas de las reinas.. Y todo, en honor al dios Momo, dios y se\u00f1or del carnaval uruguayo.<\/p>\n<p style=\"text-align: center;\"><img loading=\"lazy\" decoding=\"async\" class=\"aligncenter lazyload\" alt=\"carnaval 3\" data-src=\"http:\/\/moonmentum.com\/blog\/wp-content\/uploads\/2014\/02\/14116f8610b2d65768619e9f7bcc109c-300x173.jpg\" width=\"400\" height=\"273\" src=\"data:image\/gif;base64,R0lGODlhAQABAAAAACH5BAEKAAEALAAAAAABAAEAAAICTAEAOw==\" style=\"--smush-placeholder-width: 400px; --smush-placeholder-aspect-ratio: 400\/273;\" \/><noscript><img loading=\"lazy\" decoding=\"async\" class=\"aligncenter\" alt=\"carnaval 3\" src=\"http:\/\/moonmentum.com\/blog\/wp-content\/uploads\/2014\/02\/14116f8610b2d65768619e9f7bcc109c-300x173.jpg\" width=\"400\" height=\"273\" \/><\/noscript><\/p>\n<p style=\"text-align: left;\">Las murgas que se suceden durante los 40 d\u00edas que dura el carnaval de Montevideo est\u00e1n compuestas por entre 13 y 17 personas. El bombo, los platillos y los redobles no pueden faltar. Tampoco ese aire a caballo entre la Comedia del Arte y las m\u00e1scaras venecianas, dos fuentes de las que bebe el festejo en su versi\u00f3n uruguaya.<\/p>\n<p style=\"text-align: center;\"><a href=\"http:\/\/moonmentum.com\/blog\/stick\/el-carnaval-mas-largo-del-mundo\/attachment\/carnaval-4\" rel=\"attachment wp-att-185132\"><img loading=\"lazy\" decoding=\"async\" class=\"aligncenter lazyload\" alt=\"carnaval 4\" data-src=\"http:\/\/moonmentum.com\/blog\/wp-content\/uploads\/2014\/02\/1b08da4ba06179413404308272e48298-300x173.jpg\" width=\"400\" height=\"273\" src=\"data:image\/gif;base64,R0lGODlhAQABAAAAACH5BAEKAAEALAAAAAABAAEAAAICTAEAOw==\" style=\"--smush-placeholder-width: 400px; --smush-placeholder-aspect-ratio: 400\/273;\" \/><noscript><img loading=\"lazy\" decoding=\"async\" class=\"aligncenter\" alt=\"carnaval 4\" src=\"http:\/\/moonmentum.com\/blog\/wp-content\/uploads\/2014\/02\/1b08da4ba06179413404308272e48298-300x173.jpg\" width=\"400\" height=\"273\" \/><\/noscript><\/a><\/p>\n<p>El llamado Desfile de las Llamadas remite a aquella \u00e9poca en la que los esclavos de origen afroamericano se comunicaban entre s\u00ed haciendo sonar sus tambores a ritmo siempre del candombe, una danza procedente de la cultura yoruba del Continente Negro. Tambi\u00e9n dicen las cr\u00f3nicas que la llamada remit\u00eda a los toques dados para reunir a la comunidad durante las tres comidas del d\u00eda.<\/p>\n<p>&nbsp;<\/p>\n<p style=\"text-align: center;\"><a href=\"http:\/\/moonmentum.com\/blog\/stick\/el-carnaval-mas-largo-del-mundo\/attachment\/carnaval-5\" rel=\"attachment wp-att-185133\"><img loading=\"lazy\" decoding=\"async\" class=\"aligncenter lazyload\" alt=\"carnaval 5\" data-src=\"http:\/\/moonmentum.com\/blog\/wp-content\/uploads\/2014\/02\/carnaval-5-300x172.jpg\" width=\"400\" height=\"272\" src=\"data:image\/gif;base64,R0lGODlhAQABAAAAACH5BAEKAAEALAAAAAABAAEAAAICTAEAOw==\" style=\"--smush-placeholder-width: 400px; --smush-placeholder-aspect-ratio: 400\/272;\" \/><noscript><img loading=\"lazy\" decoding=\"async\" class=\"aligncenter\" alt=\"carnaval 5\" src=\"http:\/\/moonmentum.com\/blog\/wp-content\/uploads\/2014\/02\/carnaval-5-300x172.jpg\" width=\"400\" height=\"272\" \/><\/noscript><\/a><\/p>\n<p>El pa\u00eds cuenta, desde 1952, con su propia organizaci\u00f3n de Directores Asociados de Espect\u00e1culos Carnavalescos Populares del Uruguay (DAECPU). Su creaci\u00f3n fue b\u00e1sica para que, unos a\u00f1os m\u00e1s tarde, surgiera el primer Desfile de Llamadas oficial, lejos de las comparsas que se ven\u00edan repitiendo de barrio en barrio de forma improvisada.<\/p>\n<p style=\"text-align: center;\"><a href=\"http:\/\/moonmentum.com\/blog\/stick\/el-carnaval-mas-largo-del-mundo\/attachment\/carnaval-6\" rel=\"attachment wp-att-185134\"><img loading=\"lazy\" decoding=\"async\" class=\"aligncenter lazyload\" alt=\"carnaval 6\" data-src=\"http:\/\/moonmentum.com\/blog\/wp-content\/uploads\/2014\/02\/40dca7e835d3daa7fe41b5c978f496c1-300x173.jpg\" width=\"400\" height=\"273\" src=\"data:image\/gif;base64,R0lGODlhAQABAAAAACH5BAEKAAEALAAAAAABAAEAAAICTAEAOw==\" style=\"--smush-placeholder-width: 400px; --smush-placeholder-aspect-ratio: 400\/273;\" \/><noscript><img loading=\"lazy\" decoding=\"async\" class=\"aligncenter\" alt=\"carnaval 6\" src=\"http:\/\/moonmentum.com\/blog\/wp-content\/uploads\/2014\/02\/40dca7e835d3daa7fe41b5c978f496c1-300x173.jpg\" width=\"400\" height=\"273\" \/><\/noscript><\/a><\/p>\n<p>No faltan gigantes ni cabezones (que no cabezudos; aqu\u00ed se trata de disfrazarse disfraces de personajes populares a golpe de iron\u00eda) ni Reina del Carnaval ni murgas ni desfiles. Y es que hasta los presos cuentan con tres carrozas propias durante los d\u00edas de carnaval, autorizados, eso s\u00ed, por el mism\u00edsimo Ministerio del Interior del pa\u00eds. La Junta Nacional de Drogas luce otra para difundir un mensaje en contra del consumo de alcohol y drogas en un pa\u00eds donde se ha aprobado una ley in\u00e9dita sobre el comercio de marihuana.<\/p>\n<p style=\"text-align: center;\"><a href=\"http:\/\/moonmentum.com\/blog\/stick\/el-carnaval-mas-largo-del-mundo\/attachment\/carnaval-7\" rel=\"attachment wp-att-185135\"><img loading=\"lazy\" decoding=\"async\" class=\"aligncenter lazyload\" alt=\"carnaval 7\" data-src=\"http:\/\/moonmentum.com\/blog\/wp-content\/uploads\/2014\/02\/carnaval-7-300x173.jpg\" width=\"400\" height=\"273\" src=\"data:image\/gif;base64,R0lGODlhAQABAAAAACH5BAEKAAEALAAAAAABAAEAAAICTAEAOw==\" style=\"--smush-placeholder-width: 400px; --smush-placeholder-aspect-ratio: 400\/273;\" \/><noscript><img loading=\"lazy\" decoding=\"async\" class=\"aligncenter\" alt=\"carnaval 7\" src=\"http:\/\/moonmentum.com\/blog\/wp-content\/uploads\/2014\/02\/carnaval-7-300x173.jpg\" width=\"400\" height=\"273\" \/><\/noscript><\/a><\/p>\n<p>El Gobierno uruguayo declar\u00f3 a su carnaval Fiesta de Inter\u00e9s Nacional en 2007, aparte de estar considerada la m\u00e1xima celebraci\u00f3n popular del pa\u00eds. Por eso, no sorprende que la primera comparsa, Raza africana, se creara en 1865. Y que su primera actuaci\u00f3n se organizase en 1872 en el Teatro Sol\u00eds, todo un emblema cultural de Montevideo.<\/p>\n<p style=\"text-align: center;\"><a href=\"http:\/\/moonmentum.com\/blog\/stick\/el-carnaval-mas-largo-del-mundo\/attachment\/carnaval-8\" rel=\"attachment wp-att-185136\"><img loading=\"lazy\" decoding=\"async\" class=\"aligncenter lazyload\" alt=\"carnaval 8\" data-src=\"http:\/\/moonmentum.com\/blog\/wp-content\/uploads\/2014\/02\/ec65c2b0ee4b93769d0940c84d56f434-300x172.jpg\" width=\"400\" height=\"272\" src=\"data:image\/gif;base64,R0lGODlhAQABAAAAACH5BAEKAAEALAAAAAABAAEAAAICTAEAOw==\" style=\"--smush-placeholder-width: 400px; --smush-placeholder-aspect-ratio: 400\/272;\" \/><noscript><img loading=\"lazy\" decoding=\"async\" class=\"aligncenter\" alt=\"carnaval 8\" src=\"http:\/\/moonmentum.com\/blog\/wp-content\/uploads\/2014\/02\/ec65c2b0ee4b93769d0940c84d56f434-300x172.jpg\" width=\"400\" height=\"272\" \/><\/noscript><\/a><\/p>\n<p>El puerto de Montevideo era la \u00fanica v\u00eda de entrada de los esclavos africanos durante el virreinato del R\u00edo de la Plata. De sus andanzas (y de sus tambores) por los barrios de Sur y Palermo, entre calles angostas, casonas antiguas y balcones al estilo ib\u00e9rico, surgieron sus ritmos. Y su candombe, Patrimonio Inmaterial de la Humanidad por la Unesco desde 2009.<\/p>\n<p style=\"text-align: center;\"><a href=\"http:\/\/moonmentum.com\/blog\/stick\/el-carnaval-mas-largo-del-mundo\/attachment\/carnaval-9\" rel=\"attachment wp-att-185137\"><img loading=\"lazy\" decoding=\"async\" class=\"aligncenter lazyload\" alt=\"carnaval 9\" data-src=\"http:\/\/moonmentum.com\/blog\/wp-content\/uploads\/2014\/02\/carnaval-9-300x170.jpg\" width=\"400\" height=\"270\" src=\"data:image\/gif;base64,R0lGODlhAQABAAAAACH5BAEKAAEALAAAAAABAAEAAAICTAEAOw==\" style=\"--smush-placeholder-width: 400px; --smush-placeholder-aspect-ratio: 400\/270;\" \/><noscript><img loading=\"lazy\" decoding=\"async\" class=\"aligncenter\" alt=\"carnaval 9\" src=\"http:\/\/moonmentum.com\/blog\/wp-content\/uploads\/2014\/02\/carnaval-9-300x170.jpg\" width=\"400\" height=\"270\" \/><\/noscript><\/a><\/p>\n<p>El candombe (nada de tilde en la \u00abe\u00bb) es un ritmo de percusi\u00f3n \u00fanico en el mundo que hunde sus ra\u00edces en dos pueblos, el uruguayo y el africano, con la llegada de estos \u00faltimos como esclavos en el siglo XVIII. Hoy en d\u00eda, es tan tradicional en el pa\u00eds latino como el mate o el tango. No en vano, podr\u00e1 encontrar espect\u00e1culos de candombe cualquier noche del a\u00f1o (no s\u00f3lo en carnaval). Basta con hojear la agenda cultural y noct\u00e1mbula de la ciudad.<\/p>\n<p style=\"text-align: center;\"><a href=\"http:\/\/moonmentum.com\/blog\/stick\/el-carnaval-mas-largo-del-mundo\/attachment\/carnaval-10\" rel=\"attachment wp-att-185138\"><img loading=\"lazy\" decoding=\"async\" class=\"aligncenter lazyload\" alt=\"carnaval 10\" data-src=\"http:\/\/moonmentum.com\/blog\/wp-content\/uploads\/2014\/02\/9af9efdf061359b1fba45f4bbdd46bb8-300x172.jpg\" width=\"400\" height=\"272\" src=\"data:image\/gif;base64,R0lGODlhAQABAAAAACH5BAEKAAEALAAAAAABAAEAAAICTAEAOw==\" style=\"--smush-placeholder-width: 400px; --smush-placeholder-aspect-ratio: 400\/272;\" \/><noscript><img loading=\"lazy\" decoding=\"async\" class=\"aligncenter\" alt=\"carnaval 10\" src=\"http:\/\/moonmentum.com\/blog\/wp-content\/uploads\/2014\/02\/9af9efdf061359b1fba45f4bbdd46bb8-300x172.jpg\" width=\"400\" height=\"272\" \/><\/noscript><\/a><\/p>\n<p>Arriba puede ver algunos de los personajes cl\u00e1sicos del carnaval como el Gramillero, aquel viejo mitad m\u00e9dico mitad brujo que siempre anda cerca de la Mama Vieja con un malet\u00edn repleto de hierbas y dem\u00e1s elementos curativos (o afrodis\u00edacos, que tambi\u00e9n&#8230;) para mantener bien lejos el mal. Faltar\u00eda el escobero, un gu\u00eda religioso que marca el ritmo de los tambores haciendo malabares con su escoba (de ah\u00ed el nombre), barriendo as\u00ed el mal y la muerte.<\/p>\n<p style=\"text-align: center;\"><a href=\"http:\/\/moonmentum.com\/blog\/stick\/el-carnaval-mas-largo-del-mundo\/attachment\/carnaval-11\" rel=\"attachment wp-att-185139\"><img loading=\"lazy\" decoding=\"async\" class=\"aligncenter lazyload\" alt=\"carnaval 11\" data-src=\"http:\/\/moonmentum.com\/blog\/wp-content\/uploads\/2014\/02\/98d0620e55bcbea26107b01f34c3b915-300x174.jpg\" width=\"400\" height=\"274\" src=\"data:image\/gif;base64,R0lGODlhAQABAAAAACH5BAEKAAEALAAAAAABAAEAAAICTAEAOw==\" style=\"--smush-placeholder-width: 400px; --smush-placeholder-aspect-ratio: 400\/274;\" \/><noscript><img loading=\"lazy\" decoding=\"async\" class=\"aligncenter\" alt=\"carnaval 11\" src=\"http:\/\/moonmentum.com\/blog\/wp-content\/uploads\/2014\/02\/98d0620e55bcbea26107b01f34c3b915-300x174.jpg\" width=\"400\" height=\"274\" \/><\/noscript><\/a><\/p>\n<p>Una de las caracter\u00edsticas de este carnaval latinoamericano es que se vive en la calle (por algo estamos en pleno verano montevideano&#8230;), no s\u00f3lo a trav\u00e9s de sus desfiles sino del concurso de murgas del Teatro de Verano. Como dato, la primera murga ganadora fue La gaditana que se va. Corr\u00eda el a\u00f1o 1910.<\/p>\n<p style=\"text-align: center;\"><a href=\"http:\/\/moonmentum.com\/blog\/stick\/el-carnaval-mas-largo-del-mundo\/attachment\/carnaval-12\" rel=\"attachment wp-att-185140\"><img loading=\"lazy\" decoding=\"async\" class=\"aligncenter lazyload\" alt=\"carnaval 12\" data-src=\"http:\/\/moonmentum.com\/blog\/wp-content\/uploads\/2014\/02\/f8f2864ec259732e8088bfbf07ea43ad-300x172.jpg\" width=\"400\" height=\"272\" src=\"data:image\/gif;base64,R0lGODlhAQABAAAAACH5BAEKAAEALAAAAAABAAEAAAICTAEAOw==\" style=\"--smush-placeholder-width: 400px; --smush-placeholder-aspect-ratio: 400\/272;\" \/><noscript><img loading=\"lazy\" decoding=\"async\" class=\"aligncenter\" alt=\"carnaval 12\" src=\"http:\/\/moonmentum.com\/blog\/wp-content\/uploads\/2014\/02\/f8f2864ec259732e8088bfbf07ea43ad-300x172.jpg\" width=\"400\" height=\"272\" \/><\/noscript><\/a><\/p>\n<p>La tradici\u00f3n de las murgas a la gaditana viene del siglo XIX, s\u00ed. Pero el primer documento escrito del carnaval de Montevideo se remonta a dos siglos atr\u00e1s, a 1760 para ser exactos, cuando se promulg\u00f3 un edicto que regulaba la celebraci\u00f3n de la fiesta. Una de las normas clave: nada de armas de fuego. Otra: prohibido disfrazarse con uniformes oficiales tipo bombero o polic\u00eda. Ya sabe&#8230;<\/p>\n<p style=\"text-align: center;\"><a href=\"http:\/\/moonmentum.com\/blog\/stick\/el-carnaval-mas-largo-del-mundo\/attachment\/carnaval-13\" rel=\"attachment wp-att-185141\"><img loading=\"lazy\" decoding=\"async\" class=\"aligncenter lazyload\" alt=\"carnaval 13\" data-src=\"http:\/\/moonmentum.com\/blog\/wp-content\/uploads\/2014\/02\/carnaval-13-300x171.jpg\" width=\"400\" height=\"271\" src=\"data:image\/gif;base64,R0lGODlhAQABAAAAACH5BAEKAAEALAAAAAABAAEAAAICTAEAOw==\" style=\"--smush-placeholder-width: 400px; --smush-placeholder-aspect-ratio: 400\/271;\" \/><noscript><img loading=\"lazy\" decoding=\"async\" class=\"aligncenter\" alt=\"carnaval 13\" src=\"http:\/\/moonmentum.com\/blog\/wp-content\/uploads\/2014\/02\/carnaval-13-300x171.jpg\" width=\"400\" height=\"271\" \/><\/noscript><\/a><\/p>\n<p>Si al ver estas im\u00e1genes le vienen a la cabeza las murgas del sur patrio, tranquilo. No en vano, dice la leyenda que un grupo de gaditanos expertos en zarzuela arrib\u00f3 a Montevideo para ganarse la vida a finales del siglo XIX. Les sali\u00f3 tan mal el invento que no ten\u00edan ni para el boleto del barco que les regresara a Espa\u00f1a. Su \u00fanica ocurrencia fue darle la murga a los montevideanos, ya que uno de ellos, Diego Mu\u00f1oz, era actor y dirig\u00eda un grupo de teatro llamado Murga La Gaditana. Y desde entonces&#8230;<\/p>\n<p>&nbsp;<\/p>\n<p style=\"text-align: center;\"><a href=\"http:\/\/moonmentum.com\/blog\/stick\/el-carnaval-mas-largo-del-mundo\/attachment\/carnaval-14\" rel=\"attachment wp-att-185142\"><img loading=\"lazy\" decoding=\"async\" class=\"aligncenter lazyload\" alt=\"carnaval 14\" data-src=\"http:\/\/moonmentum.com\/blog\/wp-content\/uploads\/2014\/02\/317ab52dbf4021e5adcaf27ff9a5231a-300x172.jpg\" width=\"400\" height=\"272\" src=\"data:image\/gif;base64,R0lGODlhAQABAAAAACH5BAEKAAEALAAAAAABAAEAAAICTAEAOw==\" style=\"--smush-placeholder-width: 400px; --smush-placeholder-aspect-ratio: 400\/272;\" \/><noscript><img loading=\"lazy\" decoding=\"async\" class=\"aligncenter\" alt=\"carnaval 14\" src=\"http:\/\/moonmentum.com\/blog\/wp-content\/uploads\/2014\/02\/317ab52dbf4021e5adcaf27ff9a5231a-300x172.jpg\" width=\"400\" height=\"272\" \/><\/noscript><\/a><\/p>\n<p>He aqu\u00ed los tripos de tambores imprescindibles durante la fiesta: el chico (el m\u00e1s alto en afinaci\u00f3n); el repique (es el que improvisa y da colorido al estilo musical) y el piano (su sonido es el m\u00e1s grave). Alrededor, lo suyo es seguir el ritmo desde las gradas, ya sea con un mate en la mano (uruguayo cien por cien) o un pancho (nuestro perrito caliente de toda la vida).<\/p>\n<p style=\"text-align: center;\"><a href=\"http:\/\/moonmentum.com\/blog\/stick\/el-carnaval-mas-largo-del-mundo\/attachment\/carnaval-15\" rel=\"attachment wp-att-185143\"><img loading=\"lazy\" decoding=\"async\" class=\"aligncenter lazyload\" alt=\"carnaval 15\" data-src=\"http:\/\/moonmentum.com\/blog\/wp-content\/uploads\/2014\/02\/carnaval-15-300x173.jpg\" width=\"400\" height=\"273\" src=\"data:image\/gif;base64,R0lGODlhAQABAAAAACH5BAEKAAEALAAAAAABAAEAAAICTAEAOw==\" style=\"--smush-placeholder-width: 400px; --smush-placeholder-aspect-ratio: 400\/273;\" \/><noscript><img loading=\"lazy\" decoding=\"async\" class=\"aligncenter\" alt=\"carnaval 15\" src=\"http:\/\/moonmentum.com\/blog\/wp-content\/uploads\/2014\/02\/carnaval-15-300x173.jpg\" width=\"400\" height=\"273\" \/><\/noscript><\/a><\/p>\n<p>El Teatro de Verano Ram\u00f3n Collazo, inaugurado en 1944, es el escenario al aire libre del Concurso de Agrupaciones Carnavalescas, adem\u00e1s de todo tipo de conciertos y dem\u00e1s espect\u00e1culos durante el a\u00f1o. La programaci\u00f3n oficial durante los 40 d\u00edas de carnaval incluye de todo, destacando los lubolos, personajes m\u00edticos de la celebraci\u00f3n. O blancos caracterizados de negros.<\/p>\n<p style=\"text-align: center;\"><a href=\"http:\/\/moonmentum.com\/blog\/stick\/el-carnaval-mas-largo-del-mundo\/attachment\/carnaval-16\" rel=\"attachment wp-att-185144\"><img loading=\"lazy\" decoding=\"async\" class=\"aligncenter lazyload\" alt=\"carnaval 16\" data-src=\"http:\/\/moonmentum.com\/blog\/wp-content\/uploads\/2014\/02\/carnaval-16-300x171.jpg\" width=\"400\" height=\"271\" src=\"data:image\/gif;base64,R0lGODlhAQABAAAAACH5BAEKAAEALAAAAAABAAEAAAICTAEAOw==\" style=\"--smush-placeholder-width: 400px; --smush-placeholder-aspect-ratio: 400\/271;\" \/><noscript><img loading=\"lazy\" decoding=\"async\" class=\"aligncenter\" alt=\"carnaval 16\" src=\"http:\/\/moonmentum.com\/blog\/wp-content\/uploads\/2014\/02\/carnaval-16-300x171.jpg\" width=\"400\" height=\"271\" \/><\/noscript><\/a><\/p>\n<p>El Museo del Carnaval de Montevideo (abierto todo el a\u00f1o) lleva en pie desde noviembre de 2006. Levantado en un antiguo almac\u00e9n completamente restaurado a dos pasos del puerto, recorre la historia de esta manifestaci\u00f3n cultural en Uruguay, con todo tipo de objetos, carteles publicitarios, instrumentos musicales y trajes t\u00edpicos del festival.<\/p>\n<p style=\"text-align: center;\"><a href=\"http:\/\/moonmentum.com\/blog\/stick\/el-carnaval-mas-largo-del-mundo\/attachment\/carnaval-17\" rel=\"attachment wp-att-185145\"><img loading=\"lazy\" decoding=\"async\" class=\"aligncenter lazyload\" alt=\"carnaval 17\" data-src=\"http:\/\/moonmentum.com\/blog\/wp-content\/uploads\/2014\/02\/carnaval-17-300x173.jpg\" width=\"400\" height=\"273\" src=\"data:image\/gif;base64,R0lGODlhAQABAAAAACH5BAEKAAEALAAAAAABAAEAAAICTAEAOw==\" style=\"--smush-placeholder-width: 400px; --smush-placeholder-aspect-ratio: 400\/273;\" \/><noscript><img loading=\"lazy\" decoding=\"async\" class=\"aligncenter\" alt=\"carnaval 17\" src=\"http:\/\/moonmentum.com\/blog\/wp-content\/uploads\/2014\/02\/carnaval-17-300x173.jpg\" width=\"400\" height=\"273\" \/><\/noscript><\/a><\/p>\n<p>He aqu\u00ed una lecci\u00f3n acelerada de t\u00e9rminos b\u00e1sicos del carnaval uruguayo. Comparsa: d\u00edcese de aquella agrupaci\u00f3n que interpreta el candombe. Cuerda: nombre del tr\u00edo de bailarines que hace resonar (a todo trapo) sus correspondientes tres tambores. Mama vieja: el personaje africano encargado de mantener bien lejos la muerte y dedicarse por completo a la alegr\u00eda.<\/p>\n<p>&nbsp;<\/p>\n<p style=\"text-align: center;\"><a href=\"http:\/\/moonmentum.com\/blog\/stick\/el-carnaval-mas-largo-del-mundo\/attachment\/carnaval-18\" rel=\"attachment wp-att-185146\"><img loading=\"lazy\" decoding=\"async\" class=\"aligncenter lazyload\" alt=\"carnaval 18\" data-src=\"http:\/\/moonmentum.com\/blog\/wp-content\/uploads\/2014\/02\/84d834e2bf5c977f718a1561cd6698c7-300x172.jpg\" width=\"400\" height=\"272\" src=\"data:image\/gif;base64,R0lGODlhAQABAAAAACH5BAEKAAEALAAAAAABAAEAAAICTAEAOw==\" style=\"--smush-placeholder-width: 400px; --smush-placeholder-aspect-ratio: 400\/272;\" \/><noscript><img loading=\"lazy\" decoding=\"async\" class=\"aligncenter\" alt=\"carnaval 18\" src=\"http:\/\/moonmentum.com\/blog\/wp-content\/uploads\/2014\/02\/84d834e2bf5c977f718a1561cd6698c7-300x172.jpg\" width=\"400\" height=\"272\" \/><\/noscript><\/a><\/p>\n<p>El colorista Desfile de las Llamadas recorre las calles principales de los barrios Palermo y Sur de Montevideo. Para que usted se haga una idea: el samb\u00f3dromo de Rio de Janeiro mide 750 metros. El que luce la capital uruguaya durante estos d\u00edas alcanza los dos kil\u00f3metros&#8230; Alrededor, no faltan gradas para que el p\u00fablico pueda disfrutar del espect\u00e1culo. Y all\u00ed abajo, en el desfile, uno puede emular a las m\u00edticas escuelas de sambas. La purpurina, las lentejuelas y las plumas hacen el resto.<\/p>\n<p style=\"text-align: center;\"><a href=\"http:\/\/moonmentum.com\/blog\/stick\/el-carnaval-mas-largo-del-mundo\/attachment\/carnaval-19\" rel=\"attachment wp-att-185147\"><img loading=\"lazy\" decoding=\"async\" class=\"aligncenter lazyload\" alt=\"carnaval 19\" data-src=\"http:\/\/moonmentum.com\/blog\/wp-content\/uploads\/2014\/02\/7cc47e415b8c8ccc2420a2a6f4b31443-300x173.jpg\" width=\"400\" height=\"273\" src=\"data:image\/gif;base64,R0lGODlhAQABAAAAACH5BAEKAAEALAAAAAABAAEAAAICTAEAOw==\" style=\"--smush-placeholder-width: 400px; --smush-placeholder-aspect-ratio: 400\/273;\" \/><noscript><img loading=\"lazy\" decoding=\"async\" class=\"aligncenter\" alt=\"carnaval 19\" src=\"http:\/\/moonmentum.com\/blog\/wp-content\/uploads\/2014\/02\/7cc47e415b8c8ccc2420a2a6f4b31443-300x173.jpg\" width=\"400\" height=\"273\" \/><\/noscript><\/a><\/p>\n<p>He aqu\u00ed diversas instant\u00e1neas del festival en plena faena, as\u00ed como del ya citado Museo del Carnaval (Rambla 25 de Agosto de 1825, n\u00famero 218, esquina Maciel, en la llamada Ciudad Vieja). En este \u00faltimo no faltan im\u00e1genes en blanco y negro de las hist\u00f3ricas batallas entre los carnavaleros y los censores all\u00e1 por los a\u00f1os 70 y principios de los 80 a causa de la dictadura militar que viv\u00eda el pa\u00eds.<\/p>\n<p style=\"text-align: center;\"><a href=\"http:\/\/moonmentum.com\/blog\/stick\/el-carnaval-mas-largo-del-mundo\/attachment\/carnaval-20\" rel=\"attachment wp-att-185148\"><img loading=\"lazy\" decoding=\"async\" class=\"aligncenter lazyload\" alt=\"carnaval 20\" data-src=\"http:\/\/moonmentum.com\/blog\/wp-content\/uploads\/2014\/02\/carnaval-20-300x172.jpg\" width=\"400\" height=\"272\" src=\"data:image\/gif;base64,R0lGODlhAQABAAAAACH5BAEKAAEALAAAAAABAAEAAAICTAEAOw==\" style=\"--smush-placeholder-width: 400px; --smush-placeholder-aspect-ratio: 400\/272;\" \/><noscript><img loading=\"lazy\" decoding=\"async\" class=\"aligncenter\" alt=\"carnaval 20\" src=\"http:\/\/moonmentum.com\/blog\/wp-content\/uploads\/2014\/02\/carnaval-20-300x172.jpg\" width=\"400\" height=\"272\" \/><\/noscript><\/a><\/p>\n<p>En las calles del sur de Montevideo arranc\u00f3 esta celebraci\u00f3n, all\u00ed donde los esclavos afroamericanos malviv\u00edan en su d\u00eda a d\u00eda. No en vano, a finales del siglo XVIII se calculaba que un tercio de la poblaci\u00f3n de la ciudad era de color. Es m\u00e1s, decidieron consagrar un d\u00eda a ellos mismo: el de San Valent\u00edn o San Baltasar. Ah\u00ed arranc\u00f3 la fiesta, ya que era cuando los patrones les permit\u00edan descansar y divertirse. Y lo hicieron a ritmo de candombe.<\/p>\n<p><strong><sub><sup><span style=\"color: #888888;\">Pagina visitada:\u00a0ocholeguas.com<\/span><\/sup><\/sub><\/strong><\/p>\n","protected":false},"excerpt":{"rendered":"<p>Cuarenta d\u00edas. Y cuarenta noches. Es lo que dura la fiesta en Uruguay. Durante ese tiempo, no faltan ni murgas a la gaditana ni sambodr\u00f3mo calcado al de R\u00edo de Janeiro ni reinas con aires tinerfe\u00f1os&#8230; <a href=\"http:\/\/wp.me\/p3Cddp-M9V\">Ver m\u00e1s&#8230;<\/a> <\/p>\n","protected":false},"author":3,"featured_media":185128,"comment_status":"closed","ping_status":"closed","sticky":false,"template":"","format":"standard","meta":{"footnotes":""},"categories":[21],"tags":[15199,16969,2631,16960,16972,835,16968,16965,16963,16967,16970,2289,16964,16971,16962,16973,16966,16961],"class_list":{"0":"post-185127","1":"post","2":"type-post","3":"status-publish","4":"format-standard","5":"has-post-thumbnail","7":"category-especial-del-dia","8":"tag-15199","9":"tag-candombe","10":"tag-carnaval","11":"tag-carnaval-de-montevideo","12":"tag-carnaval-latinoamericano","13":"tag-celebracion","14":"tag-comparsa","15":"tag-desfile-de-las-llamadas","16":"tag-disfrases","17":"tag-fiesta-de-interes-nacional","18":"tag-gramillero","19":"tag-imagen","20":"tag-mascaras-venecianas","21":"tag-malabares","22":"tag-murgas","23":"tag-murgas-a-la-gaditana","24":"tag-reina-del-carnaval","25":"tag-uruguay"},"_links":{"self":[{"href":"https:\/\/moonmentum.com\/blog\/wp-json\/wp\/v2\/posts\/185127","targetHints":{"allow":["GET"]}}],"collection":[{"href":"https:\/\/moonmentum.com\/blog\/wp-json\/wp\/v2\/posts"}],"about":[{"href":"https:\/\/moonmentum.com\/blog\/wp-json\/wp\/v2\/types\/post"}],"author":[{"embeddable":true,"href":"https:\/\/moonmentum.com\/blog\/wp-json\/wp\/v2\/users\/3"}],"replies":[{"embeddable":true,"href":"https:\/\/moonmentum.com\/blog\/wp-json\/wp\/v2\/comments?post=185127"}],"version-history":[{"count":0,"href":"https:\/\/moonmentum.com\/blog\/wp-json\/wp\/v2\/posts\/185127\/revisions"}],"wp:featuredmedia":[{"embeddable":true,"href":"https:\/\/moonmentum.com\/blog\/wp-json\/wp\/v2\/media\/185128"}],"wp:attachment":[{"href":"https:\/\/moonmentum.com\/blog\/wp-json\/wp\/v2\/media?parent=185127"}],"wp:term":[{"taxonomy":"category","embeddable":true,"href":"https:\/\/moonmentum.com\/blog\/wp-json\/wp\/v2\/categories?post=185127"},{"taxonomy":"post_tag","embeddable":true,"href":"https:\/\/moonmentum.com\/blog\/wp-json\/wp\/v2\/tags?post=185127"}],"curies":[{"name":"wp","href":"https:\/\/api.w.org\/{rel}","templated":true}]}}