{"id":185569,"date":"2014-03-17T13:15:54","date_gmt":"2014-03-17T17:45:54","guid":{"rendered":"http:\/\/moonmentum.com\/blog\/?p=185569"},"modified":"2014-03-17T13:22:27","modified_gmt":"2014-03-17T17:52:27","slug":"la-nasa-registra-una-de-las-llamaradas-solares-mas-intensas-del-ano","status":"publish","type":"post","link":"https:\/\/moonmentum.com\/blog\/actualidad\/de-tu-interes\/la-nasa-registra-una-de-las-llamaradas-solares-mas-intensas-del-ano\/","title":{"rendered":"La NASA registra una de las llamaradas solares m\u00e1s intensas del a\u00f1o"},"content":{"rendered":"<p><a href=\"http:\/\/moonmentum.com\/blog\/codex\/de-tu-interes\/la-nasa-registra-una-de-las-llamaradas-solares-mas-intensas-del-ano\/attachment\/13949711270828121\" rel=\"attachment wp-att-185570\"><img loading=\"lazy\" decoding=\"async\" class=\"size-medium wp-image-185570 alignleft lazyload\" alt=\"13949711270828121\" data-src=\"http:\/\/moonmentum.com\/blog\/wp-content\/uploads\/2014\/03\/13949711270828121-300x179.jpg\" width=\"300\" height=\"179\" src=\"data:image\/gif;base64,R0lGODlhAQABAAAAACH5BAEKAAEALAAAAAABAAEAAAICTAEAOw==\" style=\"--smush-placeholder-width: 300px; --smush-placeholder-aspect-ratio: 300\/179;\" \/><noscript><img loading=\"lazy\" decoding=\"async\" class=\"size-medium wp-image-185570 alignleft\" alt=\"13949711270828121\" src=\"http:\/\/moonmentum.com\/blog\/wp-content\/uploads\/2014\/03\/13949711270828121-300x179.jpg\" width=\"300\" height=\"179\" \/><\/noscript><\/a>La NASA ha registrado una de las llamaradas solares m\u00e1s intensas de lo que va de a\u00f1o. Este fen\u00f3meno, que tuvo lugar el pasado 12 de marzo, ha alcanzado la clase M9.3, es decir, \u00abs\u00f3lo un poco menos intensa que las de mayor categor\u00eda, que se etiquetan como clase X\u00bb, ha explicado la experta Karen Fox.<!--more--><\/p>\n<p>Esta llamara proviene de una regi\u00f3n de carga magn\u00e9tica del Sol conocida como 11996 AR. Ahora, los meteor\u00f3logos del Observatorio de Din\u00e1mica Solar (SDO) de la agencia espacial estadounidense est\u00e1n estudiando si el flujo de part\u00edculas solares provocado por la llamarada van a cruzarse en alg\u00fan momento con la atm\u00f3sfera de la Tierra.<\/p>\n<p>Las consecuencias de las tormentas solares pueden ser nefastas para los sat\u00e9lites que orbitan alrededor del planeta o, si llegan al nivel suficiente de intensidad, pueden influir en la comunicaci\u00f3n por radio e incluso las redes de energ\u00eda en la Tierra. Sin embargo, tambi\u00e9n son las responsables de espect\u00e1culos de gran belleza, como las auroras boreales en los polos.<\/p>\n<p>Actualmente, el pico de actividad del Sol est\u00e1 en los m\u00e1s alto de su ciclo -que dura 11 a\u00f1os- y, por ello, ya son varios los episodios brillantes e intensos que se han vivido en los \u00faltimos meses. Esta gran actividad de la estrella tambi\u00e9n ha supuesto que el Centro de Predicci\u00f3n de Clima Espacial del NOAA haya puesto en marcha un plan de actualizaciones peri\u00f3dicas sobre la actividad solar en los pr\u00f3ximos d\u00edas.<\/p>\n<p>Te invitamos a leer mas sobre los trabajos de la Nasa en nuestro universo en el siguiente articulo:<\/p>\n<p><strong><a title=\"Articulo completo de La NASA y su cruzada por conquistar el universo\" href=\"http:\/\/moonmentum.com\/blog\/codex\/de-tu-interes\/la-nasa-y-su-cruzada-por-conquistar-el-universo\" rel=\"bookmark\">La NASA y su cruzada por conquistar el universo<\/a><\/strong><\/p>\n","protected":false},"excerpt":{"rendered":"<p>La NASA ha registrado una de las llamaradas solares m\u00e1s intensas de lo que va de a\u00f1o. Este fen\u00f3meno, que tuvo lugar&#8230; <a href=\"http:\/\/wp.me\/p3Cddp-Mh3\">Ver m\u00e1s&#8230;<\/a><\/p>\n","protected":false},"author":3,"featured_media":185570,"comment_status":"open","ping_status":"closed","sticky":false,"template":"","format":"standard","meta":{"footnotes":""},"categories":[14634],"tags":[16974,17123,748,3059,496],"class_list":{"0":"post-185569","1":"post","2":"type-post","3":"status-publish","4":"format-standard","5":"has-post-thumbnail","7":"category-de-tu-interes","8":"tag-715-planetas","9":"tag-llamaradas-solares","10":"tag-nasa","11":"tag-sistema-solar","12":"tag-sol"},"_links":{"self":[{"href":"https:\/\/moonmentum.com\/blog\/wp-json\/wp\/v2\/posts\/185569","targetHints":{"allow":["GET"]}}],"collection":[{"href":"https:\/\/moonmentum.com\/blog\/wp-json\/wp\/v2\/posts"}],"about":[{"href":"https:\/\/moonmentum.com\/blog\/wp-json\/wp\/v2\/types\/post"}],"author":[{"embeddable":true,"href":"https:\/\/moonmentum.com\/blog\/wp-json\/wp\/v2\/users\/3"}],"replies":[{"embeddable":true,"href":"https:\/\/moonmentum.com\/blog\/wp-json\/wp\/v2\/comments?post=185569"}],"version-history":[{"count":0,"href":"https:\/\/moonmentum.com\/blog\/wp-json\/wp\/v2\/posts\/185569\/revisions"}],"wp:featuredmedia":[{"embeddable":true,"href":"https:\/\/moonmentum.com\/blog\/wp-json\/wp\/v2\/media\/185570"}],"wp:attachment":[{"href":"https:\/\/moonmentum.com\/blog\/wp-json\/wp\/v2\/media?parent=185569"}],"wp:term":[{"taxonomy":"category","embeddable":true,"href":"https:\/\/moonmentum.com\/blog\/wp-json\/wp\/v2\/categories?post=185569"},{"taxonomy":"post_tag","embeddable":true,"href":"https:\/\/moonmentum.com\/blog\/wp-json\/wp\/v2\/tags?post=185569"}],"curies":[{"name":"wp","href":"https:\/\/api.w.org\/{rel}","templated":true}]}}