{"id":191849,"date":"2015-02-17T11:50:29","date_gmt":"2015-02-17T16:20:29","guid":{"rendered":"http:\/\/moonmentum.com\/blog\/?p=191849"},"modified":"2015-02-17T11:57:42","modified_gmt":"2015-02-17T16:27:42","slug":"giordano-bruno-y-su-legado-universal","status":"publish","type":"post","link":"https:\/\/moonmentum.com\/blog\/efemerides\/semilla-de-la-semana\/giordano-bruno-y-su-legado-universal\/","title":{"rendered":"Giordano Bruno\u2026 y su legado Universal"},"content":{"rendered":"<p>En cada hombre, en cada individuo, se contempla un mundo, un universo. <strong>Giordano Bruno<\/strong><\/p>\n<p><span style=\"color: #888888;\"><em>Cada d\u00eda hay en el Universo una estela dejada por la acci\u00f3n de otros seres Esta semana esa estela o\u00a0 \u201c<\/em><\/span><a href=\"..\/..\/category\/sextante\/category\/sextante\/en-un-dia-como-hoy\/\" target=\"_blank\"><em>semilla de la semana<\/em><\/a><span style=\"color: #888888;\"><em>\u201d fue sembrada por\u2026\u00a0<\/em><span style=\"color: #000000;\"><strong>Giordano Bruno<\/strong><\/span><em><br \/>\n<\/em><\/span><\/p>\n<p>Fue uno de los primeros cient\u00edficos y pensadores que se atrevi\u00f3 abiertamente a sostener la equivocaci\u00f3n del planteo aristot\u00e9lico Ptolomista de la Tierra como centro del universo y de la inmutabilidad de las especies y de la creaci\u00f3n. La obra bruniana es consistente en la defensa de la superioridad de la vida te\u00f3rica frente a la vida pr\u00e1ctica y la reivindicaci\u00f3n del car\u00e1cter profesional del fil\u00f3sofo.<\/p>\n<p>A juicio de Bruno existe una separaci\u00f3n entre filosof\u00eda y religi\u00f3n y es equivocada la concepci\u00f3n tomista (Santo Tom\u00e1s de Aquino) de la filosof\u00eda como\u00a0<em>ancilla fidei<\/em>, es decir, como esclava de la religi\u00f3n. Bruno defender\u00e1, como har\u00e1n a su modo todos los copernicanos (Nicol\u00e1s Cop\u00e9rnico), que la religi\u00f3n debe ser entendida como una ley destinada al gobierno de las masas incapaces de regirse por la raz\u00f3n y es por ello que los buenos te\u00f3logos no deben entrometerse en la vida de los fil\u00f3sofos, del mismo modo que los fil\u00f3sofos respetar\u00e1n el trabajo de los te\u00f3logos en su tarea de gobierno de las masas populares.<\/p>\n<p>Filippo (Giordano) Bruno naci\u00f3 en Nola, Italia, en 1548. Su padre era Giovanni Bruno, un soldado, y su madre era Fraulissa Savolino.<\/p>\n<p>En 1561, se matricul\u00f3 en la escuela en el Monasterio de San Domenico, bien conocida por otro de sus miembros Tom\u00e1s de Aquino. Alrededor de este tiempo, tom\u00f3 el nombre de Giordano Bruno y en pocos a\u00f1os se hab\u00eda convertido en un sacerdote de la Orden de los Dominicos.<\/p>\n<p>Giordano Bruno fue un brillante aunque exc\u00e9ntrico fil\u00f3sofo, pero la vida de un sacerdote dominico en la Iglesia Cat\u00f3lica al parecer no le fue bien. Dej\u00f3 la orden en 1576 y empez\u00f3 a vagar a Europa como un fil\u00f3sofo viajero, dando conferencias en varias universidades. Su principal ruta a la fama fue las t\u00e9cnicas de memoria dominicas que ense\u00f1\u00f3, llamando la atenci\u00f3n de la realeza, entre ellos el rey Enrique III de Francia e Isabel I de Inglaterra. Sus t\u00e9cnicas de mejora de la memoria, que se describe en su libro \u201cEl Arte de la Memoria\u201d se siguen utilizando hoy en d\u00eda.<\/p>\n<p>A pesar de no tener pelos en la lengua, y no ser muy apreciado, en la orden de los dominicos sus problemas realmente comenzaron alrededor de 1584 con la publicaci\u00f3n de su libro \u201cDell Infinito, Universo e Mondi\u201d (\u201cdel Infinito, el Universo, y el Mundo\u201d). Al ser un fil\u00f3sofo y no un astr\u00f3nomo, Giordano Bruno, ni siquiera hubiera llamado la atenci\u00f3n si no fuera por este libro y las consecuencias del mismo.<\/p>\n<p>Escuchar las ideas de Cop\u00e9rnico sobre la naturaleza del universo envi\u00f3 Giordano Bruno, en un verdadero frenes\u00ed de pensamiento filos\u00f3fico. Si la Tierra no era el centro del universo, y todas esas estrellas claramente visibles en el cielo de la noche tambi\u00e9n eran soles, entonces debe existir un n\u00famero infinito de tierras en el universo, habitadas por otros seres como nosotros.<\/p>\n<p>Esta idea sobre el universo, no le cay\u00f3 bien a la Iglesia Cat\u00f3lica. Se orden\u00f3 a Giordano Bruno ir a Roma con la promesa de un puesto de trabajo, y se le llev\u00f3 de inmediato ante la Inquisici\u00f3n, acusado de herej\u00eda.<\/p>\n<p>Giordano Bruno pas\u00f3 los siguientes ocho a\u00f1os encadenado en el castillo de Sant Angelo, donde fue torturado e interrogado sistem\u00e1ticamente hasta su juicio. A pesar de esto \u00e9l permaneci\u00f3 sin arrepentirse, diciendo al\u00a0 cardenal jesuita Roberto Belarmino juez de la Iglesia Cat\u00f3lica, \u201cyo no me retracto, ni lo har\u00e9\u201d Incluso una sentencia de muerte dictada por la Iglesia Cat\u00f3lica no cambio su actitud desafiante, como dijo a sus acusadores, \u201cAl pronunciar mi sentencia, su miedo es mayor que el m\u00edo al escucharla\u201d.<\/p>\n<p>Inmediatamente despu\u00e9s que la sentencia de muerte fue dictada, la mand\u00edbula de Giordano Bruno se sujet\u00f3 y cerr\u00f3 con una mordaza de hierro, su lengua fue perforada con un clavo de hierro y otro clavo de hierro fue impulsado por su paladar. El 19 de febrero de 1600, fue empujado por las calles de Roma, despojado de sus ropas y quemado en la hoguera.<\/p>\n<p><strong>Giordano Bruno sub espa\u00f1ol<\/strong><\/p>\n<p><iframe loading=\"lazy\" data-src=\"https:\/\/www.youtube.com\/embed\/D-F0xT56C4U\" width=\"560\" height=\"315\" frameborder=\"0\" allowfullscreen=\"allowfullscreen\" src=\"data:image\/gif;base64,R0lGODlhAQABAAAAACH5BAEKAAEALAAAAAABAAEAAAICTAEAOw==\" class=\"lazyload\" data-load-mode=\"1\"><\/iframe><\/p>\n<p>\u201cEnerg\u00eda viva que puedes plantar en tu vida\u201d.<\/p>\n<p>Te invito a que leas la historia de nuestras Semillas tomando conciencia sobre lo que podr\u00edas hacer para trascender en el tiempo <sup class='footnote'><a href='#fn-191849-1' id='fnref-191849-1' onclick='return fdfootnote_show(191849)'>1<\/a><\/sup>.<\/p>\n<p><a href=\"http:\/\/moonmentum.com\/blog\/efemerides\/semilla-de-la-semana\/fiesta-fiesta\/\">Al\u00ed Primera<\/a><\/p>\n<p><a href=\"http:\/\/moonmentum.com\/blog\/efemerides\/semilla-de-la-semana\/giordano-bruno-un-fiel-defensor-de-sus-creencias\/\">Giordano Bruno<\/a><\/p>\n<p><a href=\"http:\/\/moonmentum.com\/blog\/efemerides\/semilla-de-la-semana\/miguel-angel-un-artista-en-esencia\/\">Miguel \u00c1ngel<\/a><\/p>\n<p><a href=\"http:\/\/moonmentum.com\/blog\/efemerides\/semilla-de-la-semana\/copernico-rompiendo-la-barrera-del-pensamiento\/\">Nicol\u00e1s Cop\u00e9rnico<\/a><\/p>\n<p><a href=\"http:\/\/wp.me\/p3Cddp-yKJ\">Juan Vicente Torrealba<\/a><\/p>\n<p><a href=\"http:\/\/wp.me\/p3Cddp-yWL\">Baruch Spinoza<\/a><\/p>\n<p><a href=\"http:\/\/wp.me\/p3Cddp-yWM\">Baden-Powell<\/a><\/p>\n<p><strong><em>Semilla<\/em><\/strong><em>: Personaje que se convierte en efem\u00e9rides por su legado<\/em> <sup class='footnote'><a href='#fn-191849-2' id='fnref-191849-2' onclick='return fdfootnote_show(191849)'>2<\/a><\/sup>.<\/p>\n<p><sup>Nota: El criterio que utilizo para seleccionar la semilla es basado en las energ\u00edas activas en el Universo, para as\u00ed agrandar el radio de acci\u00f3n que podemos alcanzar.<\/sup><\/p>\n<div class='footnotes' id='footnotes-191849'>\n<div class='footnotedivider'><\/div>\n<ol>\n<li id='fn-191849-1'> Todo el mundo sin excepci\u00f3n tiene un alma. Esta esencia de luz es el com\u00fan denominador que une la creaci\u00f3n, el cosmos y la vida. Deber\u00edamos darnos cuenta que en el fondo somos Luz en movimiento. Pero no somos conscientes de esa Luz, de nuestro origen y nos enredamos en los laberintos de la personalidad. La b\u00fasqueda espiritual es la b\u00fasqueda de nuestra conciencia, de nuestra divinidad interior. Como dice Rodolfo Llinas :\n<p><em>\u201cLa Informaci\u00f3n es una energ\u00eda preexistente y fundamental a partir de la cual y con su complejificaci\u00f3n se forma la conciencia en sus diferentes grados;\u00a0 la conciencia de orden superior s\u00f3lo puede desarrollarse sobre\u00a0 la base de la conciencia primaria.\u00a0 Para que la conciencia se d\u00e9, es indispensable que la materia posea la Informaci\u00f3n capaz de entrar en sincron\u00eda con la de su medio ambiente.\u201d<\/em><\/p>\n<p>El autor es neurocient\u00edfico, director del departamento de fisiolog\u00eda y neurociencia de la escuela de Medicina de la Universidad de Nueva York durante los \u00faltimos 26 a\u00f1os, Miembro de la Academia Francesa de la Ciencia, de la Academia de la Ciencia de los Estados Unidos y de la Real Academia Espa\u00f1ola de Medicina.\u00a0 Recuerda que la emocionalidad tendr\u00e1 el protagonismo que t\u00fa le des.<\/p>\n<p><em>La gente, embotados sus sentidos, se pierde lo mejor de la vida. O como dec\u00eda Jos\u00e9 Ortega y Gasset: \u201cAlgunas personas enfocan su vida de modo que viven con entremeses y guarniciones. El plato principal nunca lo conocen\u201d. S\u00f3lo cierto ayuno permite despertar de este enga\u00f1o colectivo, la locura del tener frente a la alegr\u00eda del ser, que nos hace personas.<\/em> <span class='footnotereverse'><a href='#fnref-191849-1'>&#8617;<\/a><\/span><\/li>\n<li id='fn-191849-2'> En t\u00e9rminos de f\u00edsica cu\u00e1ntica cuando emulamos una acci\u00f3n, \u00e9sta se convierte poco a poco en realidad. Entonces, si todos logr\u00e1ramos conectar directamente con las acciones de nuestros \u00eddolos de la historia seguramente cada d\u00eda seremos mejores personas dando forma a las efem\u00e9rides del futuro. <span class='footnotereverse'><a href='#fnref-191849-2'>&#8617;<\/a><\/span><\/li>\n<\/ol>\n<\/div>\n","protected":false},"excerpt":{"rendered":"<p>En cada hombre, en cada individuo, se contempla un mundo, un universo. Giordano Bruno Cada d\u00eda hay en el Universo una estela dejada por la&#8230; <a href=\"http:\/\/wp.me\/p3Cddp-NUl\">Ver m\u00e1s&#8230;<\/a> <\/p>\n","protected":false},"author":3,"featured_media":191852,"comment_status":"open","ping_status":"closed","sticky":false,"template":"","format":"standard","meta":{"footnotes":""},"categories":[12],"tags":[2072,8309,343,481,17184],"class_list":{"0":"post-191849","1":"post","2":"type-post","3":"status-publish","4":"format-standard","5":"has-post-thumbnail","7":"category-semilla-de-la-semana","8":"tag-epifania","9":"tag-los-tres-reyes-magos","10":"tag-lourdes-mendez","11":"tag-semilla","12":"tag-semilla-de-la-semana"},"_links":{"self":[{"href":"https:\/\/moonmentum.com\/blog\/wp-json\/wp\/v2\/posts\/191849","targetHints":{"allow":["GET"]}}],"collection":[{"href":"https:\/\/moonmentum.com\/blog\/wp-json\/wp\/v2\/posts"}],"about":[{"href":"https:\/\/moonmentum.com\/blog\/wp-json\/wp\/v2\/types\/post"}],"author":[{"embeddable":true,"href":"https:\/\/moonmentum.com\/blog\/wp-json\/wp\/v2\/users\/3"}],"replies":[{"embeddable":true,"href":"https:\/\/moonmentum.com\/blog\/wp-json\/wp\/v2\/comments?post=191849"}],"version-history":[{"count":0,"href":"https:\/\/moonmentum.com\/blog\/wp-json\/wp\/v2\/posts\/191849\/revisions"}],"wp:featuredmedia":[{"embeddable":true,"href":"https:\/\/moonmentum.com\/blog\/wp-json\/wp\/v2\/media\/191852"}],"wp:attachment":[{"href":"https:\/\/moonmentum.com\/blog\/wp-json\/wp\/v2\/media?parent=191849"}],"wp:term":[{"taxonomy":"category","embeddable":true,"href":"https:\/\/moonmentum.com\/blog\/wp-json\/wp\/v2\/categories?post=191849"},{"taxonomy":"post_tag","embeddable":true,"href":"https:\/\/moonmentum.com\/blog\/wp-json\/wp\/v2\/tags?post=191849"}],"curies":[{"name":"wp","href":"https:\/\/api.w.org\/{rel}","templated":true}]}}