{"id":192218,"date":"2015-03-17T09:35:22","date_gmt":"2015-03-17T14:05:22","guid":{"rendered":"http:\/\/moonmentum.com\/blog\/?p=192218"},"modified":"2015-03-17T09:35:22","modified_gmt":"2015-03-17T14:05:22","slug":"dia-de-san-patricio","status":"publish","type":"post","link":"https:\/\/moonmentum.com\/blog\/actualidad\/especial-del-dia\/dia-de-san-patricio\/","title":{"rendered":"D\u00eda de San Patricio"},"content":{"rendered":"<p style=\"text-align: left;\">D\u00eda de San Patricio llega tambi\u00e9n a Google y lo hace en forma de doodle, como no pod\u00eda ser de otra forma. Tras el homenaje al D\u00eda de la Mujer, como cada 17 de marzo, honrando el fallecimiento de San Patricio, asistimos a esta fiesta nacional en la Rep\u00fablica de Irlanda y tambi\u00e9n, recordemos, una fiesta por costumbre y no oficial en Irlanda del Norte, que se ha ido extendiendo de forma casi imparable al resto de los pa\u00edses de habla inglesa, como Estados Unidos, Australia o Nueva Zelanda. Por ello es que el buscador m\u00e1s famoso del mundo no ha querido dejar pasar la ocasi\u00f3n de mandar un recuerdo a todos aquellos que festejan este D\u00eda de San Patricio y lo ha ha hecho aportando su peculiar versi\u00f3n. Y, todo hay que decirlo, ha dise\u00f1ado un doodle de lo m\u00e1s sobrio, en contra del car\u00e1cter festivo y alegre de esta fecha, en ocasiones bastante et\u00edlica.<\/p>\n<p><a href=\"http:\/\/moonmentum.com\/blog\/stick\/dia-de-san-patricio\/attachment\/google-5\" rel=\"attachment wp-att-185578\"><img loading=\"lazy\" decoding=\"async\" class=\"wp-image-185578 aligncenter lazyload\" data-src=\"http:\/\/moonmentum.com\/blog\/wp-content\/uploads\/2014\/03\/google1-300x118.jpg\" alt=\"google\" width=\"400\" height=\"218\" src=\"data:image\/gif;base64,R0lGODlhAQABAAAAACH5BAEKAAEALAAAAAABAAEAAAICTAEAOw==\" style=\"--smush-placeholder-width: 400px; --smush-placeholder-aspect-ratio: 400\/218;\" \/><noscript><img loading=\"lazy\" decoding=\"async\" class=\"wp-image-185578 aligncenter\" src=\"http:\/\/moonmentum.com\/blog\/wp-content\/uploads\/2014\/03\/google1-300x118.jpg\" alt=\"google\" width=\"400\" height=\"218\" \/><\/noscript><\/a>El a\u00f1o pasado hubo otro doodle por estas fechas que sin ir m\u00e1s lejos, Google sac\u00f3 otro doodle del D\u00eda de San Patricio diferente a este, bailando con las letras del buscador. Y los pa\u00edses que lo tuvieron fueron: Argentina, Australia, Canada, Colombia, Dinamarca, Etiop\u00eda, Ghana, Hungr\u00eda, Islanda, Irlanda, Kenia, Namibia, Nueva Zelanda, Rusia, Sud\u00e1frica, Rusia, Suecia, Uganda, Reino Unido, Estdos Unidos y Zimbawe.<\/p>\n<p>Huelga decir que la celebraci\u00f3n del D\u00eda de San Patricio se hace por todo lo alto, abundando el verde por todos los ladores: se disfruta en Irlanda tanto para cristianos y no cristianos: desfiles, comida t\u00edpica, vestimente especial para la ocasi\u00f3n, y todo regado con litros y litros de alcohol y, en ocasiones tambi\u00e9n, incluso una cerveza de color verde elaborada para la ocasi\u00f3n.<\/p>\n<p><object id=\"flashObj\" width=\"640\" height=\"360\" classid=\"clsid:d27cdb6e-ae6d-11cf-96b8-444553540000\" codebase=\"http:\/\/download.macromedia.com\/pub\/shockwave\/cabs\/flash\/swflash.cab#version=6,0,40,0\"><param name=\"flashVars\" value=\"web=externos&amp;videoId=3347312826001&amp;playerID=309010008001&amp;playerKey=AQ%2E%2E,AAAAFDJ-STk%2E,O_UTJPLxsFAhSEJk_8ykI5UN4pASTQM7&amp;domain=embed&amp;dynamicStreaming=true\" \/><param name=\"base\" value=\"http:\/\/admin.brightcove.com\" \/><param name=\"wmode\" value=\"transparent\" \/><param name=\"seamlesstabbing\" value=\"false\" \/><param name=\"allowFullScreen\" value=\"true\" \/><param name=\"swLiveConnect\" value=\"true\" \/><param name=\"allowScriptAccess\" value=\"always\" \/><param name=\"src\" value=\"http:\/\/c.brightcove.com\/services\/viewer\/federated_f9?isVid=1&amp;isUI=1\" \/><param name=\"flashvars\" value=\"web=externos&amp;videoId=3347312826001&amp;playerID=309010008001&amp;playerKey=AQ%2E%2E,AAAAFDJ-STk%2E,O_UTJPLxsFAhSEJk_8ykI5UN4pASTQM7&amp;domain=embed&amp;dynamicStreaming=true\" \/><param name=\"allowfullscreen\" value=\"true\" \/><param name=\"allowscriptaccess\" value=\"always\" \/><param name=\"swliveconnect\" value=\"true\" \/><param name=\"pluginspage\" value=\"http:\/\/www.macromedia.com\/shockwave\/download\/index.cgi?P1_Prod_Version=ShockwaveFlash\" \/><embed id=\"flashObj\" width=\"640\" height=\"360\" type=\"application\/x-shockwave-flash\" src=\"http:\/\/c.brightcove.com\/services\/viewer\/federated_f9?isVid=1&amp;isUI=1\" flashvars=\"web=externos&amp;videoId=3347312826001&amp;playerID=309010008001&amp;playerKey=AQ%2E%2E,AAAAFDJ-STk%2E,O_UTJPLxsFAhSEJk_8ykI5UN4pASTQM7&amp;domain=embed&amp;dynamicStreaming=true\" base=\"http:\/\/admin.brightcove.com\" wmode=\"transparent\" seamlesstabbing=\"false\" allowfullscreen=\"allowfullscreen\" swliveconnect=\"true\" allowscriptaccess=\"always\" flashvars=\"web=externos&amp;videoId=3347312826001&amp;playerID=309010008001&amp;playerKey=AQ%2E%2E,AAAAFDJ-STk%2E,O_UTJPLxsFAhSEJk_8ykI5UN4pASTQM7&amp;domain=embed&amp;dynamicStreaming=true\" allowfullscreen=\"allowfullscreen\" allowscriptaccess=\"always\" swliveconnect=\"true\" pluginspage=\"http:\/\/www.macromedia.com\/shockwave\/download\/index.cgi?P1_Prod_Version=ShockwaveFlash\" bgcolor=\"#FFFFFF\" \/><\/object><\/p>\n<p>Recordemos c\u00f3mo se ha celebrado esta festividad en el pasado: anteriormente era concebido \u00fanicamente como una fiesta religiosa pero en 1903, por el \u201cBank Holiday\u201d, se convirti\u00f3 en una fiesta p\u00fablica. M\u00e1s tarde el irland\u00e9s MP James O&#8217;Mara introdujo la ley en la cual se se\u00f1alaba que las tabernas requer\u00edan estar cerradas el 17 de marzo. Pero en los a\u00f1os setenta del presente siglo fue recurrida esta deicisi\u00f3n, que ten\u00eda descontentos a muchos irlandeses.<\/p>\n<p>Si bien eprimer desfile del D\u00eda de San Patricio se realiz\u00f3 en el Estado Libre de Irlanda, en la ciudad de Dubl\u00edn en 1931, no fue hasta mediados de los a\u00f1os 1990 cuando el gobierno irland\u00e9s decidi\u00f3 ubicar esta fiesta estatal en el lugar en el que se encuentran las grandes celebraciones del resto del planeta. Por ello apelaron a un regreso a las ra\u00edces, de la misma forma que lo combinaron con la innovaci\u00f3n y la apuesta por la creatividad.<\/p>\n<p>As\u00ed, de esta forma el primer Festival del D\u00eda de San Patricioo se realiz\u00f3 el 17 de marzo de 1996 y solo un a\u00f1o m\u00e1s tarde se convirti\u00f3 en un evento de tres d\u00edas. Cuando lleg\u00f3 el a\u00f1o 2000 ya se hab\u00eda ampladio el plazo a cuatro d\u00edas. Y desde hace 8 a\u00f1os son cinco los d\u00edas de fiesta. Al mismo tiempo que en Irlanda, otras ciudades se visten de verde cada 17 de marzo: en Estados Unidos: Boston, Filadelfia, Denver y Chicago, en Inglaterra: Londres, Cambridge, En Canad\u00e1: Toronto Montreal, Argentina tiene a Buenos Aires.<\/p>\n<p>Sin embargo, es en Nueva York donde se produce el desfile m\u00e1s grande del D\u00eda de San Patricio, ya que all\u00ed es visto por un total de dos millones de espectadores. En m\u00e9xico tambi\u00e9n se festeja, puesto que se conmemora el batall\u00f3n de San Patricio en la defensa del estado mexicano, celebrando el D\u00eda de San Patricio en el antiguo templo de Churubusco. Y en Argentina, donde est\u00e1 la quinta comunidad irlandesa fuera de Irlanda, la fiesta es por todo lo alto.<\/p>\n<p>En concreto, en el pa\u00eds sudam\u00e9ricano se organizan grandes fiestas en calles y parques de Buenos Aires, C\u00f3rdoba y Rosario y como Irlanda fue el \u00fanico pa\u00eds europeo que apoy\u00f3 abiertamente a Argentina durante el conflicto por Malvinas, esta fiesta adquiri\u00f3 desde entones un car\u00e1cter especial. En Espa\u00f1a, por \u00faltimo, el D\u00eda de San Patricio que llega hoy en forma de doodle de Google en el municipio pontevedr\u00e9s de Caldas de Reyes hay un desfile de unas 4.000 personas cada a\u00f1o. Al mism tiempo, se celebra de forma especial en la ciudad de La Coru\u00f1a, tambi\u00e9n es muy importante en Albu\u00f1ol (Granada) y cada vez es m\u00e1s ascendente su importancia en Salamanca. Pero la mayor celebraci\u00f3n de esta fiesta fuera de Irlanda en Europa tiene lugar en San Eugenio, Playa de Las Am\u00e9ricas, Adej, .en Tenerife. Y es que all\u00e1 est\u00e1 el n\u00facleo de irlandeses m\u00e1s numeroso en Europa m\u00e1s all\u00e1 de su propio pa\u00eds.<\/p>\n","protected":false},"excerpt":{"rendered":"<p>D\u00eda de San Patricio llega tambi\u00e9n a Google y lo hace en forma de doodle, como no pod\u00eda ser de otra forma. Tras el homenaje al D\u00eda de la Mujer, como cada 17 de marzo, honrando el fallecimiento de San Patricio, asistimos a esta fiesta nacional en la Rep\u00fablica de Irlanda y tambi\u00e9n, recordemos, una [&hellip;]<\/p>\n","protected":false},"author":14,"featured_media":192219,"comment_status":"closed","ping_status":"closed","sticky":false,"template":"","format":"standard","meta":{"footnotes":""},"categories":[21],"tags":[],"class_list":{"0":"post-192218","1":"post","2":"type-post","3":"status-publish","4":"format-standard","5":"has-post-thumbnail","7":"category-especial-del-dia"},"_links":{"self":[{"href":"https:\/\/moonmentum.com\/blog\/wp-json\/wp\/v2\/posts\/192218","targetHints":{"allow":["GET"]}}],"collection":[{"href":"https:\/\/moonmentum.com\/blog\/wp-json\/wp\/v2\/posts"}],"about":[{"href":"https:\/\/moonmentum.com\/blog\/wp-json\/wp\/v2\/types\/post"}],"author":[{"embeddable":true,"href":"https:\/\/moonmentum.com\/blog\/wp-json\/wp\/v2\/users\/14"}],"replies":[{"embeddable":true,"href":"https:\/\/moonmentum.com\/blog\/wp-json\/wp\/v2\/comments?post=192218"}],"version-history":[{"count":0,"href":"https:\/\/moonmentum.com\/blog\/wp-json\/wp\/v2\/posts\/192218\/revisions"}],"wp:featuredmedia":[{"embeddable":true,"href":"https:\/\/moonmentum.com\/blog\/wp-json\/wp\/v2\/media\/192219"}],"wp:attachment":[{"href":"https:\/\/moonmentum.com\/blog\/wp-json\/wp\/v2\/media?parent=192218"}],"wp:term":[{"taxonomy":"category","embeddable":true,"href":"https:\/\/moonmentum.com\/blog\/wp-json\/wp\/v2\/categories?post=192218"},{"taxonomy":"post_tag","embeddable":true,"href":"https:\/\/moonmentum.com\/blog\/wp-json\/wp\/v2\/tags?post=192218"}],"curies":[{"name":"wp","href":"https:\/\/api.w.org\/{rel}","templated":true}]}}