{"id":192752,"date":"2015-05-16T18:43:29","date_gmt":"2015-05-16T23:13:29","guid":{"rendered":"http:\/\/moonmentum.com\/blog\/?p=192752"},"modified":"2015-08-10T01:31:14","modified_gmt":"2015-08-10T06:01:14","slug":"friedrich-poeta-de-alma-y-corazon","status":"publish","type":"post","link":"https:\/\/moonmentum.com\/blog\/efemerides\/semilla-de-la-semana\/friedrich-poeta-de-alma-y-corazon\/","title":{"rendered":"Friedrich, poeta de alma y coraz\u00f3n"},"content":{"rendered":"<p>No existe la casualidad, y lo que se nos presenta como azar surge de las fuentes m\u00e1s profundas. <strong>Friedrich Von Schiller<\/strong><\/p>\n<p><span style=\"color: #888888;\"><em>Cada d\u00eda hay en el Universo una estela dejada por la acci\u00f3n de otros seres Esta semana esa estela o\u00a0 \u201c<\/em><\/span><a href=\"..\/..\/category\/sextante\/category\/sextante\/en-un-dia-como-hoy\/\" target=\"_blank\"><em>semilla de la semana<\/em><\/a><span style=\"color: #888888;\"><em>\u201d fue sembrada por\u2026<span style=\"color: #000000;\"> <strong>Friedrich Von Schiller<\/strong><\/span><\/em><\/span><\/p>\n<p>&nbsp;<\/p>\n<p>Friedrich Von Schiller poeta, dramaturgo, fil\u00f3sofo e historiador alem\u00e1n, \u00a0Se le considera el dramaturgo m\u00e1s importante de Alemania y es junto a Goethe, una de las figuras centrales del clasicismo de Weimar. Muchas de sus obras de teatro pertenecen al repertorio habitual del teatro en alem\u00e1n. Sus baladas se cuentan entre los poemas m\u00e1s famosos.<!--more--><\/p>\n<p>Es por ello que cuando en 1793, uno de sus admiradores m\u00e1s destacados Beethoven, decidi\u00f3 escribir el \u00faltimo movimiento de su Sinfon\u00eda n.\u00ba 9 Opus 125 en Re menor, utilizando como hilo conductor la \u201cOda a la Alegr\u00eda\u201d de Friedrich Schiller, convirti\u00e9ndolo en el ejemplo perfecto de m\u00fasica program\u00e1tica.<\/p>\n<p>Realmente la composici\u00f3n po\u00e9tica de Schiller se llamaba Oda a la Libertad (del alem\u00e1n, Ode und die Freiheigt), pero la fuerte censura de la \u00e9poca le oblig\u00f3 a cambiar \u201cLibertad\u201d por \u201cAlegr\u00eda\u201d.<\/p>\n<p>Las obras de Schiller ten\u00edan una gran afinidad con el movimiento \u201cSturm und Drang\u201d, por su insistencia en la libertad, la moralidad y su \u00edmpetu dram\u00e1tico. En su conjunto, todas las obras de Schiller se caracterizan por su idealismo moral, optimismo, dicci\u00f3n po\u00e9tica y sentido de la forma.<\/p>\n<p>En 1985, fue adaptado y adoptado como Himno de la Uni\u00f3n Europea (UE), siendo interpretado por primera vez de manera oficial el 29 de mayo de ese mismo a\u00f1o.<\/p>\n<p>Tiempo despu\u00e9s Wagner en cartas personales recopiladas en \u201cObras completas de Federico Nietzsche\u201d, T II, confiesa \u201cla brisa de belleza que le caus\u00f3\u201d la \u201cAlegr\u00eda\u201d de Beethoven a manera de correspondencia con el mensaje de Dios a los mortales.<\/p>\n<p>Lo cual lleva a decir: la \u201cAlegr\u00eda\u201d en la \u201cNovena\u201d,\u00a0 no es de inteligencia razonante ni filos\u00f3fica, sino de libertad espiritual; algo as\u00ed como m\u00edstico matrimonio de sonidos con la luz Divina.<\/p>\n<p>Johann Christoph Friedrich Schiller fue adem\u00e1s de poeta, dramaturgo, historiador y el primer fil\u00f3sofo del arte alem\u00e1n. Hijo de un modesto cirujano, que se vio obligado a estudiar medicina en una academia militar de Stuttgart, pero su aut\u00e9ntica vocaci\u00f3n lo llev\u00f3 a las artes. Es ejemplo de quien ha adoptado la rebeld\u00eda contra sus padres y la sociedad, ejemplo de alguien que persigue su sue\u00f1o juvenil hasta el final.<\/p>\n<p><strong>\u00abOda a la Alegr\u00eda\u00bb<\/strong><\/p>\n<p><iframe loading=\"lazy\" data-src=\"https:\/\/www.youtube.com\/embed\/r5Quxe-dQVM\" width=\"560\" height=\"315\" frameborder=\"0\" allowfullscreen=\"allowfullscreen\" src=\"data:image\/gif;base64,R0lGODlhAQABAAAAACH5BAEKAAEALAAAAAABAAEAAAICTAEAOw==\" class=\"lazyload\" data-load-mode=\"1\"><\/iframe><\/p>\n<p><strong>Friedrich von Schiller<\/strong><\/p>\n<p><iframe loading=\"lazy\" data-src=\"https:\/\/www.youtube.com\/embed\/meEIgT0Yl9Y\" width=\"560\" height=\"315\" frameborder=\"0\" allowfullscreen=\"allowfullscreen\" src=\"data:image\/gif;base64,R0lGODlhAQABAAAAACH5BAEKAAEALAAAAAABAAEAAAICTAEAOw==\" class=\"lazyload\" data-load-mode=\"1\"><\/iframe><\/p>\n<p>\u201cEnerg\u00eda viva que puedes plantar en tu vida\u201d.<\/p>\n<p><strong><a href=\"http:\/\/moonmentum.com\/blog\/efemerides\/semilla-de-la-semana\/jigoro-kano-el-padre-del-judo\">Jigoro Kano<\/a><\/strong><br \/>\n<strong> <a href=\"http:\/\/moonmentum.com\/blog\/efemerides\/semilla-de-la-semana\/el-fundador-de-la-psicologia-existencial\">Soren Kierkegaard<\/a><\/strong><br \/>\n<strong> <a href=\"http:\/\/moonmentum.com\/blog\/efemerides\/semilla-de-la-semana\/sigmund-freud-el-padre-del-psicoanalisis-2\">Sigmund Freud<\/a><\/strong><br \/>\n<strong> <a href=\"http:\/\/moonmentum.com\/blog\/efemerides\/semilla-de-la-semana\/tagore-el-musico-de-las-palabras\">Rabindranath Tagore<\/a><\/strong><br \/>\n<strong> <a href=\"http:\/\/moonmentum.com\/blog\/efemerides\/semilla-de-la-semana\/helena-petrovna-una-doctrina-secreta\">Helena Petrovna<\/a><\/strong><br \/>\n<strong> <a href=\"http:\/\/moonmentum.com\/blog\/efemerides\/semilla-de-la-semana\/friedrich-von-schiller-un-poeta-plenamente-libre\">Friedrich Von Schiller<\/a><\/strong><br \/>\n<strong> <a href=\"http:\/\/moonmentum.com\/blog\/efemerides\/semilla-de-la-semana\/george-vancouver-el-conquistador-que-dejo-un-legado\">George Vancouver<\/a><\/strong><\/p>\n<p>Te invito a que leas la historia de nuestras Semillas tomando conciencia sobre lo que podr\u00edas hacer para trascender en el tiempo <sup class='footnote'><a href='#fn-192752-1' id='fnref-192752-1' onclick='return fdfootnote_show(192752)'>1<\/a><\/sup>.<\/p>\n<p><strong><em>Semilla<\/em><\/strong><em>: Personaje que se convierte en efem\u00e9rides por su legado<\/em> <sup class='footnote'><a href='#fn-192752-2' id='fnref-192752-2' onclick='return fdfootnote_show(192752)'>2<\/a><\/sup>.<\/p>\n<p><sup>Nota: El criterio que utilizo para seleccionar la semilla es basado en las energ\u00edas activas en el Universo, para as\u00ed agrandar el radio de acci\u00f3n que podemos alcanzar.<\/sup><\/p>\n<div class='footnotes' id='footnotes-192752'>\n<div class='footnotedivider'><\/div>\n<ol>\n<li id='fn-192752-1'> Todo el mundo sin excepci\u00f3n tiene un alma. Esta esencia de luz es el com\u00fan denominador que une la creaci\u00f3n, el cosmos y la vida. Deber\u00edamos darnos cuenta que en el fondo somos Luz en movimiento. Pero no somos conscientes de esa Luz, de nuestro origen y nos enredamos en los laberintos de la personalidad. La b\u00fasqueda espiritual es la b\u00fasqueda de nuestra conciencia, de nuestra divinidad interior. Como dice Rodolfo Llinas :\n<p><em>\u201cLa Informaci\u00f3n es una energ\u00eda preexistente y fundamental a partir de la cual y con su complejificaci\u00f3n se forma la conciencia en sus diferentes grados;\u00a0 la conciencia de orden superior s\u00f3lo puede desarrollarse sobre\u00a0 la base de la conciencia primaria.\u00a0 Para que la conciencia se d\u00e9, es indispensable que la materia posea la Informaci\u00f3n capaz de entrar en sincron\u00eda con la de su medio ambiente.\u201d<\/em><\/p>\n<p>El autor es neurocient\u00edfico, director del departamento de fisiolog\u00eda y neurociencia de la escuela de Medicina de la Universidad de Nueva York durante los \u00faltimos 26 a\u00f1os, Miembro de la Academia Francesa de la Ciencia, de la Academia de la Ciencia de los Estados Unidos y de la Real Academia Espa\u00f1ola de Medicina.\u00a0 Recuerda que la emocionalidad tendr\u00e1 el protagonismo que t\u00fa le des.<\/p>\n<p><em>La gente, embotados sus sentidos, se pierde lo mejor de la vida. O como dec\u00eda Jos\u00e9 Ortega y Gasset: \u201cAlgunas personas enfocan su vida de modo que viven con entremeses y guarniciones. El plato principal nunca lo conocen\u201d. S\u00f3lo cierto ayuno permite despertar de este enga\u00f1o colectivo, la locura del tener frente a la alegr\u00eda del ser, que nos hace personas.<\/em> <span class='footnotereverse'><a href='#fnref-192752-1'>&#8617;<\/a><\/span><\/li>\n<li id='fn-192752-2'> En t\u00e9rminos de f\u00edsica cu\u00e1ntica cuando emulamos una acci\u00f3n, \u00e9sta se convierte poco a poco en realidad. Entonces, si todos logr\u00e1ramos conectar directamente con las acciones de nuestros \u00eddolos de la historia seguramente cada d\u00eda seremos mejores personas dando forma a las efem\u00e9rides del futuro. <span class='footnotereverse'><a href='#fnref-192752-2'>&#8617;<\/a><\/span><\/li>\n<\/ol>\n<\/div>\n","protected":false},"excerpt":{"rendered":"<p>No existe la casualidad, y lo que se nos presenta como azar surge de las fuentes m\u00e1s profundas&#8230; <a href=\"http:\/\/wp.me\/p3Cddp-O8U\">Ver m\u00e1s&#8230;<\/a> <\/p>\n","protected":false},"author":14,"featured_media":192753,"comment_status":"open","ping_status":"closed","sticky":false,"template":"","format":"standard","meta":{"footnotes":""},"categories":[12],"tags":[1823,343,364,481,17184],"class_list":["post-192752","post","type-post","status-publish","format-standard","has-post-thumbnail","category-semilla-de-la-semana","tag-abraham-maslow","tag-lourdes-mendez","tag-maslow","tag-semilla","tag-semilla-de-la-semana"],"_links":{"self":[{"href":"https:\/\/moonmentum.com\/blog\/wp-json\/wp\/v2\/posts\/192752","targetHints":{"allow":["GET"]}}],"collection":[{"href":"https:\/\/moonmentum.com\/blog\/wp-json\/wp\/v2\/posts"}],"about":[{"href":"https:\/\/moonmentum.com\/blog\/wp-json\/wp\/v2\/types\/post"}],"author":[{"embeddable":true,"href":"https:\/\/moonmentum.com\/blog\/wp-json\/wp\/v2\/users\/14"}],"replies":[{"embeddable":true,"href":"https:\/\/moonmentum.com\/blog\/wp-json\/wp\/v2\/comments?post=192752"}],"version-history":[{"count":0,"href":"https:\/\/moonmentum.com\/blog\/wp-json\/wp\/v2\/posts\/192752\/revisions"}],"wp:featuredmedia":[{"embeddable":true,"href":"https:\/\/moonmentum.com\/blog\/wp-json\/wp\/v2\/media\/192753"}],"wp:attachment":[{"href":"https:\/\/moonmentum.com\/blog\/wp-json\/wp\/v2\/media?parent=192752"}],"wp:term":[{"taxonomy":"category","embeddable":true,"href":"https:\/\/moonmentum.com\/blog\/wp-json\/wp\/v2\/categories?post=192752"},{"taxonomy":"post_tag","embeddable":true,"href":"https:\/\/moonmentum.com\/blog\/wp-json\/wp\/v2\/tags?post=192752"}],"curies":[{"name":"wp","href":"https:\/\/api.w.org\/{rel}","templated":true}]}}