{"id":193211,"date":"2015-06-25T19:36:08","date_gmt":"2015-06-26T00:06:08","guid":{"rendered":"http:\/\/moonmentum.com\/blog\/?p=193211"},"modified":"2015-06-25T19:57:22","modified_gmt":"2015-06-26T00:27:22","slug":"accion","status":"publish","type":"post","link":"https:\/\/moonmentum.com\/blog\/pronostico\/afirmacion-de-la-semana\/accion\/","title":{"rendered":"Acci\u00f3n&#8230;"},"content":{"rendered":"<p>\u00abYo siento la necesidad de protegerme, de cuidarme y de consentirme\u2026\u00bb<\/p>\n<p><img loading=\"lazy\" decoding=\"async\" title=\"Marte\" data-src=\"http:\/\/www.moonmentum.com\/blog\/wp-content\/plugins\/simbolos\/simbolos\/36.png\" alt=\"Marte\" width=\"16\" height=\"16\" src=\"data:image\/gif;base64,R0lGODlhAQABAAAAACH5BAEKAAEALAAAAAABAAEAAAICTAEAOw==\" class=\"lazyload\" style=\"--smush-placeholder-width: 16px; --smush-placeholder-aspect-ratio: 16\/16;\" \/><noscript><img loading=\"lazy\" decoding=\"async\" title=\"Marte\" src=\"http:\/\/www.moonmentum.com\/blog\/wp-content\/plugins\/simbolos\/simbolos\/36.png\" alt=\"Marte\" width=\"16\" height=\"16\" \/><\/noscript>\u00a0<img loading=\"lazy\" decoding=\"async\" title=\"Conjuncion\" data-src=\"http:\/\/www.moonmentum.com\/blog\/wp-content\/plugins\/simbolos\/simbolos\/4.png\" alt=\"Conjuncion\" width=\"16\" height=\"16\" src=\"data:image\/gif;base64,R0lGODlhAQABAAAAACH5BAEKAAEALAAAAAABAAEAAAICTAEAOw==\" class=\"lazyload\" style=\"--smush-placeholder-width: 16px; --smush-placeholder-aspect-ratio: 16\/16;\" \/><noscript><img loading=\"lazy\" decoding=\"async\" title=\"Conjuncion\" src=\"http:\/\/www.moonmentum.com\/blog\/wp-content\/plugins\/simbolos\/simbolos\/4.png\" alt=\"Conjuncion\" width=\"16\" height=\"16\" \/><\/noscript>\u00a0<img loading=\"lazy\" decoding=\"async\" title=\"Sol\" data-src=\"http:\/\/www.moonmentum.com\/blog\/wp-content\/plugins\/simbolos\/simbolos\/9.png\" alt=\"Sol\" width=\"16\" height=\"16\" src=\"data:image\/gif;base64,R0lGODlhAQABAAAAACH5BAEKAAEALAAAAAABAAEAAAICTAEAOw==\" class=\"lazyload\" style=\"--smush-placeholder-width: 16px; --smush-placeholder-aspect-ratio: 16\/16;\" \/><noscript><img loading=\"lazy\" decoding=\"async\" title=\"Sol\" src=\"http:\/\/www.moonmentum.com\/blog\/wp-content\/plugins\/simbolos\/simbolos\/9.png\" alt=\"Sol\" width=\"16\" height=\"16\" \/><\/noscript>\u00a0<img loading=\"lazy\" decoding=\"async\" title=\"Cancer\" data-src=\"http:\/\/www.moonmentum.com\/blog\/wp-content\/plugins\/simbolos\/simbolos\/52.png\" alt=\"Cancer\" width=\"16\" height=\"16\" src=\"data:image\/gif;base64,R0lGODlhAQABAAAAACH5BAEKAAEALAAAAAABAAEAAAICTAEAOw==\" class=\"lazyload\" style=\"--smush-placeholder-width: 16px; --smush-placeholder-aspect-ratio: 16\/16;\" \/><noscript><img loading=\"lazy\" decoding=\"async\" title=\"Cancer\" src=\"http:\/\/www.moonmentum.com\/blog\/wp-content\/plugins\/simbolos\/simbolos\/52.png\" alt=\"Cancer\" width=\"16\" height=\"16\" \/><\/noscript><\/p>\n<p>En medio de la \u201cmasa cr\u00edtica\u201d que genera la celebraci\u00f3n del <a href=\"http:\/\/moonmentum.com\/blog\/pronostico\/clima-astrologico\/festival-solar-18\/\" target=\"_blank\">Solsticio<\/a> y de <a href=\"http:\/\/moonmentum.com\/blog\/actualidad\/observatorio-moonmentum\/jupiter-y-venus-unidos-en-el-cielo\/\" target=\"_blank\">San Juan el Bautista<\/a> el eje de la tierra recibe un boom energ\u00e9tico por la entrada de Marte en el signo de C\u00e1ncer.<\/p>\n<p>Toma ventaja del Protagonismo que recibes con la entrada del Sol (Identidad) y de Marte (Guerrero) en el signo C\u00e1ncer y haz algo que valga la pena recordar.<\/p>\n<p>D\u00edas \u201cIm\u00e1n\u201d\u2026\u00a0 puedes ser el Im\u00e1n o la energ\u00eda atra\u00edda (arrastrada) por el Im\u00e1n de acuerdo a tu acci\u00f3n (no a tu elecci\u00f3n)\u2026 en este caso la raz\u00f3n no es protag\u00f3nica.<\/p>\n<p style=\"text-align: center;\"><span style=\"font-size: 10pt;\">\u201cLos seres humanos no nacen para siempre el d\u00eda en que sus madres los alumbran, sino que la vida los obliga a parirse a s\u00ed mismos una y otra vez\u201d\u00a0<\/span><br \/>\n<span style=\"font-size: 10pt;\"><a href=\"http:\/\/www.proverbia.net\/citasautor.asp?autor=397\" target=\"_blank\">Gabriel Garc\u00eda M\u00e1rquez<\/a><\/span><\/p>\n<p style=\"text-align: center;\"><span style=\"font-size: 10pt;\">\u201cHay una fuerza motriz m\u00e1s poderosa que el vapor, la electricidad y la energ\u00eda at\u00f3mica: la voluntad\u201d<\/span><br \/>\n<span style=\"font-size: 10pt;\"><a href=\"http:\/\/clk.tradedoubler.com\/click?p=17460&amp;a=644479&amp;epi=AUTOR_327&amp;url=http:\/\/www.casadellibro.com\/fichas\/fichaautores\/0,1463,EINSTEIN32ALBERT,00.html\" target=\"_blank\">Albert Einstein<\/a><\/span><\/p>\n<p><span style=\"text-decoration: underline;\"><span style=\"font-size: 10pt;\"><strong>La Sabidur\u00eda de la Fantas\u00eda<\/strong><\/span><\/span><\/p>\n<p><span style=\"font-size: 10pt;\">Edgar Allan Poe indicaba que todav\u00eda no est\u00e1 claro si un leve grado de locura no constituye la forma m\u00e1s elevada de inteligencia, y si gran parte de lo que es profundo y glorioso puede que no se nos exponga a trav\u00e9s del intelecto. Tal vez nuestra visi\u00f3n de la \u00abinteligencia\u00bb deja muy poco espacio a la capacidad del coraz\u00f3n. Quiz\u00e1s la senda del coraz\u00f3n representa una forma de interactuar con el mundo diferente a la seguida por nuestro modo habitual, cerebro-dominante. Una senda que muchos de nosotros necesitamos explorar y la \u00fanica que se encuentra basada m\u00e1s en el sentimiento de la <strong>energ\u00eda que resuena dentro de cada uno<\/strong> y de todo, que en el estar tratando siempre de controlar y dominar las cosas, la gente y el mundo.<\/span><\/p>\n<p><span style=\"font-size: 10pt;\">\u201c<strong>Festival Solar<\/strong>\u201d\u2026 nosotros somos invitados de honor\u2026 el Sol representa nuestra \u201cIdentidad\u201d.<strong>\u00a0<\/strong>Periodo de recogimiento y de entrega\u2026 contacto con la naturaleza, con la vida y con las energ\u00edas Universales.<\/span><\/p>\n<p><span style=\"text-decoration: underline;\"><span style=\"font-size: 10pt;\"><strong>Litha o Alban Hefin<\/strong><\/span><\/span><\/p>\n<p><span style=\"font-size: 10pt;\">Los antiguos celtas llamaban Litha o Alban Hefin a esta fiesta de solsticio verano (invierno en el hemisferio sur).Aunque sus or\u00edgenes son oscuros, la palabra Litha designa una \u201crueda\u201d, haciendo alusi\u00f3n posiblemente al sol en su m\u00e1ximo esplendor. Esta fiesta se celebra a la noche del 21 al 22 de junio en el hemisferio norte (21 al 22 de diciembre en el hemisferio sur). La noche de la v\u00edspera del solsticio, los druidas encend\u00edan fuegos circulares en lugares sagrados, cerca de fuentes de agua, que manten\u00edan vivos toda la noche y jugaban con antorchas, o encend\u00edan ruedas que hac\u00edan rodar por pendientes.<\/span><\/p>\n<p><span style=\"font-size: 10pt;\">Lanzar desde una colina una rueda encendida representaba el descenso del Sol que ese d\u00eda estaba en el apogeo. El solsticio, que marcaba el m\u00e1ximo poder el sol y el d\u00eda m\u00e1s largo del a\u00f1o, tambi\u00e9n marca el momento en el que la luz del Sol comienza a disminuir en el a\u00f1o por los seis meses que siguen. Este acontecimiento forma parte del flujo incesante de toda la naturaleza que declina a partir de un instante de plenitud. La fiesta recomenzaba al amanecer, a la salida del sol del solsticio, haciendo sonar tambores para encorajar el viejo sol para levantarse temprano y brillar en el d\u00eda m\u00e1s largo del a\u00f1o.<\/span><\/p>\n<p><span style=\"font-size: 10pt;\">Todas las fiestas en diferentes puntos del mundo la madrugada del 24 de junio (o el 21 de junio en ciertos sitios) coinciden en celebrar el instante en el que el Sol se hallaba en su m\u00e1ximo esplendor, cuando dura m\u00e1s tiempo en el cielo y muestra su m\u00e1ximo poder a los hombres, el solsticio de verano, el d\u00eda m\u00e1s largo. Y la noche m\u00e1s corta. El triunfo de la luz sobre la oscuridad. Una noche m\u00e1gica.2015<\/span><\/p>\n<p><span style=\"font-size: 10pt;\"><span style=\"color: #000000;\"><em>\u201cNo es que a la persona le sucede un acontecimiento, sino que al acontecimiento le sucede una persona. Un individuo se encuentra con determinados acontecimientos porque los necesita para poder llegar a ser m\u00e1s plenamente lo que s\u00f3lo es potencialmente\u201d.<\/em>\u00a0Dane Rudyhar<\/span><\/span><\/p>\n<p><span style=\"color: #000000; font-size: 10pt;\">Por lo tanto debemos estudiar los acontecimientos como si fueran el fruto de un \u00e1rbol sembrado en el tiempo cuyas ra\u00edces son el camino que nos conduce a su semilla.<\/span><\/p>\n<p>\u2026No sigas tu reloj\u2026 ve el Sol y gu\u00edate por \u00e9l, esto te dar\u00e1 un sentimiento de \u201cidentidad\u201d.<\/p>\n<p><span style=\"font-size: 12pt;\">Cada d\u00eda el Universo nos reta de diferentes formas\u2026 No te dejes intimidar!<\/span><\/p>\n<p><strong>Sem\u00e1foro \u2026<\/strong><strong style=\"font-size: 15px;\">\u00a0<\/strong><\/p>\n<p><span style=\"color: #ff0000;\"><strong>Luz Roja:<\/strong><\/span> Al ego\u2026 \u2026 el ego disfraza el horizonte.<br \/>\n<span style=\"color: #ffcc00;\"><strong>Luz Amarilla:<\/strong><span style=\"color: #000000;\"> A la oscuridad\u2026 no permitas que lo mismo suceda en tu vida.<\/span><\/span><br \/>\n<span style=\"color: #339966;\"><strong>Luz Verde:<\/strong><\/span> A la luz\u2026 a la \u201cInteligencia Universal\u201d.<\/p>\n<p>\u201cApuesta a ti\u2026 El premio eres t\u00fa\u201d<br \/>\n<strong>Lourdes M\u00e9ndez<\/strong><\/p>\n","protected":false},"excerpt":{"rendered":"<p>\u00abYo siento la necesidad de protegerme, de cuidarme y de consentirme\u2026\u00bb En medio de la \u201cmasa cr\u00edtica\u201d que genera la celebraci\u00f3n del Solsticio y de San Juan el Bautista el eje de la tierra&#8230; <a href=\"http:\/\/wp.me\/s3Cddp-accion\">Ver m\u00e1s&#8230;<\/a> <\/p>\n","protected":false},"author":3,"featured_media":193212,"comment_status":"open","ping_status":"closed","sticky":false,"template":"","format":"standard","meta":{"footnotes":""},"categories":[9292],"tags":[17172,343],"class_list":{"0":"post-193211","1":"post","2":"type-post","3":"status-publish","4":"format-standard","5":"has-post-thumbnail","7":"category-afirmacion-de-la-semana","8":"tag-afirmacion-de-la-semana","9":"tag-lourdes-mendez"},"_links":{"self":[{"href":"https:\/\/moonmentum.com\/blog\/wp-json\/wp\/v2\/posts\/193211","targetHints":{"allow":["GET"]}}],"collection":[{"href":"https:\/\/moonmentum.com\/blog\/wp-json\/wp\/v2\/posts"}],"about":[{"href":"https:\/\/moonmentum.com\/blog\/wp-json\/wp\/v2\/types\/post"}],"author":[{"embeddable":true,"href":"https:\/\/moonmentum.com\/blog\/wp-json\/wp\/v2\/users\/3"}],"replies":[{"embeddable":true,"href":"https:\/\/moonmentum.com\/blog\/wp-json\/wp\/v2\/comments?post=193211"}],"version-history":[{"count":0,"href":"https:\/\/moonmentum.com\/blog\/wp-json\/wp\/v2\/posts\/193211\/revisions"}],"wp:featuredmedia":[{"embeddable":true,"href":"https:\/\/moonmentum.com\/blog\/wp-json\/wp\/v2\/media\/193212"}],"wp:attachment":[{"href":"https:\/\/moonmentum.com\/blog\/wp-json\/wp\/v2\/media?parent=193211"}],"wp:term":[{"taxonomy":"category","embeddable":true,"href":"https:\/\/moonmentum.com\/blog\/wp-json\/wp\/v2\/categories?post=193211"},{"taxonomy":"post_tag","embeddable":true,"href":"https:\/\/moonmentum.com\/blog\/wp-json\/wp\/v2\/tags?post=193211"}],"curies":[{"name":"wp","href":"https:\/\/api.w.org\/{rel}","templated":true}]}}