{"id":193772,"date":"2015-08-17T01:33:46","date_gmt":"2015-08-17T06:03:46","guid":{"rendered":"http:\/\/moonmentum.com\/blog\/?p=193772"},"modified":"2015-08-17T09:20:54","modified_gmt":"2015-08-17T13:50:54","slug":"max-schelerun-autentico-futurologo","status":"publish","type":"post","link":"https:\/\/moonmentum.com\/blog\/efemerides\/semilla-de-la-semana\/max-schelerun-autentico-futurologo\/","title":{"rendered":"Max Scheler\u2026un aut\u00e9ntico futur\u00f3logo"},"content":{"rendered":"<p>&nbsp;<\/p>\n<p>\u201cLas cosas son percibidas, los conceptos son pensados, los valores son sentidos\u201d.\u00a0<strong>Max Scheler<\/strong><\/p>\n<p><span style=\"color: #888888;\"><em>Cada d\u00eda hay en el Universo una estela dejada por la acci\u00f3n de otros seres Esta semana esa estela o\u00a0 \u201c<\/em><\/span><a href=\"..\/..\/category\/sextante\/category\/sextante\/en-un-dia-como-hoy\/\" target=\"_blank\"><em>semilla de la semana<\/em><\/a><span style=\"color: #888888;\"><em>\u201d fue sembrada por\u2026<\/em><span style=\"color: #000000;\"> <strong>Max Scheler<\/strong><\/span><\/span><\/p>\n<p>Nacido el 22 de agosto de 1874 en Munich.<\/p>\n<p>Fue profesor en las universidades de Jena, Munich, y Colonia. Disc\u00edpulo de Rudolf Eucken, simpatiza con las teor\u00edas vitalistas de Henri Bergson y despu\u00e9s de Edmund Husserl convirti\u00e9ndose en el primer fenomen\u00f3logo.<\/p>\n<p>Es el mejor te\u00f3rico de los valores. Escritor de extraordinaria fecundidad. Scheler distingue tres clases de saber: el inductivo, el de la estructura esencial y el metaf\u00edsico. El saber inductivo es el de las ciencias positivas. Se basa en el instinto de dominaci\u00f3n. Su objeto es la realidad y tiene como finalidad utilizarla por medio de la t\u00e9cnica. La facultad cognoscitiva, por s\u00ed sola, no es suficiente para que poseamos la realidad ya que \u00e9sta es aquello que ofrece resistencia a nuestro esfuerzo. La presencia de este esfuerzo es lo que testimonia la existencia de lo real. El saber de la estructura esencial es el saber que nos permite captar el qu\u00e9 de las cosas. A este saber llegamos cuando nos abstenemos de la actitud impulsiva y prescindimos de la existencia real de las cosas. Su objeto es lo a priori. Est\u00e1 de acuerdo con Immanuel Kant en que existe conocimiento de lo a priori, y que este car\u00e1cter lo tienen las proposiciones ideales que se dan con independencia del sujeto que las piensa. A cambio de esta coincidencia parcial con Kant, mantiene cinco diferencias.<\/p>\n<ol>\n<li>No son los juicios sino las esencias las que constituyen primordialmente lo a priori.<\/li>\n<li>La regi\u00f3n de lo a priori no coincide con la regi\u00f3n de lo formal, ya que estando las esencias en la regi\u00f3n aprior\u00edstica, tambi\u00e9n se da el a priori material.<\/li>\n<li>En el lugar de la cuesti\u00f3n: \u00bfc\u00f3mo es posible que se d\u00e9 algo?, la cuesti\u00f3n fundamental, dice Scheler, es m\u00e1s bien esta otra: \u00bfqu\u00e9 es lo que se da?<\/li>\n<li>Scheler considera falsa la teor\u00eda kantiana seg\u00fan la cual todo lo que es es enlace ha tenido que ser producido por el entendimiento. Scheler dice que no es el entendimiento el que prescribe las leyes a la naturaleza. Lo \u00fanico que podemos establecer son convenciones pero no leyes.<\/li>\n<li>Tampoco est\u00e1 de acuerdo en que lo a priori se equipare con lo racional. toda nuestra vida espiritual (el amar, el sentir, etc\u00e9tera) tiene contenidos a priori. Siguiendo a Pascal, dice Scheler que \u00abexiste un orden del coraz\u00f3n a priori, una l\u00f3gica del coraz\u00f3n\u00bb.<\/li>\n<\/ol>\n<p>El saber metaf\u00edsico, tambi\u00e9n llamado saber de salvaci\u00f3n, aparece cuando se logra trabar los resultados de las ciencias positivas con los de la filosof\u00eda, cuando est\u00e1 orientada al conocimiento de las esencias. Su objeto inmediato est\u00e1 constituido por los problemas fronterizos de las ciencias, por ejemplo, \u00bfqu\u00e9 es la vida? y la finalidad es instaurar al hombre en el dominio de la metaf\u00edsica.<\/p>\n<p>En La naturaleza de la simpat\u00eda (1913), usa del m\u00e9todo de Husserl de la descripci\u00f3n fenomenol\u00f3gica detallada a las emociones sociales que relacionan a los seres humanos unos con otros, especialmente el amor y el odio. Partiendo del concepto husserliano de reducci\u00f3n fenomenol\u00edfica, Scheler distingui\u00f3 las esencias de lo intangible, lo que llev\u00f3 a la afirmaci\u00f3n de la independencia de los valores eternos e inmortales. A este t\u00edtulo le sigui\u00f3 su obra m\u00e1s famosa El formalismo en la \u00e9tica y teor\u00eda material de los valores (1913), un tratado en dos vol\u00famenes de \u00e9tica en donde critica el enfoque \u00e9tico formal del fil\u00f3sofo alem\u00e1n Immanuel Kant y lo cambia por un estudio de los valores espec\u00edficos como se presentan de un modo directo a la conciencia.<\/p>\n<p>Convertido al catolicismo en 1920, escribi\u00f3 De lo eterno en el hombre (1921) justificando su conversi\u00f3n y despu\u00e9s un estudio de la sociolog\u00eda del conocimiento, Die Wissensformen und die Gesellschaft (Formas de conocimiento y sociedad, 1926).<\/p>\n<p>Rechaz\u00f3 el catolicismo y desarroll\u00f3 una filosof\u00eda, basada en la ciencia, en la que todo conocimiento abstracto y valores religiosos son considerados sublimaciones de los instintos b\u00e1sicos humanos, que expone en su \u00faltimo libro, El puesto del hombre en el cosmos (1928).<\/p>\n<p>En sus \u00faltimas obras Scheler se hab\u00eda alejado de la orientaci\u00f3n m\u00e1s estrictamente filos\u00f3fica, vinculada en particular a Husserl, en favor de un campo de investigaci\u00f3n m\u00e1s amplio, inclinado a los problemas de la civilizaci\u00f3n y la sociedad modernas; en tales estudios procur\u00f3 conciliar los principios de su especulaci\u00f3n filos\u00f3fica con las exigencias y necesidades propias del hombre contempor\u00e1neo formado a trav\u00e9s de las diversas experiencias del progreso cient\u00edfico y de la guerra. Scheler falleci\u00f3 en la plenitud de su actividad de escritor y profesor, a los cincuenta y tres a\u00f1os, cuando ya su pensamiento hab\u00eda penetrado en una nueva fase de cr\u00edtica y casi de oposici\u00f3n a sus precedentes actitudes, singularmente en el campo religioso, crisis debida en parte a la desorientaci\u00f3n de la posguerra.<\/p>\n<p><a href=\"http:\/\/moonmentum.com\/blog\/wp-content\/uploads\/2015\/08\/d57ae1533dfdfff0f5d87b05c0035315.jpg\"><img loading=\"lazy\" decoding=\"async\" class=\"aligncenter wp-image-193774 size-large lazyload\" data-src=\"http:\/\/moonmentum.com\/blog\/wp-content\/uploads\/2015\/08\/axiologia-768x1024.jpg\" alt=\"axiologia\" width=\"700\" height=\"933\" src=\"data:image\/gif;base64,R0lGODlhAQABAAAAACH5BAEKAAEALAAAAAABAAEAAAICTAEAOw==\" style=\"--smush-placeholder-width: 700px; --smush-placeholder-aspect-ratio: 700\/933;\" \/><noscript><img loading=\"lazy\" decoding=\"async\" class=\"aligncenter wp-image-193774 size-large\" src=\"http:\/\/moonmentum.com\/blog\/wp-content\/uploads\/2015\/08\/axiologia-768x1024.jpg\" alt=\"axiologia\" width=\"700\" height=\"933\" \/><\/noscript><\/a><\/p>\n<p>\u201cEnerg\u00eda viva que puedes plantar en tu vida\u201d.<\/p>\n<p><a href=\"http:\/\/moonmentum.com\/blog\/efemerides\/semilla-de-la-semana\/elvis-presley-el-rey-3\/\">Jos\u00e9 de San Mart\u00edn<\/a><\/p>\n<p><a href=\"http:\/\/moonmentum.com\/blog\/efemerides\/semilla-de-la-semana\/elvis-presley-el-rey\/\">Honor\u00e9 de Balzac<\/a><\/p>\n<p><a href=\"http:\/\/moonmentum.com\/blog\/efemerides\/semilla-de-la-semana\/la-esencia-del-pensamiento-de-pascal\/\">Blaise Pascal<\/a><\/p>\n<p><a href=\"http:\/\/moonmentum.com\/blog\/efemerides\/semilla-de-la-semana\/paul-ehrlich-el-pionero-en-los-anticuerpos\/\">Paul Ehrlich<\/a><\/p>\n<p><a href=\"http:\/\/moonmentum.com\/blog\/efemerides\/semilla-de-la-semana\/benjamin-thompson-y-la-teoria-del-calor\/\">Benjamin Thompson<\/a><\/p>\n<p><a href=\"http:\/\/moonmentum.com\/blog\/efemerides\/semilla-de-la-semana\/max-scheler-un-fenomenologo-de-los-valores\/\">Max Scheler<\/a><\/p>\n<p><a href=\"http:\/\/moonmentum.com\/blog\/efemerides\/semilla-de-la-semana\/fray-luis-de-leon-la-verdad-pura-sin-velo\/\">Fray Luis de Le\u00f3n<\/a><\/p>\n<p>Te invito a que leas la historia de nuestras Semillas tomando conciencia sobre lo que podr\u00edas hacer para trascender en el tiempo <sup class='footnote'><a href='#fn-193772-1' id='fnref-193772-1' onclick='return fdfootnote_show(193772)'>1<\/a><\/sup>.<\/p>\n<p><strong><em>Semilla<\/em><\/strong><em>: Personaje que se convierte en efem\u00e9rides por su legado<\/em> <sup class='footnote'><a href='#fn-193772-2' id='fnref-193772-2' onclick='return fdfootnote_show(193772)'>2<\/a><\/sup>.<\/p>\n<p><sup>Nota: El criterio que utilizo para seleccionar la semilla es basado en las energ\u00edas activas en el Universo, para as\u00ed agrandar el radio de acci\u00f3n que podemos alcanzar.\u00a0<\/sup><\/p>\n<div class='footnotes' id='footnotes-193772'>\n<div class='footnotedivider'><\/div>\n<ol>\n<li id='fn-193772-1'> Todo el mundo sin excepci\u00f3n tiene un alma. Esta esencia de luz es el com\u00fan denominador que une la creaci\u00f3n, el cosmos y la vida. Deber\u00edamos darnos cuenta que en el fondo somos Luz en movimiento. Pero no somos conscientes de esa Luz, de nuestro origen y nos enredamos en los laberintos de la personalidad. La b\u00fasqueda espiritual es la b\u00fasqueda de nuestra conciencia, de nuestra divinidad interior. Como dice Rodolfo Llinas :\n<p><em>\u201cLa Informaci\u00f3n es una energ\u00eda preexistente y fundamental a partir de la cual y con su complejificaci\u00f3n se forma la conciencia en sus diferentes grados;\u00a0 la conciencia de orden superior s\u00f3lo puede desarrollarse sobre\u00a0 la base de la conciencia primaria.\u00a0 Para que la conciencia se d\u00e9, es indispensable que la materia posea la Informaci\u00f3n capaz de entrar en sincron\u00eda con la de su medio ambiente.\u201d<\/em><\/p>\n<p>El autor es neurocient\u00edfico, director del departamento de fisiolog\u00eda y neurociencia de la escuela de Medicina de la Universidad de Nueva York durante los \u00faltimos 26 a\u00f1os, Miembro de la Academia Francesa de la Ciencia, de la Academia de la Ciencia de los Estados Unidos y de la Real Academia Espa\u00f1ola de Medicina.\u00a0 Recuerda que la emocionalidad tendr\u00e1 el protagonismo que t\u00fa le des.<\/p>\n<p><em>La gente, embotados sus sentidos, se pierde lo mejor de la vida. O como dec\u00eda Jos\u00e9 Ortega y Gasset: \u201cAlgunas personas enfocan su vida de modo que viven con entremeses y guarniciones. El plato principal nunca lo conocen\u201d. S\u00f3lo cierto ayuno permite despertar de este enga\u00f1o colectivo, la locura del tener frente a la alegr\u00eda del ser, que nos hace personas.<\/em> <span class='footnotereverse'><a href='#fnref-193772-1'>&#8617;<\/a><\/span><\/li>\n<li id='fn-193772-2'> En t\u00e9rminos de f\u00edsica cu\u00e1ntica cuando emulamos una acci\u00f3n, \u00e9sta se convierte poco a poco en realidad. Entonces, si todos logr\u00e1ramos conectar directamente con las acciones de nuestros \u00eddolos de la historia seguramente cada d\u00eda seremos mejores personas dando forma a las efem\u00e9rides del futuro. <span class='footnotereverse'><a href='#fnref-193772-2'>&#8617;<\/a><\/span><\/li>\n<\/ol>\n<\/div>\n","protected":false},"excerpt":{"rendered":"<p>\u201cLas cosas son percibidas, los conceptos son pensados, los valores son sentidos\u201d. Max Scheler. Nacido el 22 de agosto de 1874 en Munich. Fue profesor en las universidades de Jena, Munich, y Colonia&#8230; <a href=\"http:\/\/wp.me\/p3Cddp-Opm\">Ver m\u00e1s&#8230;<\/a> <\/p>\n","protected":false},"author":3,"featured_media":193773,"comment_status":"open","ping_status":"closed","sticky":false,"template":"","format":"standard","meta":{"footnotes":""},"categories":[12],"tags":[64],"class_list":{"0":"post-193772","1":"post","2":"type-post","3":"status-publish","4":"format-standard","5":"has-post-thumbnail","7":"category-semilla-de-la-semana","8":"tag-apolo-11"},"_links":{"self":[{"href":"https:\/\/moonmentum.com\/blog\/wp-json\/wp\/v2\/posts\/193772","targetHints":{"allow":["GET"]}}],"collection":[{"href":"https:\/\/moonmentum.com\/blog\/wp-json\/wp\/v2\/posts"}],"about":[{"href":"https:\/\/moonmentum.com\/blog\/wp-json\/wp\/v2\/types\/post"}],"author":[{"embeddable":true,"href":"https:\/\/moonmentum.com\/blog\/wp-json\/wp\/v2\/users\/3"}],"replies":[{"embeddable":true,"href":"https:\/\/moonmentum.com\/blog\/wp-json\/wp\/v2\/comments?post=193772"}],"version-history":[{"count":0,"href":"https:\/\/moonmentum.com\/blog\/wp-json\/wp\/v2\/posts\/193772\/revisions"}],"wp:featuredmedia":[{"embeddable":true,"href":"https:\/\/moonmentum.com\/blog\/wp-json\/wp\/v2\/media\/193773"}],"wp:attachment":[{"href":"https:\/\/moonmentum.com\/blog\/wp-json\/wp\/v2\/media?parent=193772"}],"wp:term":[{"taxonomy":"category","embeddable":true,"href":"https:\/\/moonmentum.com\/blog\/wp-json\/wp\/v2\/categories?post=193772"},{"taxonomy":"post_tag","embeddable":true,"href":"https:\/\/moonmentum.com\/blog\/wp-json\/wp\/v2\/tags?post=193772"}],"curies":[{"name":"wp","href":"https:\/\/api.w.org\/{rel}","templated":true}]}}