{"id":194543,"date":"2015-11-11T15:51:11","date_gmt":"2015-11-11T20:21:11","guid":{"rendered":"http:\/\/moonmentum.com\/blog\/?p=194543"},"modified":"2015-11-11T15:52:18","modified_gmt":"2015-11-11T20:22:18","slug":"kepler-ultimo-astrologo-cientifico-y-primer-astrofisico","status":"publish","type":"post","link":"https:\/\/moonmentum.com\/blog\/efemerides\/semilla-de-la-semana\/kepler-ultimo-astrologo-cientifico-y-primer-astrofisico\/","title":{"rendered":"Kepler, \u00faltimo astr\u00f3logo cient\u00edfico y primer astrof\u00edsico"},"content":{"rendered":"<p><em>\u201cLa astronom\u00eda forma parte de la f\u00edsica<\/em>\u201d.\u00a0<strong>Johannes Kepler<\/strong><\/p>\n<p><span style=\"color: #808080;\">Cada d\u00eda hay en el Universo una estela dejada por la acci\u00f3n de otros seres humanos que al igual que nosotros buscaban la excelencia. Hoy esa\u00a0 estela o \u201c<a href=\"http:\/\/www.moonmentum.com\/blog\/category\/efemerides\/semilla-del-dia\" target=\"_blank\">semilla del d\u00eda<\/a>\u201d fue sembrada por\u2026<\/span><\/p>\n<p>&nbsp;<\/p>\n<p><strong>Johannes Kepler<\/strong> (W\u00fcrtemburg, actual Alemania, 1571-Ratisbona, id., 1630) Astr\u00f3nomo, matem\u00e1tico y f\u00edsico alem\u00e1n. figura clave en la revoluci\u00f3n cient\u00edfica; fundamentalmente conocido por sus leyes sobre el movimiento de los planetas sobre su \u00f3rbita alrededor del sol.<\/p>\n<p>Sus tres leyes sirvieron a Newton para desarrollar su teor\u00eda gravitatoria, aunque el mismo Kepler conoc\u00eda o intu\u00eda el fen\u00f3meno de la gravitaci\u00f3n. Lo curioso es que el mayor inter\u00e9s de Kepler no era llegar a esas brillantes conclusiones a las que concedi\u00f3 escasa importancia, sino que andaba tras la b\u00fasqueda m\u00edstica de la armon\u00eda de las esferas, la sinfon\u00eda matem\u00e1tica con la que Dios hizo el mundo.<\/p>\n<p>Su obra se enmarcaba dentro de una concepci\u00f3n astrol\u00f3gica de la vida. Cre\u00eda en ella como una ciencia experimental exacta, pero rechazaba las profec\u00edas populares que \u00e9l mismo nunca dej\u00f3 de lanzar. Sus hor\u00f3scopos ten\u00edan un gran \u00e9xito gracias a sus aciertos como la invasi\u00f3n turca, una gran ola de fr\u00edo o las precisiones sobre la vida de un famoso general austr\u00edaco.<\/p>\n<p>El momento culminante de su obra lo alcanz\u00f3 con el noble TychoBrahe, astr\u00f3nomo imperial, astr\u00f3logo popular, alquimista reconocido y eficaz constructor de aut\u00f3matas, quien proporcion\u00f3 a Kepler el bagaje matem\u00e1tico y sistem\u00e1tico para establecer sus famosos principios.<\/p>\n<p>Publica almanaques con predicciones astrol\u00f3gicas en la \u00e9poca, la distinci\u00f3n entre ciencia y creencia no estaba establecida todav\u00eda claramente y el movimiento de los astros, todav\u00eda bastante desconocido, estaba gobernado por leyes divinas.<\/p>\n<p>En\u00a01596\u00a0Kepler escribi\u00f3 un libro en el que expon\u00eda sus ideas.\u00a0<em>Mysterium Cosmographicum<\/em>\u00a0(<em>El misterio c\u00f3smico<\/em>). Siendo un hombre de gran vocaci\u00f3n religiosa, Kepler ve\u00eda en su modelo cosmol\u00f3gico una celebraci\u00f3n de la existencia, sabidur\u00eda y elegancia de Dios. Escribi\u00f3: \u00abyo deseaba ser te\u00f3logo; pero ahora me doy cuenta a trav\u00e9s de mi esfuerzo de que Dios puede ser celebrado tambi\u00e9n por la astronom\u00eda\u00bb.<\/p>\n<p>En 1627 public\u00f3 las\u00a0<em>Tabulae Rudolphine<\/em>, a las que dedic\u00f3 un enorme esfuerzo, y que durante m\u00e1s de un siglo se usaron en todo el mundo para calcular las posiciones de los planetas y las estrellas. Utilizando las leyes del movimiento planetario fue capaz de predecir satisfactoriamente el\u00a0tr\u00e1nsito de Venus\u00a0del a\u00f1o\u00a01631\u00a0con lo que su teor\u00eda qued\u00f3 confirmada.<\/p>\n<p>Escribi\u00f3 un bi\u00f3grafo de la \u00e9poca con admiraci\u00f3n, lo grande y magn\u00edfica que fue la obra de Kepler, pero al final se lamentaba de que un hombre de su sabidur\u00eda, en la \u00faltima etapa de su vida, tuviese demencia senil, llegando incluso a afirmar que \u201clas\u00a0mareas\u00a0ven\u00edan motivadas por una atracci\u00f3n que la luna ejerc\u00eda sobre los mares\u2026\u201d, un hecho que fue demostrado a\u00f1os despu\u00e9s de su muerte.<\/p>\n<p>En\u00a01935\u00a0la\u00a0UAI\u00a0decidi\u00f3 en su honor llamarle \u00abKepler\u00bb a un\u00a0astroblema\u00a0lunar.<\/p>\n<p><strong>Kepler<\/strong> se yergue en una c\u00faspide de la historia; el \u00faltimo astr\u00f3logo cient\u00edfico fue el primer astrof\u00edsico. \u201c<strong>Carl Sagan<\/strong>\u201c<\/p>\n<p>Hijo de un mercenario -que sirvi\u00f3 por dinero en las huestes del duque de Alba y desapareci\u00f3 en el exilio en 1589- y de una madre sospechosa de practicar la brujer\u00eda, Johannes Kepler super\u00f3 las secuelas de una infancia desgraciada y s\u00f3rdida merced a su tenacidad e inteligencia.<\/p>\n<p>Tras estudiar en los seminarios de Adelberg y Maulbronn, Kepler ingres\u00f3 en la Universidad de Tubinga (1588), donde curs\u00f3 los estudios de teolog\u00eda y fue tambi\u00e9n disc\u00edpulo del copernicano Michael M\u00e4stlin. En 1594, sin embargo, interrumpi\u00f3 su carrera teol\u00f3gica al aceptar una plaza como profesor de matem\u00e1ticas en el seminario protestante de Graz.<\/p>\n<p>Cuatro a\u00f1os m\u00e1s tarde, unos meses despu\u00e9s de contraer un matrimonio de conveniencia, el edicto del archiduque Fernando contra los maestros protestantes le oblig\u00f3 a abandonar Austria y en 1600 se traslad\u00f3 a Praga invitado por Tycho Brahe. Cuando \u00e9ste muri\u00f3 repentinamente al a\u00f1o siguiente, Kepler lo sustituy\u00f3 como matem\u00e1tico imperial de Rodolfo II, con el encargo de acabar las tablas astron\u00f3micas iniciadas por Brahe y en calidad de consejero astrol\u00f3gico, funci\u00f3n a la que recurri\u00f3 con frecuencia para ganarse la vida.<\/p>\n<p>En 1611 fallecieron su esposa y uno de sus tres hijos; poco tiempo despu\u00e9s, tras el \u00f3bito del emperador y la subida al trono de su hermano Mat\u00edas, fue nombrado profesor de matem\u00e1ticas en Linz. All\u00ed residi\u00f3 Kepler hasta que, en 1626, las dificultades econ\u00f3micas y el clima de inestabilidad originado por la guerra de los Treinta A\u00f1os lo llevaron a Ulm, donde supervis\u00f3 la impresi\u00f3n de las Tablas rudolfinas, iniciadas por Brahe y completadas en 1624 por \u00e9l mismo utilizando las leyes relativas a los movimientos planetarios que aqu\u00e9l estableci\u00f3.<\/p>\n<p>En 1628 pas\u00f3 al servicio de A. von Wallenstein, en Sagan (Silesia), quien le prometi\u00f3, en vano, resarcirle de la deuda contra\u00edda con \u00e9l por la Corona a lo largo de los a\u00f1os. Un mes antes de morir, v\u00edctima de la fiebre, Kepler hab\u00eda abandonado Silesia en busca de un nuevo empleo.<\/p>\n<p>La primera etapa en la obra de Kepler, desarrollada durante sus a\u00f1os en Graz, se centr\u00f3 en los problemas relacionados con las \u00f3rbitas planetarias, as\u00ed como en las velocidades variables con que los planetas las recorren, para lo que parti\u00f3 de la concepci\u00f3n pitag\u00f3rica seg\u00fan la cual el mundo se rige en base a una armon\u00eda preestablecida. Tras intentar una soluci\u00f3n aritm\u00e9tica de la cuesti\u00f3n, crey\u00f3 encontrar una respuesta geom\u00e9trica relacionando los intervalos entre las \u00f3rbitas de los seis planetas entonces conocidos con los cinco s\u00f3lidos regulares. Juzg\u00f3 haber resuelto as\u00ed un \u00abmisterio cosmogr\u00e1fico\u00bb que expuso en su primera obra, Mysterium cosmographicum (El misterio cosmogr\u00e1fico, 1596), de la que envi\u00f3 un ejemplar a Brahe y otro a Galileo, con el cual mantuvo una espor\u00e1dica relaci\u00f3n epistolar y a quien se uni\u00f3 en la defensa de la causa copernicana.<\/p>\n<p>Durante el tiempo que permaneci\u00f3 en Praga, Kepler realiz\u00f3 una notable labor en el campo de la \u00f3ptica: enunci\u00f3 una primera aproximaci\u00f3n satisfactoria de la ley de la refracci\u00f3n, distingui\u00f3 por vez primera claramente entre los problemas f\u00edsicos de la visi\u00f3n y sus aspectos fisiol\u00f3gicos, y analiz\u00f3 el aspecto geom\u00e9trico de diversos sistemas \u00f3pticos.<\/p>\n<p>Pero el trabajo m\u00e1s importante de Kepler fue la revisi\u00f3n de los esquemas cosmol\u00f3gicos conocidos a partir de la gran cantidad de observaciones acumuladas por Brahe (en especial, las relativas a Marte), labor que desemboc\u00f3 en la publicaci\u00f3n, en 1609, de la Astronomia nova (Nueva astronom\u00eda), la obra que conten\u00eda las dos primeras leyes llamadas de Kepler, relativas a la elipticidad de las \u00f3rbitas y a la igualdad de las \u00e1reas barridas, en tiempos iguales, por los radios vectores que unen los planetas con el Sol.<\/p>\n<p>Culmin\u00f3 su obra durante su estancia en Linz, en donde enunci\u00f3 la tercera de sus leyes, que relaciona num\u00e9ricamente los per\u00edodos de revoluci\u00f3n de los planetas con sus distancias medias al Sol; la public\u00f3 en 1619 en Harmonices mundi (Sobre la armon\u00eda del mundo), como una m\u00e1s de las armon\u00edas de la naturaleza, cuyo secreto crey\u00f3 haber conseguido desvelar merced a una peculiar s\u00edntesis entre la astronom\u00eda, la m\u00fasica y la geometr\u00eda.<\/p>\n<p><strong>Johannes Kepler. Serie Cosmos de Carl Sagan<\/strong><\/p>\n<p><iframe loading=\"lazy\" data-src=\"https:\/\/www.youtube.com\/embed\/9wgKPMNb_pM\" width=\"420\" height=\"315\" frameborder=\"0\" allowfullscreen=\"allowfullscreen\" src=\"data:image\/gif;base64,R0lGODlhAQABAAAAACH5BAEKAAEALAAAAAABAAEAAAICTAEAOw==\" class=\"lazyload\" data-load-mode=\"1\"><\/iframe><\/p>\n<p>\u201cEnerg\u00eda viva que puedes plantar en tu vida\u201d.<\/p>\n<p><a href=\"http:\/\/moonmentum.com\/blog\/efemerides\/semilla-de-la-semana\/carl-sagan-visionario-del-cosmos\/\" target=\"_blank\"><strong>Carl Sagan<\/strong><\/a><br \/>\n<strong><u><br \/>\n<\/u><\/strong><a href=\"http:\/\/moonmentum.com\/blog\/efemerides\/semilla-de-la-semana\/el-luteranismo-de-martin-lutero\/\" target=\"_blank\"><strong>Mart\u00edn Lutero<\/strong><\/a><\/p>\n<p><a href=\"http:\/\/moonmentum.com\/blog\/efemerides\/semilla-de-la-semana\/dostoievski-el-mejor-conocedor-del-alma-humana\/\" target=\"_blank\"><strong>Dostoievski<\/strong><\/a><\/p>\n<p><a href=\"http:\/\/moonmentum.com\/blog\/efemerides\/semilla-de-la-semana\/auguste-rodin-obras-puras-y-emblematicas\/\" target=\"_blank\"><strong>Auguste Rodin<\/strong><\/a><\/p>\n<p><a href=\"http:\/\/moonmentum.com\/blog\/efemerides\/semilla-de-la-semana\/dorothea-erxleben-y-su-legado-para-la-mujer\/\" target=\"_blank\"><strong>Dorothea Erxleben<\/strong><\/a><\/p>\n<p><a href=\"http:\/\/moonmentum.com\/blog\/efemerides\/semilla-de-la-semana\/claude-monet-un-puente-hacia-la-inspiracion\/\" target=\"_blank\"><strong>Claude Monet<\/strong><\/a><\/p>\n<p><a href=\"http:\/\/moonmentum.com\/blog\/efemerides\/semilla-de-la-semana\/johannes-kepler-un-astrologo-cientifico\/\" target=\"_blank\"><strong>Johannes Kepler<\/strong><\/a><\/p>\n<p>Te invito a que leas la historia de nuestras Semillas tomando conciencia sobre lo que podr\u00edas hacer para trascender en el tiempo <sup class='footnote'><a href='#fn-194543-1' id='fnref-194543-1' onclick='return fdfootnote_show(194543)'>1<\/a><\/sup>.<\/p>\n<p><strong><em>Semilla<\/em><\/strong><em>: Personaje que se convierte en efem\u00e9rides por su legado<\/em> <sup class='footnote'><a href='#fn-194543-2' id='fnref-194543-2' onclick='return fdfootnote_show(194543)'>2<\/a><\/sup>.<\/p>\n<p><sup>Nota: El criterio que utilizo para seleccionar la semilla es basado en las energ\u00edas activas en el Universo, para as\u00ed agrandar el radio de acci\u00f3n que podemos alcanzar.\u00a0<\/sup><\/p>\n<div class='footnotes' id='footnotes-194543'>\n<div class='footnotedivider'><\/div>\n<ol>\n<li id='fn-194543-1'> Todo el mundo sin excepci\u00f3n tiene un alma. Esta esencia de luz es el com\u00fan denominador que une la creaci\u00f3n, el cosmos y la vida. Deber\u00edamos darnos cuenta que en el fondo somos Luz en movimiento. Pero no somos conscientes de esa Luz, de nuestro origen y nos enredamos en los laberintos de la personalidad. La b\u00fasqueda espiritual es la b\u00fasqueda de nuestra conciencia, de nuestra divinidad interior. Como dice Rodolfo Llinas :\n<p><em>\u201cLa Informaci\u00f3n es una energ\u00eda preexistente y fundamental a partir de la cual y con su complejificaci\u00f3n se forma la conciencia en sus diferentes grados;\u00a0 la conciencia de orden superior s\u00f3lo puede desarrollarse sobre\u00a0 la base de la conciencia primaria.\u00a0 Para que la conciencia se d\u00e9, es indispensable que la materia posea la Informaci\u00f3n capaz de entrar en sincron\u00eda con la de su medio ambiente.\u201d<\/em><\/p>\n<p>El autor es neurocient\u00edfico, director del departamento de fisiolog\u00eda y neurociencia de la escuela de Medicina de la Universidad de Nueva York durante los \u00faltimos 26 a\u00f1os, Miembro de la Academia Francesa de la Ciencia, de la Academia de la Ciencia de los Estados Unidos y de la Real Academia Espa\u00f1ola de Medicina.\u00a0 Recuerda que la emocionalidad tendr\u00e1 el protagonismo que t\u00fa le des.<\/p>\n<p><em>La gente, embotados sus sentidos, se pierde lo mejor de la vida. O como dec\u00eda Jos\u00e9 Ortega y Gasset: \u201cAlgunas personas enfocan su vida de modo que viven con entremeses y guarniciones. El plato principal nunca lo conocen\u201d. S\u00f3lo cierto ayuno permite despertar de este enga\u00f1o colectivo, la locura del tener frente a la alegr\u00eda del ser, que nos hace personas.<\/em> <span class='footnotereverse'><a href='#fnref-194543-1'>&#8617;<\/a><\/span><\/li>\n<li id='fn-194543-2'> En t\u00e9rminos de f\u00edsica cu\u00e1ntica cuando emulamos una acci\u00f3n, \u00e9sta se convierte poco a poco en realidad. Entonces, si todos logr\u00e1ramos conectar directamente con las acciones de nuestros \u00eddolos de la historia seguramente cada d\u00eda seremos mejores personas dando forma a las efem\u00e9rides del futuro. <span class='footnotereverse'><a href='#fnref-194543-2'>&#8617;<\/a><\/span><\/li>\n<\/ol>\n<\/div>\n","protected":false},"excerpt":{"rendered":"<p>\u201cLa astronom\u00eda forma parte de la f\u00edsica\u201d. Johannes Kepler&#8230; <a href=\"http:\/\/wp.me\/p3Cddp-OBN\">Ver m\u00e1s&#8230;<\/a><\/p>\n","protected":false},"author":3,"featured_media":194544,"comment_status":"open","ping_status":"closed","sticky":false,"template":"","format":"standard","meta":{"footnotes":""},"categories":[12],"tags":[867,16691,5924,343,481,17184],"class_list":{"0":"post-194543","1":"post","2":"type-post","3":"status-publish","4":"format-standard","5":"has-post-thumbnail","7":"category-semilla-de-la-semana","8":"tag-ancestros","9":"tag-antepasados","10":"tag-honor","11":"tag-lourdes-mendez","12":"tag-semilla","13":"tag-semilla-de-la-semana"},"_links":{"self":[{"href":"https:\/\/moonmentum.com\/blog\/wp-json\/wp\/v2\/posts\/194543","targetHints":{"allow":["GET"]}}],"collection":[{"href":"https:\/\/moonmentum.com\/blog\/wp-json\/wp\/v2\/posts"}],"about":[{"href":"https:\/\/moonmentum.com\/blog\/wp-json\/wp\/v2\/types\/post"}],"author":[{"embeddable":true,"href":"https:\/\/moonmentum.com\/blog\/wp-json\/wp\/v2\/users\/3"}],"replies":[{"embeddable":true,"href":"https:\/\/moonmentum.com\/blog\/wp-json\/wp\/v2\/comments?post=194543"}],"version-history":[{"count":0,"href":"https:\/\/moonmentum.com\/blog\/wp-json\/wp\/v2\/posts\/194543\/revisions"}],"wp:featuredmedia":[{"embeddable":true,"href":"https:\/\/moonmentum.com\/blog\/wp-json\/wp\/v2\/media\/194544"}],"wp:attachment":[{"href":"https:\/\/moonmentum.com\/blog\/wp-json\/wp\/v2\/media?parent=194543"}],"wp:term":[{"taxonomy":"category","embeddable":true,"href":"https:\/\/moonmentum.com\/blog\/wp-json\/wp\/v2\/categories?post=194543"},{"taxonomy":"post_tag","embeddable":true,"href":"https:\/\/moonmentum.com\/blog\/wp-json\/wp\/v2\/tags?post=194543"}],"curies":[{"name":"wp","href":"https:\/\/api.w.org\/{rel}","templated":true}]}}