{"id":194642,"date":"2015-11-25T15:52:53","date_gmt":"2015-11-25T20:22:53","guid":{"rendered":"http:\/\/moonmentum.com\/blog\/?p=194642"},"modified":"2015-11-26T06:45:18","modified_gmt":"2015-11-26T11:15:18","slug":"bachpionero-en-capturar-y-compartir-la-vibracion-floral","status":"publish","type":"post","link":"https:\/\/moonmentum.com\/blog\/efemerides\/semilla-de-la-semana\/bachpionero-en-capturar-y-compartir-la-vibracion-floral\/","title":{"rendered":"Bach\u2026Pionero en capturar y compartir la vibraci\u00f3n floral"},"content":{"rendered":"<p><em>\u201cCada lugar tiene sus colores, sus perfumes, sus vibraciones, y el lugar que se ve nacer deja una huella en nuestra vida.\u201d <strong>Edward Bach<\/strong><\/em><\/p>\n<p><span style=\"color: #808080;\">Cada d\u00eda hay en el Universo una estela dejada por la acci\u00f3n de otros seres humanos que al igual que nosotros buscaban la excelencia. Hoy esa\u00a0 estela o \u201c<a href=\"http:\/\/www.moonmentum.com\/blog\/category\/efemerides\/semilla-del-dia\" target=\"_blank\">semilla del d\u00eda<\/a>\u201d fue sembrada por\u2026\u00a0<\/span><strong>Edward Bach\u00a0<\/strong><\/p>\n<p>M\u00e9dico muy adelantado a su tiempo. En su corta carrera se traslad\u00f3 de la medicina ortodoxa al desarrollo de una forma natural de la medicina para tratar la salud emocional y espiritual, muy en sinton\u00eda con las tendencias en materia de salud la medicina natural en la actualidad.<\/p>\n<p>Nacido en Moseley a las afueras de Birmingham, origen gal\u00e9s, fue un ni\u00f1o intuitivo, delicado, pero independiente, con un gran amor por la naturaleza. Dej\u00f3 la escuela a los 16 a\u00f1os y pas\u00f3 tres a\u00f1os trabajando con su padre en la fundici\u00f3n de bronce de Birmingham, con el fin de pagar por sus propios estudios de medicina.<\/p>\n<p>El Principio de la carrera m\u00e9dica del Dr. Bach fue a la vez convencional y exitoso. En 1912 obtuvo el t\u00edtulo en el University College Hospital (UCH) de Londres, donde se convirti\u00f3 en Director M\u00e9dico de V\u00edctimas en 1913, ese mismo a\u00f1o se convirti\u00f3 en Cirujano Residente de Victimas en el Hospital Nacional de La Templanza. Despu\u00e9s de recuperarse de una crisis en la salud, desarroll\u00f3 su concurrida pr\u00e1ctica profesional cerca de Harley Street, Londres.<\/p>\n<p>Desde muy temprana edad, el Dr. Bach fue consciente de que la personalidad de la gente y la actitud tienen un efecto sobre su estado de salud. Como estudiante se interes\u00f3 en los pacientes como personas m\u00e1s que como casos y lleg\u00f3 a la conclusi\u00f3n de que, como la enfermedad, la personalidad es m\u00e1s importante que los s\u00edntomas y se debe tomarse en cuenta en el tratamiento m\u00e9dico.<\/p>\n<p>Estuvo cada vez m\u00e1s insatisfecho con las limitaciones de la medicina ortodoxa y su enfoque en curar los s\u00edntomas. Creyendo que el tratamiento eficaz consiste en tratar la causa de la enfermedad, se decidi\u00f3 a perseguir un inter\u00e9s en la inmunolog\u00eda y se convirti\u00f3 en bacteri\u00f3logo asistente en la UCH en 1915.<\/p>\n<p>Su salud nunca fue completa, rechazado para el servicio en la Primera Guerra Mundial, se puso muy enfermo en 1917, y se esperaba que muriera. Su determinaci\u00f3n por completar su trabajo le llev\u00f3 a una recuperaci\u00f3n completa y cuando, m\u00e1s tarde, desarroll\u00f3 su esencia, fue fuertemente influenciado por la creencia de que una verdadera vocaci\u00f3n es esencial para la salud espiritual y f\u00edsica.<\/p>\n<p>Desde 1919-1922 trabaj\u00f3 como pat\u00f3logo y bacteri\u00f3logo en el Hospital Homeop\u00e1tico de Londres. All\u00ed fue sorprendido por el hecho de que Samuel Hahnemann, el fundador de la homeopat\u00eda, hab\u00eda reconocido la importancia de la personalidad en la enfermedad 150 a\u00f1os antes.<\/p>\n<p><strong>Combino los principios de la homeopat\u00eda con su conocimiento de la medicina ortodoxa, desarroll\u00f3 los siete \u201cNosodes\u201d de Bach<\/strong> (En 1993 se estableci\u00f3 en la Comunidad Econ\u00f3mica Europea (CEE) una reclasificaci\u00f3n de algunos Nosodes, a los que hoy se nombran Bioter\u00e1picos), vacunas orales basadas en bacterias intestinales que purifica el tracto intestinal con notables efectos en la salud general del paciente, y en las dif\u00edciles condiciones cr\u00f3nicas como la artritis.<\/p>\n<p>Todav\u00eda ten\u00eda su pr\u00e1ctica en la calle Harley, y trataba a los pobres sin pago en Nottingham Place. Con su poco tiempo libre, continu\u00f3 la b\u00fasqueda de m\u00e9todos m\u00e1s simples y m\u00e1s puros de curaci\u00f3n. Aunque la profesi\u00f3n m\u00e9dica hab\u00eda adoptado la vacuna (que todav\u00eda se utilizan hoy en d\u00eda por algunos m\u00e9dicos home\u00f3patas y otros), no le gustaba el hecho de que se basaron en bacterias y estaba ansioso por sustituirlos por m\u00e9todos m\u00e1s suaves, posiblemente a base de plantas.<\/p>\n<p>En 1928, en una cena, tuvo una revelaci\u00f3n. En cuanto a sus amigos invitados, se dio cuenta de que ellos ca\u00edan en varios tipos distintos. En ese momento, lleg\u00f3 a la inspirada conclusi\u00f3n de que cada tipo de persona reacciona a la enfermedad de una manera particular. Ese oto\u00f1o, visit\u00f3 Gales y trajo dos plantas, <strong>Mimulus e Impatiens<\/strong>, preparaba estas como lo hizo con la vacuna oral, y la prescribi\u00f3 de acuerdo a la personalidad de sus pacientes, con resultados exitosos inmediatos. M\u00e1s tarde ese a\u00f1o, a\u00f1adi\u00f3 <strong>Clematis<\/strong>. Con estas tres esencias estaba a punto de desarrollar un sistema completamente nuevo de la medicina.<\/p>\n<p>En la primavera de 1930, a los 43 a\u00f1os, el Dr. Bach cerr\u00f3 su laboratorio y su pr\u00e1ctica, y se fue a Gales para buscar m\u00e1s esencias en la naturaleza.<strong> Camino por un campo cargado de roc\u00edo de la madrugada, una ma\u00f1ana, se le ocurri\u00f3 que cada gota de roc\u00edo, calentada por el sol, adquir\u00eda las propiedades curativas de la planta que estaba en. Esto le inspir\u00f3 para desarrollar un m\u00e9todo de preparaci\u00f3n de esencias con agua de la planta.<\/strong><\/p>\n<p>Ese mismo a\u00f1o escribi\u00f3 el libro C\u00farese a s\u00ed mismo, con su mensaje de que la enfermedad f\u00edsica es el resultado de estar en desacuerdo con nuestros prop\u00f3sitos espirituales. Fue publicado en 1931 y ha permanecido en la impresi\u00f3n desde entonces.<\/p>\n<p>Desde agosto de 1930 hasta 1934 el Dr. Bach se radica en Cromer, en la costa de Norfolk, encontrando y preparando m\u00e1s esencias de flores, y con \u00e9xito el tratamiento de pacientes con ellas.<\/p>\n<p>El Dr. Bach no cobraba honorarios, y esto causo la disminuci\u00f3n de sus recursos financieros. En 1934 se traslad\u00f3 a Mount Vernon, una peque\u00f1a casa en Oxfordshire, que sigue siendo Centro Dr. Edward Bach.\u00a0 Trabajado en un escrito sobre el tratamiento de pacientes en Sotwell y Londres, y continuando su b\u00fasqueda de m\u00e1s esencias. Durante este tiempo sufri\u00f3 mucho tanto mental como f\u00edsicamente antes de encontrar la planta para aliviar sus s\u00edntomas.<\/p>\n<p>Continu\u00f3 trabajando y dando conferencias, mientras que formo los asistentes para llevar a cabo su trabajo. Una vez que \u00e9l desarroll\u00f3 38 esencias, junto con el \u201cRemedio de Rescate\u201d (<strong>Rescue Remedy<\/strong>), sab\u00eda que no eran necesarias m\u00e1s esencias, las 38 esencias cubr\u00edan todos los aspectos de la naturaleza humana y por lo tanto todos los estados negativos de la enfermedad mental subyacente.<\/p>\n<p>A finales de noviembre de 1936, muri\u00f3 mientras dorm\u00eda, contento de que su misi\u00f3n estaba completa. \u00c9l confi\u00f3 la responsabilidad para la continuaci\u00f3n de su trabajo a amigos y colegas, a quienes hab\u00eda entrenado. Tambi\u00e9n pidi\u00f3 que su casa siguiera siendo la fuente de descubrimientos. As\u00ed que, a\u00fan hoy, el \u201cBach Center Mount Vernon\u201d est\u00e1 activamente involucrado en el asesoramiento y la educaci\u00f3n, y sigue preparando las tinturas madre. Los fideicomisarios, aseguran as\u00ed que las tradiciones y los principios de la pureza, la sencillez y la integridad se mantienen.<\/p>\n<p><strong>Edward Bach, El Viaje Hacia la Curaci\u00f3n Sencilla.<\/strong><\/p>\n<p><iframe loading=\"lazy\" data-src=\"https:\/\/www.youtube.com\/embed\/VPRZMukyebw\" width=\"420\" height=\"315\" frameborder=\"0\" allowfullscreen=\"allowfullscreen\" src=\"data:image\/gif;base64,R0lGODlhAQABAAAAACH5BAEKAAEALAAAAAABAAEAAAICTAEAOw==\" class=\"lazyload\" data-load-mode=\"1\"><\/iframe><\/p>\n<p><strong>Edward Bach &#8211; Flores de Bach<\/strong><\/p>\n<p><iframe loading=\"lazy\" data-src=\"https:\/\/www.youtube.com\/embed\/ktQpgvzqP1w\" width=\"420\" height=\"315\" frameborder=\"0\" allowfullscreen=\"allowfullscreen\" src=\"data:image\/gif;base64,R0lGODlhAQABAAAAACH5BAEKAAEALAAAAAABAAEAAAICTAEAOw==\" class=\"lazyload\" data-load-mode=\"1\"><\/iframe><\/p>\n<p><strong>Flores de Bach &#8211; Fuente inagotable de bienestar<\/strong><\/p>\n<p><iframe loading=\"lazy\" data-src=\"https:\/\/www.youtube.com\/embed\/U0tJmtreK34\" width=\"420\" height=\"315\" frameborder=\"0\" allowfullscreen=\"allowfullscreen\" src=\"data:image\/gif;base64,R0lGODlhAQABAAAAACH5BAEKAAEALAAAAAABAAEAAAICTAEAOw==\" class=\"lazyload\" data-load-mode=\"1\"><\/iframe><\/p>\n<p><strong>Todo sobre la sanaci\u00f3n con flores de Bach<\/strong><\/p>\n<p><iframe loading=\"lazy\" data-src=\"https:\/\/www.youtube.com\/embed\/P80q-877lRI\" width=\"560\" height=\"315\" frameborder=\"0\" allowfullscreen=\"allowfullscreen\" src=\"data:image\/gif;base64,R0lGODlhAQABAAAAACH5BAEKAAEALAAAAAABAAEAAAICTAEAOw==\" class=\"lazyload\" data-load-mode=\"1\"><\/iframe><\/p>\n<p>\u201cEnerg\u00eda viva que puedes plantar en tu vida\u201d.<\/p>\n<p><strong><a href=\"http:\/\/moonmentum.com\/blog\/efemerides\/semilla-de-la-semana\/conoce-a-la-heroina-de-la-independencia\/\">Manuela S\u00e1enz<\/a><\/strong><\/p>\n<p><a href=\"http:\/\/moonmentum.com\/blog\/efemerides\/semilla-de-la-semana\/baruch-spinoza-un-ser-libre\/\"><strong>Baruch Spinoza<\/strong><\/a><\/p>\n<p><a href=\"http:\/\/moonmentum.com\/blog\/efemerides\/semilla-de-la-semana\/lope-de-vega-el-fenix-de-los-ingenios\/\"><strong>Lope de Vega<\/strong><\/a><\/p>\n<p><a href=\"http:\/\/moonmentum.com\/blog\/efemerides\/semilla-de-la-semana\/norbet-wiener-cibernetico-y-controlador-del-feedback\/\"><strong>Norbet Wiener<\/strong><\/a><\/p>\n<p><a href=\"http:\/\/moonmentum.com\/blog\/efemerides\/semilla-de-la-semana\/edward-bach-el-que-atrapo-la-luz-en-la-oscuridad\/\"><strong>Edward Bach<\/strong><\/a><\/p>\n<p><a href=\"http:\/\/moonmentum.com\/blog\/efemerides\/semilla-de-la-semana\/william-blake-un-artista-total-3\/\"><strong>William Blake<\/strong><\/a><\/p>\n<p><a href=\"http:\/\/moonmentum.com\/blog\/efemerides\/semilla-de-la-semana\/john-ray-fundador-de-la-botanica\/\"><strong>John Ray<\/strong><\/a><\/p>\n<p>Te invito a que leas la historia de nuestras Semillas tomando conciencia sobre lo que podr\u00edas hacer para trascender en el tiempo <sup class='footnote'><a href='#fn-194642-1' id='fnref-194642-1' onclick='return fdfootnote_show(194642)'>1<\/a><\/sup>.<\/p>\n<p><strong><em>Semilla<\/em><\/strong><em>: Personaje que se convierte en efem\u00e9rides por su legado<\/em> <sup class='footnote'><a href='#fn-194642-2' id='fnref-194642-2' onclick='return fdfootnote_show(194642)'>2<\/a><\/sup>.<\/p>\n<p><sup>Nota: El criterio que utilizo para seleccionar la semilla es basado en las energ\u00edas activas en el Universo, para as\u00ed agrandar el radio de acci\u00f3n que podemos alcanzar.\u00a0<\/sup><\/p>\n<div class='footnotes' id='footnotes-194642'>\n<div class='footnotedivider'><\/div>\n<ol>\n<li id='fn-194642-1'> Todo el mundo sin excepci\u00f3n tiene un alma. Esta esencia de luz es el com\u00fan denominador que une la creaci\u00f3n, el cosmos y la vida. Deber\u00edamos darnos cuenta que en el fondo somos Luz en movimiento. Pero no somos conscientes de esa Luz, de nuestro origen y nos enredamos en los laberintos de la personalidad. La b\u00fasqueda espiritual es la b\u00fasqueda de nuestra conciencia, de nuestra divinidad interior. Como dice Rodolfo Llinas :\n<p><em>\u201cLa Informaci\u00f3n es una energ\u00eda preexistente y fundamental a partir de la cual y con su complejificaci\u00f3n se forma la conciencia en sus diferentes grados;\u00a0 la conciencia de orden superior s\u00f3lo puede desarrollarse sobre\u00a0 la base de la conciencia primaria.\u00a0 Para que la conciencia se d\u00e9, es indispensable que la materia posea la Informaci\u00f3n capaz de entrar en sincron\u00eda con la de su medio ambiente.\u201d<\/em><\/p>\n<p>El autor es neurocient\u00edfico, director del departamento de fisiolog\u00eda y neurociencia de la escuela de Medicina de la Universidad de Nueva York durante los \u00faltimos 26 a\u00f1os, Miembro de la Academia Francesa de la Ciencia, de la Academia de la Ciencia de los Estados Unidos y de la Real Academia Espa\u00f1ola de Medicina.\u00a0 Recuerda que la emocionalidad tendr\u00e1 el protagonismo que t\u00fa le des.<\/p>\n<p><em>La gente, embotados sus sentidos, se pierde lo mejor de la vida. O como dec\u00eda Jos\u00e9 Ortega y Gasset: \u201cAlgunas personas enfocan su vida de modo que viven con entremeses y guarniciones. El plato principal nunca lo conocen\u201d. S\u00f3lo cierto ayuno permite despertar de este enga\u00f1o colectivo, la locura del tener frente a la alegr\u00eda del ser, que nos hace personas.<\/em> <span class='footnotereverse'><a href='#fnref-194642-1'>&#8617;<\/a><\/span><\/li>\n<li id='fn-194642-2'> En t\u00e9rminos de f\u00edsica cu\u00e1ntica cuando emulamos una acci\u00f3n, \u00e9sta se convierte poco a poco en realidad. Entonces, si todos logr\u00e1ramos conectar directamente con las acciones de nuestros \u00eddolos de la historia seguramente cada d\u00eda seremos mejores personas dando forma a las efem\u00e9rides del futuro. <span class='footnotereverse'><a href='#fnref-194642-2'>&#8617;<\/a><\/span><\/li>\n<\/ol>\n<\/div>\n","protected":false},"excerpt":{"rendered":"<p>\u201cCada lugar tiene sus colores, sus perfumes, sus vibraciones, y el lugar que se ve nacer deja una huella en nuestra vida.\u201d Edward Bach Cada&#8230; <a href=\"http:\/\/wp.me\/p3Cddp-ODo\">Ver m\u00e1s&#8230;<\/a> <\/p>\n","protected":false},"author":3,"featured_media":194643,"comment_status":"open","ping_status":"closed","sticky":false,"template":"","format":"standard","meta":{"footnotes":""},"categories":[12],"tags":[867,16691,343,481,17184],"class_list":{"0":"post-194642","1":"post","2":"type-post","3":"status-publish","4":"format-standard","5":"has-post-thumbnail","7":"category-semilla-de-la-semana","8":"tag-ancestros","9":"tag-antepasados","10":"tag-lourdes-mendez","11":"tag-semilla","12":"tag-semilla-de-la-semana"},"_links":{"self":[{"href":"https:\/\/moonmentum.com\/blog\/wp-json\/wp\/v2\/posts\/194642","targetHints":{"allow":["GET"]}}],"collection":[{"href":"https:\/\/moonmentum.com\/blog\/wp-json\/wp\/v2\/posts"}],"about":[{"href":"https:\/\/moonmentum.com\/blog\/wp-json\/wp\/v2\/types\/post"}],"author":[{"embeddable":true,"href":"https:\/\/moonmentum.com\/blog\/wp-json\/wp\/v2\/users\/3"}],"replies":[{"embeddable":true,"href":"https:\/\/moonmentum.com\/blog\/wp-json\/wp\/v2\/comments?post=194642"}],"version-history":[{"count":0,"href":"https:\/\/moonmentum.com\/blog\/wp-json\/wp\/v2\/posts\/194642\/revisions"}],"wp:featuredmedia":[{"embeddable":true,"href":"https:\/\/moonmentum.com\/blog\/wp-json\/wp\/v2\/media\/194643"}],"wp:attachment":[{"href":"https:\/\/moonmentum.com\/blog\/wp-json\/wp\/v2\/media?parent=194642"}],"wp:term":[{"taxonomy":"category","embeddable":true,"href":"https:\/\/moonmentum.com\/blog\/wp-json\/wp\/v2\/categories?post=194642"},{"taxonomy":"post_tag","embeddable":true,"href":"https:\/\/moonmentum.com\/blog\/wp-json\/wp\/v2\/tags?post=194642"}],"curies":[{"name":"wp","href":"https:\/\/api.w.org\/{rel}","templated":true}]}}