{"id":194881,"date":"2016-01-11T00:18:00","date_gmt":"2016-01-11T04:48:00","guid":{"rendered":"http:\/\/moonmentum.com\/blog\/?p=194881"},"modified":"2016-01-11T00:26:20","modified_gmt":"2016-01-11T04:56:20","slug":"epifania","status":"publish","type":"post","link":"https:\/\/moonmentum.com\/blog\/efemerides\/semilla-de-la-semana\/epifania\/","title":{"rendered":"Epifania\u2026"},"content":{"rendered":"<p><em>\u201cLa mano que mece la cuna rige el mundo\u201d. Peter de Vries<\/em><\/p>\n<p><span style=\"color: #808080;\">Cada d\u00eda hay en el Universo una estela dejada por la acci\u00f3n de otros seres humanos que al igual que nosotros buscaban la excelencia. Hoy esa\u00a0 estela o \u201c<a href=\"http:\/\/www.moonmentum.com\/blog\/category\/efemerides\/semilla-del-dia\" target=\"_blank\">semilla del d\u00eda<\/a>\u201d fue sembrada por\u2026\u00a0<\/span><\/p>\n<p><strong>La Epifan\u00eda<\/strong>\u2026 una de las fiestas lit\u00fargicas m\u00e1s antiguas, m\u00e1s a\u00fan que la misma Navidad. Para los Cristianos, la Epifan\u00eda es popularmente el d\u00eda de los Reyes magos. Epifan\u00eda es una palabra griega que significa \u201cManifestaci\u00f3n\u201d. La manifestaci\u00f3n de Dios hecho hombre.<\/p>\n<p>Esta fiesta tiene un origen en la Iglesia de Oriente. A diferencia de la regi\u00f3n europea, el 6 de enero en la regi\u00f3n de Egipto y Arabia se celebraba el solsticio, festejando al sol victorioso con evocaciones m\u00edticas muy antiguas. Epifanio explica que los paganos celebraban el solsticio invernal y el aumento de la luz a los trece d\u00edas de haberse dado este cambio; nos dice que los paganos hac\u00edan una fiesta significativa y suntuosa en el templo de Cor\u00e9. Cosme de Jerusal\u00e9n cuenta que los paganos celebraban una fiesta mucho antes que los cristianos con ritos nocturnos en los que gritaban: \u201cLa virgen ha dado a luz, la luz crece\u201d.<\/p>\n<p>Entre los a\u00f1os 120 y 140 AD los gn\u00f3sticos trataron de cristianizar estos festejos celebrando el bautismo de nuestro Se\u00f1or. Siguiendo la creencia gn\u00f3stica los cristianos de Bas\u00edlides celebraban la Encarnaci\u00f3n del Verbo en la humanidad de Jes\u00fas cuando fue bautizado. Epifanio trata de darles un sentido cristiano al decir que Cristo demuestra as\u00ed ser la verdadera luz y los cristianos celebran su nacimiento.<\/p>\n<p>Hasta el siglo IV la Iglesia comenz\u00f3 a celebrar en este d\u00eda la Epifan\u00eda del Se\u00f1or. Al igual que la fiesta de Navidad en occidente, la Epifan\u00eda nace contempor\u00e1neamente en Oriente como respuesta de la Iglesia a la celebraci\u00f3n solar pagana que tratan de sustituir. As\u00ed se explica que la Epifan\u00eda se llama en oriente: Hagia phota (la santa luz).<\/p>\n<p>Esta fiesta nacida en Oriente ya se celebraba en la Galia a mediados del s IV. Donde se encuentran vestigios de haber sido una gran fiesta para el a\u00f1o 361 AD La celebraci\u00f3n de esta fiesta es ligeramente posterior a la de Navidad.<\/p>\n<p>Uno de los enigmas de los Reyes Magos m\u00e1s estudiado es la naturaleza de ese brillante astro que los condujo hasta el pesebre de Jes\u00fas. Para muchos autores era un cometa o un meteoro luminoso. Algunos creen que pudo haberse tratado del cometa Halley. Kepler, en 1606, afirm\u00f3 que pudo haber surgido de la conjunci\u00f3n triple de dos planetas, Saturno y J\u00fapiter, en la constelaci\u00f3n de Piscis. De todos modos, hay numerosas y variadas interpretaciones al respecto.<\/p>\n<p><strong>\u00bfCu\u00e1ntos eran los Reyes Magos?<\/strong><\/p>\n<p>La cita b\u00edblica de San Mateo no habla del n\u00famero exacto de magos que acudi\u00f3 a honrar con regalos a Jes\u00fas. Ni siquiera afirma que fueran reyes. Tampoco especifica sus nombres, sus nacionalidades, la fecha de su visita, ni su destino despu\u00e9s de la adoraci\u00f3n.<\/p>\n<p><strong>\u00bfCu\u00e1ntos eran?<\/strong><\/p>\n<p>El n\u00famero de Reyes Magos no se cita con exactitud. San mateo no dio cuenta de ello. En distintas representaciones iconogr\u00e1ficas realizadas en templos durante los siglos III y IV aparecen dos, tres y hasta cuatro magos. Otras fuentes cristianas (sirias y armenias) pensaron en doce reyes, al relacionarlos con las doce tribus de Israel o con los doce ap\u00f3stoles. Los cristianos egipcios cre\u00edan que eran sesenta. En el siglo III, el te\u00f3logo Or\u00edgenes (185-253) indic\u00f3 que los Reyes Magos eran tres. Tomando en cuenta la cantidad de regalos ofrecidos a Jes\u00fas, se ha aceptado esta versi\u00f3n ya que son tres los regalos que se nombran en el Evangelio de San Mateo: oro, incienso y mirra.<\/p>\n<p><strong>\u00bfDe d\u00f3nde ven\u00edan?<\/strong><\/p>\n<p>La mayor\u00eda opina que eran originarios de Babilonia o Persia. Babilonia era un gran centro astrol\u00f3gico donde, al igual que en Persia, los magos eran una casta con mucha influencia. Tradicionalmente se considera que eran babilonios, entre otras cosas, por algunos puntos en com\u00fan con el pueblo jud\u00edo y porque el resto de Israel estaba rodeado por el Imperio Romano. Pero muchos investigadores los consideran originarios de Persia (la actual Ir\u00e1n) partiendo de la base de que muchas leyendas de la Navidad proceden de costumbres anteriores al cristianismo.<\/p>\n<p>\u201cEnerg\u00eda viva que puedes plantar en tu vida\u201d.<\/p>\n<p><a href=\"http:\/\/moonmentum.com\/blog\/efemerides\/semilla-de-la-semana\/el-cientifico-mas-grande-de-todos-los-tiempos\/\" target=\"_blank\"><strong>Isaac Newton<\/strong><\/a><\/p>\n<p><a href=\"http:\/\/moonmentum.com\/blog\/efemerides\/semilla-de-la-semana\/los-tres-reyes-magos-y-su-historia\/\" target=\"_blank\"><strong>Los Tres Reyes Magos<\/strong><\/a><\/p>\n<p><a href=\"http:\/\/moonmentum.com\/blog\/efemerides\/semilla-de-la-semana\/el-enigma-de-los-reyes-magos-erudismo\/\" target=\"_blank\"><strong>Los Reyes Magos<\/strong><\/a><\/p>\n<p><a href=\"http:\/\/moonmentum.com\/blog\/efemerides\/semilla-de-la-semana\/navidad-ortodoxa-2\/\" target=\"_blank\"><strong>Navidad Ortodoxa<\/strong><\/a><\/p>\n<p><a href=\"http:\/\/moonmentum.com\/blog\/efemerides\/semilla-de-la-semana\/stephen-hawking-quien-revoluciono-la-fisica\/\" target=\"_blank\"><strong>Stephen Hawking<\/strong><\/a><\/p>\n<p><a href=\"http:\/\/moonmentum.com\/blog\/efemerides\/semilla-de-la-semana\/simone-una-mujer-de-profundas-convicciones\/\" target=\"_blank\"><strong>Simone<\/strong><\/a><\/p>\n<p><a href=\"http:\/\/moonmentum.com\/blog\/efemerides\/semilla-de-la-semana\/la-legendaria-vida-de-georg-forster\/\" target=\"_blank\"><strong>Georg Forster<\/strong><\/a><\/p>\n<p>Te invito a que leas la historia de nuestras Semillas tomando conciencia sobre lo que podr\u00edas hacer para trascender en el tiempo <sup class='footnote'><a href='#fn-194881-1' id='fnref-194881-1' onclick='return fdfootnote_show(194881)'>1<\/a><\/sup>.<\/p>\n<p><strong><em>Semilla<\/em><\/strong><em>: Personaje que se convierte en efem\u00e9rides por su legado<\/em> <sup class='footnote'><a href='#fn-194881-2' id='fnref-194881-2' onclick='return fdfootnote_show(194881)'>2<\/a><\/sup>.<\/p>\n<p><sup>Nota: El criterio que utilizo para seleccionar la semilla es basado en las energ\u00edas activas en el Universo, para as\u00ed agrandar el radio de acci\u00f3n que podemos alcanzar.\u00a0<\/sup><\/p>\n<div class='footnotes' id='footnotes-194881'>\n<div class='footnotedivider'><\/div>\n<ol>\n<li id='fn-194881-1'> Todo el mundo sin excepci\u00f3n tiene un alma. Esta esencia de luz es el com\u00fan denominador que une la creaci\u00f3n, el cosmos y la vida. Deber\u00edamos darnos cuenta que en el fondo somos Luz en movimiento. Pero no somos conscientes de esa Luz, de nuestro origen y nos enredamos en los laberintos de la personalidad. La b\u00fasqueda espiritual es la b\u00fasqueda de nuestra conciencia, de nuestra divinidad interior. Como dice Rodolfo Llinas :\n<p><em>\u201cLa Informaci\u00f3n es una energ\u00eda preexistente y fundamental a partir de la cual y con su complejificaci\u00f3n se forma la conciencia en sus diferentes grados;\u00a0 la conciencia de orden superior s\u00f3lo puede desarrollarse sobre\u00a0 la base de la conciencia primaria.\u00a0 Para que la conciencia se d\u00e9, es indispensable que la materia posea la Informaci\u00f3n capaz de entrar en sincron\u00eda con la de su medio ambiente.\u201d<\/em><\/p>\n<p>El autor es neurocient\u00edfico, director del departamento de fisiolog\u00eda y neurociencia de la escuela de Medicina de la Universidad de Nueva York durante los \u00faltimos 26 a\u00f1os, Miembro de la Academia Francesa de la Ciencia, de la Academia de la Ciencia de los Estados Unidos y de la Real Academia Espa\u00f1ola de Medicina.\u00a0 Recuerda que la emocionalidad tendr\u00e1 el protagonismo que t\u00fa le des.<\/p>\n<p><em>La gente, embotados sus sentidos, se pierde lo mejor de la vida. O como dec\u00eda Jos\u00e9 Ortega y Gasset: \u201cAlgunas personas enfocan su vida de modo que viven con entremeses y guarniciones. El plato principal nunca lo conocen\u201d. S\u00f3lo cierto ayuno permite despertar de este enga\u00f1o colectivo, la locura del tener frente a la alegr\u00eda del ser, que nos hace personas.<\/em> <span class='footnotereverse'><a href='#fnref-194881-1'>&#8617;<\/a><\/span><\/li>\n<li id='fn-194881-2'> En t\u00e9rminos de f\u00edsica cu\u00e1ntica cuando emulamos una acci\u00f3n, \u00e9sta se convierte poco a poco en realidad. Entonces, si todos logr\u00e1ramos conectar directamente con las acciones de nuestros \u00eddolos de la historia seguramente cada d\u00eda seremos mejores personas dando forma a las efem\u00e9rides del futuro. <span class='footnotereverse'><a href='#fnref-194881-2'>&#8617;<\/a><\/span><\/li>\n<\/ol>\n<\/div>\n","protected":false},"excerpt":{"rendered":"<p>La Epifan\u00eda\u2026 una de las fiestas lit\u00fargicas m\u00e1s antiguas, m\u00e1s a\u00fan que la misma Navidad. Para los Cristianos, la Epifan\u00eda es popularmente el d\u00eda de los Reyes magos&#8230; <a href=\"http:\/\/wp.me\/p3Cddp-OHf\">Ver m\u00e1s&#8230;<\/a> <\/p>\n","protected":false},"author":3,"featured_media":194882,"comment_status":"open","ping_status":"closed","sticky":false,"template":"","format":"standard","meta":{"footnotes":""},"categories":[12],"tags":[867,1923,343,481,17184],"class_list":{"0":"post-194881","1":"post","2":"type-post","3":"status-publish","4":"format-standard","5":"has-post-thumbnail","7":"category-semilla-de-la-semana","8":"tag-ancestros","9":"tag-jano","10":"tag-lourdes-mendez","11":"tag-semilla","12":"tag-semilla-de-la-semana"},"_links":{"self":[{"href":"https:\/\/moonmentum.com\/blog\/wp-json\/wp\/v2\/posts\/194881","targetHints":{"allow":["GET"]}}],"collection":[{"href":"https:\/\/moonmentum.com\/blog\/wp-json\/wp\/v2\/posts"}],"about":[{"href":"https:\/\/moonmentum.com\/blog\/wp-json\/wp\/v2\/types\/post"}],"author":[{"embeddable":true,"href":"https:\/\/moonmentum.com\/blog\/wp-json\/wp\/v2\/users\/3"}],"replies":[{"embeddable":true,"href":"https:\/\/moonmentum.com\/blog\/wp-json\/wp\/v2\/comments?post=194881"}],"version-history":[{"count":0,"href":"https:\/\/moonmentum.com\/blog\/wp-json\/wp\/v2\/posts\/194881\/revisions"}],"wp:featuredmedia":[{"embeddable":true,"href":"https:\/\/moonmentum.com\/blog\/wp-json\/wp\/v2\/media\/194882"}],"wp:attachment":[{"href":"https:\/\/moonmentum.com\/blog\/wp-json\/wp\/v2\/media?parent=194881"}],"wp:term":[{"taxonomy":"category","embeddable":true,"href":"https:\/\/moonmentum.com\/blog\/wp-json\/wp\/v2\/categories?post=194881"},{"taxonomy":"post_tag","embeddable":true,"href":"https:\/\/moonmentum.com\/blog\/wp-json\/wp\/v2\/tags?post=194881"}],"curies":[{"name":"wp","href":"https:\/\/api.w.org\/{rel}","templated":true}]}}