{"id":195858,"date":"2016-05-22T23:04:20","date_gmt":"2016-05-23T03:34:20","guid":{"rendered":"http:\/\/moonmentum.com\/blog\/?p=195858"},"modified":"2016-05-22T23:05:22","modified_gmt":"2016-05-23T03:35:22","slug":"eric-hoffer-un-genuino-autodidata","status":"publish","type":"post","link":"https:\/\/moonmentum.com\/blog\/efemerides\/semilla-de-la-semana\/eric-hoffer-un-genuino-autodidata\/","title":{"rendered":"Eric Hoffer, un genuino autodidata"},"content":{"rendered":"<p>\u201cNormalmente s\u00f3lo vemos lo que queremos ver; tanto es as\u00ed, que a veces lo vemos donde no est\u00e1\u201d.\u00a0<strong>Eric Hoffer<\/strong><\/p>\n<p><span style=\"color: #808080;\">Cada d\u00eda hay en el Universo una estela dejada por la acci\u00f3n de otros seres humanos que al igual que nosotros buscaban la excelencia. Hoy esa\u00a0 estela o \u201c<a href=\"http:\/\/www.moonmentum.com\/blog\/category\/efemerides\/semilla-del-dia\" target=\"_blank\">semilla del d\u00eda<\/a>\u201d fue sembrada por&#8230;\u00a0<\/span><\/p>\n<p><strong>Eric Hoffer,\u00a0<\/strong>escritor\u00a0y\u00a0fil\u00f3sofo\u00a0estadounidense. Escribi\u00f3 diez libros y obtuvo la\u00a0<em>Medalla Presidencia de la Libertad<\/em>\u00a0en febrero de 1983 de\u00a0Ronald Reagan. Su primer libro\u00a0<em>The True Believer<\/em>, fue publicado en\u00a01951, fue ampliamente reconocido como un cl\u00e1sico.<\/p>\n<p>Hoffer fue uno de los primeros en reconocer la importancia central de la\u00a0autoestima\u00a0para el bienestar\u00a0psicol\u00f3gico. Mientras muchos escritores recientes se enfocan en los beneficios de una autoestima elevada, Hoffer se concentraba en las consecuencias de tener una baja autoestima. Descubri\u00f3 que el\u00a0fanatismo\u00a0y la\u00a0hipocres\u00eda\u00a0est\u00e1n enraizadas en la duda, el odio hacia s\u00ed mismo y la inseguridad. Seg\u00fan lo describe en\u00a0<em>The True Believer<\/em>, una obsesi\u00f3n con el exterior o con la vida privada de otras personas es sencillamente un intento cobarde del individuo por compensar su sentimiento de vac\u00edo existencial.<\/p>\n<p>Los movimientos de masas analizados en\u00a0<em>The True Believer<\/em>\u00a0incluyen a los movimientos religiosos (con extensas discusiones sobre el\u00a0Islam\u00a0y el\u00a0Cristianismo), as\u00ed como los movimientos pol\u00edticos. Tambi\u00e9n incluyen a los aparentemente benignos movimientos de masas que no son ni pol\u00edticos ni religiosos. Un principio clave en el libro es el agudo razonamiento de que los movimientos de masas son intercambiables: Hoffer not\u00f3 que algunos\u00a0nazis\u00a0fan\u00e1ticos luego se tornaron fan\u00e1ticos\u00a0comunistas; que algunos comunistas fan\u00e1ticos luego se convert\u00edan en fan\u00e1ticos anti-comunistas; o que Saul, perseguidor de los cristianos, luego se convirti\u00f3 en\u00a0Pablo, cristiano fan\u00e1tico.<\/p>\n<p>Para el verdadero creyente la sustancia del movimiento de masas no es tan importante como el hecho de que \u00e9l o ella es parte de ese movimiento. Hoffer incluso sugiere que es posible detener el auge de un movimiento de masas indeseable al sustituirlo por un movimiento de masas benigno, el cual le dar\u00eda a aquellos predispuestos a unirse a un movimiento un desfogue para sus inseguridades.<\/p>\n<p>Su visi\u00f3n era original, vigilando un nuevo terreno abiertamente ignorado por las tendencias acad\u00e9micas dominantes en la \u00e9poca. Particularmente, no era en absoluto freudiana, en un tiempo cuando casi toda la psicolog\u00eda estadounidense estaba confinada en el\u00a0paradigma\u00a0freudiano. Al evitar las corrientes acad\u00e9micas principales, logr\u00f3 evitar los limitantes que trae consigo el pensamiento establecido. Hoffer apareci\u00f3 en la Televisi\u00f3n P\u00fablica estadounidense en 1964, y luego en dos conversaciones de una hora con el periodista de la\u00a0CBS\u00a0Eric Sevareid.<\/p>\n<p><strong>Eric Hoffer pt. 1 of 5<\/strong><br \/>\n<iframe loading=\"lazy\" data-src=\"https:\/\/www.youtube.com\/embed\/kTcv4HyEY3w\" width=\"420\" height=\"315\" frameborder=\"0\" allowfullscreen=\"allowfullscreen\" src=\"data:image\/gif;base64,R0lGODlhAQABAAAAACH5BAEKAAEALAAAAAABAAEAAAICTAEAOw==\" class=\"lazyload\" data-load-mode=\"1\"><\/iframe><\/p>\n<p><strong>Eric Hoffer pt. 2 of 5<\/strong><br \/>\n<iframe loading=\"lazy\" data-src=\"https:\/\/www.youtube.com\/embed\/dO1HqWUMxbs\" width=\"420\" height=\"315\" frameborder=\"0\" allowfullscreen=\"allowfullscreen\" src=\"data:image\/gif;base64,R0lGODlhAQABAAAAACH5BAEKAAEALAAAAAABAAEAAAICTAEAOw==\" class=\"lazyload\" data-load-mode=\"1\"><\/iframe><\/p>\n<p><strong>Eric Hoffer pt. 3 of 5<\/strong><br \/>\n<iframe loading=\"lazy\" data-src=\"https:\/\/www.youtube.com\/embed\/LYOvfkNypqc\" width=\"420\" height=\"315\" frameborder=\"0\" allowfullscreen=\"allowfullscreen\" src=\"data:image\/gif;base64,R0lGODlhAQABAAAAACH5BAEKAAEALAAAAAABAAEAAAICTAEAOw==\" class=\"lazyload\" data-load-mode=\"1\"><\/iframe><\/p>\n<p><strong>Eric Hoffer pt. 4 of 5<\/strong><br \/>\n<iframe loading=\"lazy\" data-src=\"https:\/\/www.youtube.com\/embed\/N9amjBIVraY\" width=\"420\" height=\"315\" frameborder=\"0\" allowfullscreen=\"allowfullscreen\" src=\"data:image\/gif;base64,R0lGODlhAQABAAAAACH5BAEKAAEALAAAAAABAAEAAAICTAEAOw==\" class=\"lazyload\" data-load-mode=\"1\"><\/iframe><\/p>\n<p><strong>Eric Hoffer pt. 5 of 5<\/strong><br \/>\n<iframe loading=\"lazy\" data-src=\"https:\/\/www.youtube.com\/embed\/o6XM1Mh4Ciw\" width=\"420\" height=\"315\" frameborder=\"0\" allowfullscreen=\"allowfullscreen\" src=\"data:image\/gif;base64,R0lGODlhAQABAAAAACH5BAEKAAEALAAAAAABAAEAAAICTAEAOw==\" class=\"lazyload\" data-load-mode=\"1\"><\/iframe><\/p>\n<p>\u201cEnerg\u00eda viva que puedes plantar en tu vida\u201d.<\/p>\n<p>Te invito a que leas la historia de nuestras Semillas tomando conciencia sobre lo que podr\u00edas hacer para trascender en el tiempo <sup class='footnote'><a href='#fn-195858-1' id='fnref-195858-1' onclick='return fdfootnote_show(195858)'>1<\/a><\/sup>.<\/p>\n<p><strong><a href=\"http:\/\/moonmentum.com\/blog\/efemerides\/semilla-de-la-semana\/cruzando-los-paramos-de-la-mano-de-pedro-y-juan-rulfo\/\">Juan Rulfo<\/a><\/strong><br \/>\n<strong> <a href=\"http:\/\/moonmentum.com\/blog\/efemerides\/semilla-de-la-semana\/dia-de-internet-2\/\">D\u00eda de Internet<br \/>\n<\/a><a href=\"http:\/\/moonmentum.com\/blog\/efemerides\/semilla-de-la-semana\/una-mente-brillante-para-las-letras-y-los-numeros\/\">Omar Khayyam<\/a><\/strong><br \/>\n<strong> <a href=\"http:\/\/moonmentum.com\/blog\/efemerides\/semilla-de-la-semana\/jose-marti-conocido-como-%E2%80%9Cel-apostol%E2%80%9D\/\">Jose Marti<br \/>\n<\/a><a href=\"http:\/\/moonmentum.com\/blog\/efemerides\/semilla-de-la-semana\/honore-de-balzac-y-la-comedia-humana-2\/\">Honor\u00e9 de Balzac<br \/>\n<\/a><a href=\"http:\/\/moonmentum.com\/blog\/efemerides\/semilla-de-la-semana\/eric-hoffer-un-idealista-del-cambio\/\">Eric Hoffer<br \/>\n<\/a><a href=\"http:\/\/moonmentum.com\/blog\/efemerides\/semilla-de-la-semana\/la-literatura-inagotable-de-victor-hugo\/\">V\u00edctor Hugo<\/a><\/strong><\/p>\n<p><strong><em>Semilla<\/em><\/strong><em>: Personaje que se convierte en efem\u00e9rides por su legado<\/em> <sup class='footnote'><a href='#fn-195858-2' id='fnref-195858-2' onclick='return fdfootnote_show(195858)'>2<\/a><\/sup>.<\/p>\n<p><sup>Nota: El criterio que utilizo para seleccionar la semilla es basado en las energ\u00edas activas en el Universo, para as\u00ed agrandar el radio de acci\u00f3n que podemos alcanzar.\u00a0<\/sup><\/p>\n<div class='footnotes' id='footnotes-195858'>\n<div class='footnotedivider'><\/div>\n<ol>\n<li id='fn-195858-1'> Todo el mundo sin excepci\u00f3n tiene un alma. Esta esencia de luz es el com\u00fan denominador que une la creaci\u00f3n, el cosmos y la vida. Deber\u00edamos darnos cuenta que en el fondo somos Luz en movimiento. Pero no somos conscientes de esa Luz, de nuestro origen y nos enredamos en los laberintos de la personalidad. La b\u00fasqueda espiritual es la b\u00fasqueda de nuestra conciencia, de nuestra divinidad interior. Como dice Rodolfo Llinas :\n<p><em>\u201cLa Informaci\u00f3n es una energ\u00eda preexistente y fundamental a partir de la cual y con su complejificaci\u00f3n se forma la conciencia en sus diferentes grados;\u00a0 la conciencia de orden superior s\u00f3lo puede desarrollarse sobre\u00a0 la base de la conciencia primaria.\u00a0 Para que la conciencia se d\u00e9, es indispensable que la materia posea la Informaci\u00f3n capaz de entrar en sincron\u00eda con la de su medio ambiente.\u201d<\/em><\/p>\n<p>El autor es neurocient\u00edfico, director del departamento de fisiolog\u00eda y neurociencia de la escuela de Medicina de la Universidad de Nueva York durante los \u00faltimos 26 a\u00f1os, Miembro de la Academia Francesa de la Ciencia, de la Academia de la Ciencia de los Estados Unidos y de la Real Academia Espa\u00f1ola de Medicina.\u00a0 Recuerda que la emocionalidad tendr\u00e1 el protagonismo que t\u00fa le des.<\/p>\n<p><em>La gente, embotados sus sentidos, se pierde lo mejor de la vida. O como dec\u00eda Jos\u00e9 Ortega y Gasset: \u201cAlgunas personas enfocan su vida de modo que viven con entremeses y guarniciones. El plato principal nunca lo conocen\u201d. S\u00f3lo cierto ayuno permite despertar de este enga\u00f1o colectivo, la locura del tener frente a la alegr\u00eda del ser, que nos hace personas.<\/em> <span class='footnotereverse'><a href='#fnref-195858-1'>&#8617;<\/a><\/span><\/li>\n<li id='fn-195858-2'> En t\u00e9rminos de f\u00edsica cu\u00e1ntica cuando emulamos una acci\u00f3n, \u00e9sta se convierte poco a poco en realidad. Entonces, si todos logr\u00e1ramos conectar directamente con las acciones de nuestros \u00eddolos de la historia seguramente cada d\u00eda seremos mejores personas dando forma a las efem\u00e9rides del futuro. <span class='footnotereverse'><a href='#fnref-195858-2'>&#8617;<\/a><\/span><\/li>\n<\/ol>\n<\/div>\n","protected":false},"excerpt":{"rendered":"<p>\u201cNormalmente s\u00f3lo vemos lo que queremos ver; tanto es as\u00ed, que a veces lo vemos donde no est\u00e1\u201d. Eric Hoffer escritor y fil\u00f3sofo estadounidense. Escribi\u00f3 diez libros y obtuvo la&#8230; <a href=\" http:\/\/moonmentum.com\/blog\/efemerides\/semilla-de-la-semana\/eric-hoffer-un-genuino-autodidata\/\">Ver m\u00e1s&#8230;<\/a><\/p>\n","protected":false},"author":3,"featured_media":195859,"comment_status":"open","ping_status":"closed","sticky":false,"template":"","format":"standard","meta":{"footnotes":""},"categories":[12],"tags":[867,343,481,17184],"class_list":{"0":"post-195858","1":"post","2":"type-post","3":"status-publish","4":"format-standard","5":"has-post-thumbnail","7":"category-semilla-de-la-semana","8":"tag-ancestros","9":"tag-lourdes-mendez","10":"tag-semilla","11":"tag-semilla-de-la-semana"},"_links":{"self":[{"href":"https:\/\/moonmentum.com\/blog\/wp-json\/wp\/v2\/posts\/195858","targetHints":{"allow":["GET"]}}],"collection":[{"href":"https:\/\/moonmentum.com\/blog\/wp-json\/wp\/v2\/posts"}],"about":[{"href":"https:\/\/moonmentum.com\/blog\/wp-json\/wp\/v2\/types\/post"}],"author":[{"embeddable":true,"href":"https:\/\/moonmentum.com\/blog\/wp-json\/wp\/v2\/users\/3"}],"replies":[{"embeddable":true,"href":"https:\/\/moonmentum.com\/blog\/wp-json\/wp\/v2\/comments?post=195858"}],"version-history":[{"count":0,"href":"https:\/\/moonmentum.com\/blog\/wp-json\/wp\/v2\/posts\/195858\/revisions"}],"wp:featuredmedia":[{"embeddable":true,"href":"https:\/\/moonmentum.com\/blog\/wp-json\/wp\/v2\/media\/195859"}],"wp:attachment":[{"href":"https:\/\/moonmentum.com\/blog\/wp-json\/wp\/v2\/media?parent=195858"}],"wp:term":[{"taxonomy":"category","embeddable":true,"href":"https:\/\/moonmentum.com\/blog\/wp-json\/wp\/v2\/categories?post=195858"},{"taxonomy":"post_tag","embeddable":true,"href":"https:\/\/moonmentum.com\/blog\/wp-json\/wp\/v2\/tags?post=195858"}],"curies":[{"name":"wp","href":"https:\/\/api.w.org\/{rel}","templated":true}]}}