{"id":197412,"date":"2017-04-23T00:59:06","date_gmt":"2017-04-23T04:59:06","guid":{"rendered":"http:\/\/moonmentum.com\/blog\/?p=197412"},"modified":"2017-04-23T00:59:06","modified_gmt":"2017-04-23T04:59:06","slug":"dia-de-la-tierra","status":"publish","type":"post","link":"https:\/\/moonmentum.com\/blog\/efemerides\/semilla-de-la-semana\/dia-de-la-tierra\/","title":{"rendered":"Dia de la Tierra"},"content":{"rendered":"<p><span style=\"color: #808080;\">Cada d\u00eda hay en el Universo una estela dejada por la acci\u00f3n de otros seres humanos que al igual que nosotros buscaban la excelencia. Hoy esa\u00a0 estela o \u201c<a href=\"http:\/\/www.moonmentum.com\/blog\/category\/efemerides\/semilla-del-dia\" target=\"_blank\">semilla del d\u00eda<\/a>\u201d fue sembrada por&#8230;<\/span><\/p>\n<div class=\"container un-no-padding sm-padding\">\n<div class=\"row\">\n<div id=\"page-content-x\" class=\"col-lg-12 un-no-padding\">\n<p>Celebramos el D\u00eda Internacional de la Madre Tierra para recordar que el planeta y sus ecosistemas nos dan la vida y el sustento.<\/p>\n<p>Con esta celebraci\u00f3n admitimos la responsabilidad colectiva, como nos recordaba la Declaraci\u00f3n de R\u00edo de 1992, de fomentar la harmon\u00eda con la naturaleza y la Madre Tierra para alcanzar el equilibrio justo entre las necesidades econ\u00f3micas, sociales y medioambientales de las generaciones presentes y futuras.<\/p>\n<p>Este d\u00eda nos brinda la oportunidad de concienciar a todos los habitantes del planeta acerca de los problemas que afectan a la Tierra y a las diferentes formas de vida que en \u00e9l se desarrollan.<\/p>\n<p>En 2017, la campa\u00f1a se denomina <strong>\u00abAlfabetizaci\u00f3n medioambiental y clim\u00e1tica\u00bb<\/strong>.<\/p>\n<p>La educaci\u00f3n constituye los cimientos del progreso. Necesitamos que la ciudadan\u00eda mundial conozca los conceptos sobre el <a href=\"https:\/\/blogs.un.org\/es\/2016\/11\/04\/el-acuerdo-de-paris-ha-entrado-en-vigor-pero-el-clima-no-espera\/\">cambio clim\u00e1tico<\/a> y sea consciente de la amenaza sin precedentes para el planeta. El conocimiento nos empoderar\u00e1 a todos y nos llevar\u00e1 a tomar medidas para defender el medio ambiente.<\/p>\n<p>La alfabetizaci\u00f3n <a href=\"http:\/\/www.un.org\/es\/sections\/issues-depth\/climate-change\/index.html\">medioambiental y clim\u00e1tica<\/a> no es solo el motor que genera votantes concienciados por las cuestiones ecol\u00f3gicas y promueve legislaci\u00f3n en este \u00e1mbito, sino que tambi\u00e9n acelera el desarrollo de tecnolog\u00edas y empleos respetuosos con el medio ambiente.<\/p>\n<p><sup><span style=\"color: #808080;\">Fuente:\u00a0<a style=\"color: #808080;\" href=\"http:\/\/www.un.org\/es\/events\/motherearthday\/\">un.org<\/a><\/span><\/sup><\/p>\n<\/div>\n<\/div>\n<\/div>\n<p><strong>La Tierra<\/strong> (nuestra madre tierra) debemos detenernos un poco y contemplarla para RECONOCERLA\u2026 d\u00edas de ritual y ceremonia. La vida no es lo que parece ser\u2026. no se \u201ccentra\u201d en nosotros, somos nosotros los que tenemos que \u201ccentrarnos\u201d en ella. Debemos detenernos un poco en nuestra desenfrenada marcha para reflexionar sobre lo que hay detr\u00e1s de nuestras vidas.<\/p>\n<p><em>\u201cLa Tierra es nuestro hogar y el hogar de todos los seres vivos. La Tierra misma est\u00e1 viva. Somos partes de un universo en evoluci\u00f3n. Somos miembros de una comunidad de vida interdependiente con una magnificente diversidad de formas de vida y culturas. Nos sentimos humildes ante la belleza de la Tierra y compartimos una reverencia por la vida y las fuentes de nuestro ser\u2026\u201d<\/em><\/p>\n<p>El 22 de abril de cada a\u00f1o se celebra el D\u00eda Mundial de la Tierra. Su nacimiento viene del movimiento ambientalista moderno, el cual se inici\u00f3 en 1970 cuando 20 millones de norteamericanos tomaron las calles, los parques y los auditorios para manifestarse por un ambiente saludable y sustentable.<\/p>\n<p>El D\u00eda de la Tierra de 1970 logr\u00f3 una coincidencia pol\u00edtica que parec\u00eda imposible. Se logr\u00f3 el apoyo de pol\u00edticos de distintas tendencias, ricos y pobres, citadinos y granjeros, magnates y l\u00edderes sindicales. Ese d\u00eda condujo a la creaci\u00f3n de la Agencia de Protecci\u00f3n al Medio Ambiente de Estados Unidos.<\/p>\n<p>Nuestro Planeta en Cifras la aprobaci\u00f3n de leyes relacionadas con el aire limpio, el agua limpia y la conservaci\u00f3n de especies en peligro de extinci\u00f3n. A partir de entonces, cada a\u00f1o en esta fecha, el mundo entero reflexiona y se moviliza por una Tierra mejor.<\/p>\n<ul>\n<li>Surgi\u00f3 hace m\u00e1s de 4.500 millones de a\u00f1os aproximadamente, junto con los dem\u00e1s planetas del sistema solar<\/li>\n<li>Mide 12.713 km. de di\u00e1metro de polo a polo y 12.756 por el Ecuador<\/li>\n<li>Por ello tiene forma esf\u00e9rica, ligeramente achatada en los polos y ensanchada en el Ecuador<\/li>\n<li>La superficie terrestre es de 510 millones de Km 2 aproximadamente.<\/li>\n<li>El vol\u00famen total de agua de la tierra se estima en 1.420 millones de Km 3, incluyendo la contenida en r\u00edos, lagos, hielo, oc\u00e9anos, atm\u00f3sfera y el subsuelo.<\/li>\n<li>El volumen total de la tierra es de 1.083 mil 320 millones de Km 3<\/li>\n<li>El punto m\u00e1s alto de la tierra es el Monte Everest con 8.848 m. La mayor depresi\u00f3n es el Mar Muerto, un mar interior cuya superficie est\u00e1 a 399 m. bajo el nivel del mar.<\/li>\n<li>Posee m\u00e1s de 6.000 millones de personas, la mitad de los cuales tiene menos de 25 a\u00f1os.<\/li>\n<li>Da un giro completo alrededor del sol en 365 d\u00edas, 6 horas, 9 minutos y 9 segundos (aproximadamente un a\u00f1o)<\/li>\n<li>Gira sobre si misma en 23 horas, 56 minutos y 4 segundos (aproximadamente un d\u00eda)<\/li>\n<li>Su velocidad promedio en el universo es de 30 km. por segundo.<\/li>\n<\/ul>\n<p>La Comunidad Internacional reconoce este d\u00eda la importancia de salvar el Planeta, a continuaci\u00f3n algunos de los acuerdos mundiales para concebidos para ello:<\/p>\n<ul>\n<li>Convenci\u00f3n para la protecci\u00f3n de la Flora, de la Fauna y de las bellezas esc\u00e9nicas naturales de los pa\u00edses de Am\u00e9rica (Washington,1941) persigue conservar las especies y g\u00e9neros de la flora y fauna americana, para evitar su extinci\u00f3n.<\/li>\n<li>Convenci\u00f3n sobre la Pesca y Conservaci\u00f3n de los Recursos vivos de la Alta Mar.(1961), sobre la base de la cooperaci\u00f3n internacional, mediante la acci\u00f3n de todos los Estados interesados, persigue regular la explotaci\u00f3n de los recursos vivos de Alta Mar.<\/li>\n<li>Convenci\u00f3n relativa a los Humedales de Importancia Internacional (RAMSAR, 1971) procura asegurar la conservaci\u00f3n de los humedales, su flora y su fauna, armonizando las pol\u00edticas nacionales previsoras mediante una acci\u00f3n internacional coordinada.<\/li>\n<li>Convenci\u00f3n sobre Comercio Internacional de Especies Amenazadas(1977) se adoptan medidas encaminadas a proteger la flora y la fauna silvestre, mediante la cooperaci\u00f3n internacional.<\/li>\n<li>Convenci\u00f3n sobre la Prohibici\u00f3n de Desarrollo y Almacenamiento de Armas Bacteriol\u00f3gicas T\u00f3xicas (1978) Con miras a lograr progresos efectivos hacia un desarme general y completo que incluya la prohibici\u00f3n y eliminaci\u00f3n de todos los tipos de armas de destrucci\u00f3n en masa.<\/li>\n<li>Convenci\u00f3n sobre el Comercio Internacional de Especies Amenazadas de Fauna y Flora Silvestre (1973\/1979) Considerando la fauna y la flora como elementos irremplazables de los sistemas naturales de la tierra, se conviene en protegerlos de la explotaci\u00f3n comercial, para las generaciones presentes y venideras.<\/li>\n<li>Convenio de Viena para la Protecci\u00f3n de la Capa de Ozono (1985) Se decide proteger la salud humana y el ambiente de los efectos adversos resultantes de las modificaciones de la Capa de Ozono.<\/li>\n<li>Protocolo de Montreal Realativo a Sustancias Agotadoras de la Capa de Ozono (1987) Se adoptan medidas preventivas para controlar equitativamente el total de emisiones mundiales de las sustancias que la agotan, con el objetivo final de eliminarlas.<\/li>\n<li>Convenio de Basilea sobre el Control de los Movimientos Transfronterizos de los Desechos Peligrosos y su eliminaci\u00f3n (1989) se decide proteger la salud humana y el ambiente contra los efectos nocivos que pueden derivarse de la generaci\u00f3n y manejo de los desechos peligrosos y otros desechos.<\/li>\n<li>Convenci\u00f3n para la protecci\u00f3n del Patrimonio Mundial, Cultural y Natural (1990) Dispone establecer un Sistema eficaz de protecci\u00f3n colectiva del patrimonio cultural y natural de valor excepcional.<\/li>\n<li>Convenci\u00f3n Marco de las Naciones Unidas sobre Cambio Clim\u00e1tico (1992) Establecer las concentraciones atmosf\u00e9ricas sobre gases de Efecto Invernadero, a niveles que impidan que las actividades humanas afecten peligrosamente el sistema clim\u00e1tico mundial.<\/li>\n<li>Declaraci\u00f3n de R\u00edo sobre Desarrollo y Medio Ambiente (1992) Se procura establecer una alianza mundial nueva y equitativa mediante la creaci\u00f3n de nuevos niveles de cooperaci\u00f3n entre los Estados, los sectores claves de la sociedad y las personas.<\/li>\n<li>Convenci\u00f3n Internacional sobre la Diversidad Biol\u00f3gica (1994) mediante la utilizaci\u00f3n sostenible de los recursos biol\u00f3gicos y una participaci\u00f3n justa y equitativa de los beneficios que se deriven de la utilizaci\u00f3n de los recursos gen\u00e9ticos, persigue conservar la Diversidad Biol\u00f3gica.<\/li>\n<li>Protocolo de Kioto (1997) Fue la Tercera Conferencia de las Partes de la Convenci\u00f3n Marco de las Naciones Unidas sobre Cambio Clim\u00e1tico, se espera un acuerdo entre las partes para el control de la emisi\u00f3n de gases que producen Efecto Invernadero y por tanto el Calentamiento de la Tierra. Venezuela no ha ratificado este acuerdo.<\/li>\n<li>Convenci\u00f3n Internacional para la Lucha contra la Desertificaci\u00f3n (1998) Establece un Marco para que los programas nacionales, subregionales y regionales combatan la degradaci\u00f3n de las Tierras secas, que incluyen las praderas semi\u00e1ridas y los desiertos<\/li>\n<\/ul>\n<p>El siguiente documento es uno de los m\u00e1s preciados por los ecologistas, se trata de la carta que envi\u00f3 en 1855 el jefe indio Seattle de la tribu Suwamish al presidente de los Estados Unidos Franklin Pierce en respuesta a la oferta de compra de las tierras de los Suwamish en el noroeste de los Estados Unidos, lo que ahora es el Estado de Washington.\u00a0 Los indios americanos estaban muy unidos a su tierra no conociendo la propiedad, es m\u00e1s consideraban la tierra due\u00f1a de los hombres. En numerosos \u00e1mbitos ecologistas se le considera como \u201cla declaraci\u00f3n m\u00e1s hermosa y profunda que jam\u00e1s se haya hecho sobre el medio ambiente\u201d.<\/p>\n<p style=\"text-align: center;\"><span style=\"color: #808080; font-size: 10pt;\"><em>As\u00ed termina la vida y comienza la supervivencia<\/em><\/span><\/p>\n<p style=\"text-align: center;\"><span style=\"color: #808080; font-size: 10pt;\"><em>Carta del jefe indio seattle<\/em><\/span><\/p>\n<p style=\"text-align: center;\"><span style=\"color: #808080; font-size: 10pt;\"><em>El gran jefe de washington manda decir que desea comprar nuestras tierras. El gran jefe tambi\u00e9n nos env\u00eda palabras de amistad y buena voluntad. Apreciamos esta gentileza porque sabemos que poca falta le hace, en cambio, nuestra amistad. Vamos a considerar su oferta, pues sabemos que, de no hacerlo, el hombre blanco podr\u00e1 venir con sus armas de fuego y tomarse nuestras tierras. El gran jefe de washington podr\u00e1 confiar en lo que dice el jefe seattle con la misma certeza con que nuestros hermanos blancos podr\u00e1n confiar en la vuelta de las estaciones. Mis palabras son inmutables como las estrellas.<\/em><\/span><\/p>\n<p style=\"text-align: center;\"><span style=\"color: #808080; font-size: 10pt;\"><em>\u00bfc\u00f3mo pod\u00e9is comprar o vender el cielo, el calor de la tierra? Esta idea nos parece extra\u00f1a. No somos due\u00f1os de la frescura del aire ni del centelleo del agua. \u00bfc\u00f3mo podr\u00edais comprarlos a nosotros? Lo decimos oportunamente. Habeis de saber que cada part\u00edcula de esta tierra es sagrada para mi pueblo. Cada hoja resplandeciente, cada playa arenosa, cada neblina en el oscuro bosque, cada claro y cada insecto con su zumbido son sagrados en la memoria y la experiencia de mi pueblo. La savia que circula en los \u00e1rboles porta las memorias del hombre de piel roja.<\/em><\/span><\/p>\n<p style=\"text-align: center;\"><span style=\"color: #808080; font-size: 10pt;\"><em>Los muertos del hombre blanco se olvidan de su tierra natal cuando se van a caminar por entre las estrellas. Nuestros muertos jam\u00e1s olvidan esta hermosa tierra porque ella es la madre del hombre de piel roja.\u00a0\u00a0 Somos parte de la tierra y ella es parte de nosotros. Las fragantes flores son nuestras hermanas; el venado, el caballo, el \u00e1guila majestuosa son nuestros hermanos. Las praderas, el calor corporal del potrillo y el hombre, todos pertenecen a la misma familia. \u201cpor eso, cuando el gran jefe de washington manda decir que desea comprar nuestras tierras, es mucho lo que pide. El gran jefe manda decir que nos reservar\u00e1 un lugar para que podamos vivir c\u00f3modamente entre nosotros. El ser\u00e1 nuestro padre y nosotros seremos sus hijos. Por eso consideraremos su oferta de comprar nuestras tierras. Mas, ello no ser\u00e1 f\u00e1cil porque estas tierras son sagradas para nosotros. El agua centelleante que corre por los r\u00edos y esteros no es meramente agua sino la sangre de nuestros antepasados. Si os vendemos estas tierras, tendr\u00e9is que recordar que ellas son sagradas y deber\u00e9is ense\u00f1ar a vuestros hijos que lo son y que cada reflejo fantasmal en las aguas claras de los lagos habla de acontecimientos y recuerdos de la vida de mi pueblo. El murmullo del agua es la voz del padre de mi padre.<\/em><\/span><\/p>\n<p style=\"text-align: center;\"><span style=\"color: #808080; font-size: 10pt;\"><em>Los r\u00edos son nuestros hermanos, ellos calman nuestra sed. Los r\u00edos llevan nuestras canoas y alimentan a nuestros hijos. Si os vendemos nuestras tierras, deber\u00e9is recordar y ense\u00f1ar a vuestros hijos que los r\u00edos son nuestros hermanos y hermanos de vosotros; deber\u00e9is en adelante dar a los r\u00edos el trato bondadoso que dar\u00e9is a cualquier hermano.<\/em><\/span><\/p>\n<p style=\"text-align: center;\"><span style=\"color: #808080; font-size: 10pt;\"><em>Sabemos que el hombre blanco no comprende nuestra manera de ser. Le da lo mismo un pedazo de tierra<\/em><\/span><\/p>\n<p style=\"text-align: center;\"><span style=\"color: #808080; font-size: 10pt;\"><em>No lo comprendo. Nuestra manera de ser es diferente a la vuestra. La vista de vuestras ciudades hace doler los ojos al hombre de piel roja. Pero quiz\u00e1 sea as\u00ed porque el hombre de piel roja es un salvaje y no comprende las cosas. No hay ning\u00fan lugar tranquilo en las ciudades del hombre blanco, ning\u00fan lugar donde pueda escucharse el desplegarse de las hojas en primavera o el orzar de las alas de un insecto. Pero quiz\u00e1 sea as\u00ed porque soy un salvaje y no puedo comprender las cosas. El ruido de la ciudad parece insultar los o\u00eddos. \u00bfy qu\u00e9 clase de vida es cuando el hombre no es capaz de escuchar el solitario grito de la garza o la discusi\u00f3n nocturna de las ranas alrededor de la laguna? Soy un hombre de piel roja y no lo comprendo. Los indios preferimos el suave sonido del viento que acaricia la cala del lago y el olor del mismo viento purificado por la lluvia del mediod\u00eda o perfumado por la fragancia de los pinos. Que el otro porque \u00e9l es un extra\u00f1o que llega en la noche a sacar de la tierra lo que necesita. La tierra no es su hermano sino su enemigo. Cuando la ha conquistado la abandona y sigue su camino. Deja detr\u00e1s de \u00e9l las sepulturas de sus padres sin que le importe. Despoja de la tierra a sus hijos sin que le importe. Olvida la sepultura de su padre y los derechos de sus hijos. Trata a su madre, la tierra, y a su hermano el cielo, como si fuesen cosas que se pueden comprar, saquear y vender, como si fuesen corderos y cuentas de vidrio. Su insaciable apetito devorar\u00e1 la tierra y dejar\u00e1 tras s\u00ed s\u00f3lo un desierto.<\/em><\/span><\/p>\n<p style=\"text-align: center;\"><span style=\"color: #808080; font-size: 10pt;\"><em>El aire es algo precioso para el hombre de piel roja porque todas las cosas comparten el mismo aliento: el animal, el \u00e1rbol y el hombre. El hombre blanco parece no sentir el aire que respira. Al igual que un hombre muchos d\u00edas agonizante, se ha vuelto insensible al hedor. Mas, si os vendemos nuestras tierras, deb\u00e9is recordar que el aire es precioso para nosotros, que el aire comparte su esp\u00edritu con toda la vida que sustenta. Y, si os vendemos nuestras tierras, deb\u00e9is dejarlas aparte y mantenerlas sagradas como un lugar al cual podr\u00e1 llegar incluso el hombre blanco a saborear el viento dulcificado por las flores de la pradera.<\/em><\/span><\/p>\n<p style=\"text-align: center;\"><span style=\"color: #808080; font-size: 10pt;\"><em>Consideraremos vuestra oferta de comprar nuestras tierras. Si decidimos aceptarla, pondr\u00e9 una condici\u00f3n: que el hombre blanco deber\u00e1 tratar a los animales de estas tierras como hermanos. Soy un salvaje y no comprendo otro modo de conducta. He visto miles de b\u00fafalos pudri\u00e9ndose sobre las praderas, abandonados all\u00ed por el hombre blanco que les dispar\u00f3 desde un tren en marcha. Soy un salvaje y no comprendo como el humeante caballo de vapor puede ser m\u00e1s importante que el b\u00fafalo al que s\u00f3lo matamos para poder vivir. \u00bfqu\u00e9 es el hombre sin los animales? Si todos los animales hubiesen desaparecido, el hombre morir\u00eda de una gran soledad de esp\u00edritu. Porque todo lo que ocurre a los animales pronto habr\u00e1 de ocurrir tambi\u00e9n al hombre. Todas las cosas est\u00e1n relacionadas entre s\u00ed.<\/em><\/span><\/p>\n<p style=\"text-align: center;\"><span style=\"color: #808080; font-size: 10pt;\"><em>Vosotros deb\u00e9is ense\u00f1ar a vuestros hijos que el suelo bajo sus pies es la ceniza de sus abuelos. Para que respeten la tierra, deb\u00e9is decir a vuestros hijos que la tierra est\u00e1 plena de vida de nuestros antepasados. Deb\u00e9is ense\u00f1ar a vuestros hijos lo que nosotros hemos ense\u00f1ados a los nuestros: que la tierra es nuestra madre. Todo lo que afecta a la tierra afecta a los hijos de la tierra. Cuando los hombres escupen el suelo se escupen a s\u00ed mismos.<\/em><\/span><\/p>\n<p style=\"text-align: center;\"><span style=\"color: #808080; font-size: 10pt;\"><em>Esto lo sabemos: la tierra no pertenece al hombre, sino que el hombre pertenece a la tierra. El hombre no ha tejido la red de la vida: es s\u00f3lo una hebra de ella. Todo lo que haga a la red se lo har\u00e1 a s\u00ed mismo. Lo que ocurre a la tierra ocurrir\u00e1 a los hijos de la tierra. Lo sabemos. Todas las cosas est\u00e1n relacionadas como la sangre que une a una familia.<\/em><\/span><\/p>\n<p style=\"text-align: center;\"><span style=\"color: #808080; font-size: 10pt;\"><em>A\u00fan el hombre blanco, cuyo dios se pasea con \u00e9l y conversa con el -de amigo a amigo no puede estar exento del destino com\u00fan-. Quiz\u00e1 seamos hermanos, despu\u00e9s de todo. Lo veremos. Sabemos algo que el hombre blanco descubrir\u00e1 alg\u00fan d\u00eda: que nuestro dios es su mismo dios. Ahora pens\u00e1is quiz\u00e1 que sois due\u00f1o de nuestras tierras; pero no pod\u00e9is serlo. El es el dios de la humanidad y su compasi\u00f3n es igual para el hombre blanco. Esta tierra es preciosa para el y el causarle da\u00f1o significa mostrar desprecio hacia su creador. Los hombres blancos tambi\u00e9n pasar\u00e1n, tal vez antes que las dem\u00e1s tribus. Si contamin\u00e1is vuestra cama, morir\u00e9is alguna noche sofocados por vuestros propios desperdicios. Pero a\u00fan en vuestra hora final os sentir\u00e9is iluminados por la idea de que dios os trajo a estas tierras y os dio el dominio sobre ellas y sobre el hombre de piel roja con alg\u00fan prop\u00f3sito especial. Tal destino es un misterio para nosotros porque no comprendemos lo que ser\u00e1 cuando los b\u00fafalos hayan sido exterminados, cuando los caballos salvajes hayan sido domados, cuando los rec\u00f3nditos rincones de los bosques exhalen el olor a muchos hombres y cuando la vista hacia las verdes colinas est\u00e9 cerrada por un enjambre de alambres parlantes. \u00bfd\u00f3nde est\u00e1 el espeso bosque? Desapareci\u00f3. \u00bfd\u00f3nde est\u00e1 el \u00e1guila? Desapareci\u00f3. As\u00ed termina la vida y comienza la supervivencia\u2026<\/em><\/span><\/p>\n<p>\u201cEnerg\u00eda viva que puedes plantar en tu vida\u201d.<\/p>\n<p>Te invito a que leas la historia de nuestras Semillas tomando conciencia sobre lo que podr\u00edas hacer para trascender en el tiempo <sup class='footnote'><a href='#fn-197412-1' id='fnref-197412-1' onclick='return fdfootnote_show(197412)'>1<\/a><\/sup>.<\/p>\n<p><a href=\"http:\/\/moonmentum.com\/blog\/efemerides\/semilla-de-la-semana\/einstein-un-milagro-cientifico\" target=\"_blank\">Albert Einstein<\/a><br \/>\n<a href=\"http:\/\/moonmentum.com\/blog\/efemerides\/semilla-de-la-semana\/un-hombre-universal\" target=\"_blank\">Octavio Paz<\/a><br \/>\n<a href=\"http:\/\/moonmentum.com\/blog\/efemerides\/semilla-de-la-semana\/el-inolvidable-cantinflas\/\" target=\"_blank\">\u201cCantinflas\u201d<\/a><br \/>\n<a href=\"http:\/\/moonmentum.com\/blog\/efemerides\/semilla-de-la-semana\/conmemoracion-de-la-fundacion-de-roma\" target=\"_blank\">Fundaci\u00f3n de Roma<\/a><br \/>\n<a href=\"http:\/\/moonmentum.com\/blog\/efemerides\/semilla-de-la-semana\/%e2%80%9csentido-de-pertenencia%e2%80%9d\" target=\"_blank\"><strong>D\u00eda de la Tierra<\/strong><\/a><br \/>\n<a href=\"http:\/\/moonmentum.com\/blog\/efemerides\/semilla-de-la-semana\/celebremos-el-dia-internacional-del-libro\" target=\"_blank\">D\u00eda internacional del libro<\/a><br \/>\n<a href=\"http:\/\/moonmentum.com\/blog\/efemerides\/semilla-de-la-semana\/viendo-mas-alla-de-lo-que-los-ojos-pueden\">Max von Laue<\/a><\/p>\n<p><strong><em>Semilla<\/em><\/strong><em>: Personaje que se convierte en efem\u00e9rides por su legado<\/em> <sup class='footnote'><a href='#fn-197412-2' id='fnref-197412-2' onclick='return fdfootnote_show(197412)'>2<\/a><\/sup>.<\/p>\n<p><sup>Nota: El criterio que utilizo para seleccionar la semilla es basado en las energ\u00edas activas en el Universo, para as\u00ed agrandar el radio de acci\u00f3n que podemos alcanzar.\u00a0<\/sup><\/p>\n<div class='footnotes' id='footnotes-197412'>\n<div class='footnotedivider'><\/div>\n<ol>\n<li id='fn-197412-1'> Todo el mundo sin excepci\u00f3n tiene un alma. Esta esencia de luz es el com\u00fan denominador que une la creaci\u00f3n, el cosmos y la vida. Deber\u00edamos darnos cuenta que en el fondo somos Luz en movimiento. Pero no somos conscientes de esa Luz, de nuestro origen y nos enredamos en los laberintos de la personalidad. La b\u00fasqueda espiritual es la b\u00fasqueda de nuestra conciencia, de nuestra divinidad interior. Como dice Rodolfo Llinas :\n<p><em>\u201cLa Informaci\u00f3n es una energ\u00eda preexistente y fundamental a partir de la cual y con su complejificaci\u00f3n se forma la conciencia en sus diferentes grados;\u00a0 la conciencia de orden superior s\u00f3lo puede desarrollarse sobre\u00a0 la base de la conciencia primaria.\u00a0 Para que la conciencia se d\u00e9, es indispensable que la materia posea la Informaci\u00f3n capaz de entrar en sincron\u00eda con la de su medio ambiente.\u201d<\/em><\/p>\n<p>El autor es neurocient\u00edfico, director del departamento de fisiolog\u00eda y neurociencia de la escuela de Medicina de la Universidad de Nueva York durante los \u00faltimos 26 a\u00f1os, Miembro de la Academia Francesa de la Ciencia, de la Academia de la Ciencia de los Estados Unidos y de la Real Academia Espa\u00f1ola de Medicina.\u00a0 Recuerda que la emocionalidad tendr\u00e1 el protagonismo que t\u00fa le des.<\/p>\n<p><em>La gente, embotados sus sentidos, se pierde lo mejor de la vida. O como dec\u00eda Jos\u00e9 Ortega y Gasset: \u201cAlgunas personas enfocan su vida de modo que viven con entremeses y guarniciones. El plato principal nunca lo conocen\u201d. S\u00f3lo cierto ayuno permite despertar de este enga\u00f1o colectivo, la locura del tener frente a la alegr\u00eda del ser, que nos hace personas.<\/em> <span class='footnotereverse'><a href='#fnref-197412-1'>&#8617;<\/a><\/span><\/li>\n<li id='fn-197412-2'> En t\u00e9rminos de f\u00edsica cu\u00e1ntica cuando emulamos una acci\u00f3n, \u00e9sta se convierte poco a poco en realidad. Entonces, si todos logr\u00e1ramos conectar directamente con las acciones de nuestros \u00eddolos de la historia seguramente cada d\u00eda seremos mejores personas dando forma a las efem\u00e9rides del futuro. <span class='footnotereverse'><a href='#fnref-197412-2'>&#8617;<\/a><\/span><\/li>\n<\/ol>\n<\/div>\n","protected":false},"excerpt":{"rendered":"<p>Cada d\u00eda hay en el Universo una estela dejada por la acci\u00f3n de otros seres humanos que al igual que nosotros buscaban la excelencia. Hoy esa\u00a0 estela o \u201csemilla del d\u00eda\u201d fue sembrada por&#8230; Celebramos el D\u00eda Internacional de la Madre Tierra para recordar que el planeta y sus ecosistemas nos dan la vida y [&hellip;]<\/p>\n","protected":false},"author":3,"featured_media":195724,"comment_status":"open","ping_status":"closed","sticky":false,"template":"","format":"standard","meta":{"footnotes":""},"categories":[12],"tags":[867,1923,343,481,17184],"class_list":{"0":"post-197412","1":"post","2":"type-post","3":"status-publish","4":"format-standard","5":"has-post-thumbnail","7":"category-semilla-de-la-semana","8":"tag-ancestros","9":"tag-jano","10":"tag-lourdes-mendez","11":"tag-semilla","12":"tag-semilla-de-la-semana"},"_links":{"self":[{"href":"https:\/\/moonmentum.com\/blog\/wp-json\/wp\/v2\/posts\/197412","targetHints":{"allow":["GET"]}}],"collection":[{"href":"https:\/\/moonmentum.com\/blog\/wp-json\/wp\/v2\/posts"}],"about":[{"href":"https:\/\/moonmentum.com\/blog\/wp-json\/wp\/v2\/types\/post"}],"author":[{"embeddable":true,"href":"https:\/\/moonmentum.com\/blog\/wp-json\/wp\/v2\/users\/3"}],"replies":[{"embeddable":true,"href":"https:\/\/moonmentum.com\/blog\/wp-json\/wp\/v2\/comments?post=197412"}],"version-history":[{"count":0,"href":"https:\/\/moonmentum.com\/blog\/wp-json\/wp\/v2\/posts\/197412\/revisions"}],"wp:featuredmedia":[{"embeddable":true,"href":"https:\/\/moonmentum.com\/blog\/wp-json\/wp\/v2\/media\/195724"}],"wp:attachment":[{"href":"https:\/\/moonmentum.com\/blog\/wp-json\/wp\/v2\/media?parent=197412"}],"wp:term":[{"taxonomy":"category","embeddable":true,"href":"https:\/\/moonmentum.com\/blog\/wp-json\/wp\/v2\/categories?post=197412"},{"taxonomy":"post_tag","embeddable":true,"href":"https:\/\/moonmentum.com\/blog\/wp-json\/wp\/v2\/tags?post=197412"}],"curies":[{"name":"wp","href":"https:\/\/api.w.org\/{rel}","templated":true}]}}