{"id":201503,"date":"2019-04-22T20:05:26","date_gmt":"2019-04-23T00:05:26","guid":{"rendered":"https:\/\/moonmentum.com\/blog\/?p=201503"},"modified":"2019-04-22T20:05:26","modified_gmt":"2019-04-23T00:05:26","slug":"sentido-de-pertenencia","status":"publish","type":"post","link":"https:\/\/moonmentum.com\/blog\/efemerides\/semilla-de-la-semana\/sentido-de-pertenencia\/","title":{"rendered":"\u00abSentido De Pertenencia\u00bb"},"content":{"rendered":"<p><img loading=\"lazy\" decoding=\"async\" data-src=\"http:\/\/www.moonmentum.com\/blog\/wp-content\/uploads\/2019\/04\/sentido-de-pertenencia-217x300.jpg\" alt=\"\" width=\"217\" height=\"300\" class=\"alignnone size-medium wp-image-201504 lazyload\" src=\"data:image\/gif;base64,R0lGODlhAQABAAAAACH5BAEKAAEALAAAAAABAAEAAAICTAEAOw==\" style=\"--smush-placeholder-width: 217px; --smush-placeholder-aspect-ratio: 217\/300;\" \/><noscript><img loading=\"lazy\" decoding=\"async\" src=\"http:\/\/www.moonmentum.com\/blog\/wp-content\/uploads\/2019\/04\/sentido-de-pertenencia-217x300.jpg\" alt=\"\" width=\"217\" height=\"300\" class=\"alignnone size-medium wp-image-201504\" \/><\/noscript>\u201cCuando la tierra est\u00e9 enferma y los \u00e1rboles desaparezcan, los Guerreros del Arco Iris vendr\u00e1n a proteger la vida salvaje y a sanar la tierra. Y  pertenecer\u00e1n a todas las razas y credos, y pondr\u00e1n su fe en los hechos no en las palabras.\u201d (Ojos de fuego\u2026 Tribu india)<\/p>\n<p>Cada d\u00eda hay en el Universo una estela dejada por la acci\u00f3n de otros seres humanos que al igual que nosotros buscaban la excelencia. Hoy esa  estela o  \u201csemilla del d\u00eda\u201d fue sembrada por\u2026<\/p>\n<p>\u2013 El D\u00eda de la Tierra es una fiesta que pertenece a la gente y no est\u00e1 regulada por una sola entidad u organismo; tampoco est\u00e1 relacionado con reivindicaciones pol\u00edticas, nacionales, religiosas, ideol\u00f3gicas ni raciales.<\/p>\n<p>\u2013 El D\u00eda de la Tierra apunta a la toma de conciencia de los recursos naturales de la Tierra y su manejo, a la educaci\u00f3n ambiental, y a la participaci\u00f3n como ciudadanos ambientalmente consientes y responsables.<\/p>\n<p>\u2013 En el D\u00eda de la Tierra todos estamos invitados a participar en actividades que promuevan la salud de nuestro planeta, tanto a nivel global como regional y local.<\/p>\n<p>La  idea de este d\u00eda es reflexionar y generar conciencia, para impulsar acciones en torno a la problem\u00e1tica ambiental y la preservaci\u00f3n de nuestro planeta.<\/p>\n<p>Actos p\u00fablicos, campa\u00f1as de reciclaje y de incentivo al uso de transportes no contaminantes, plantaciones masivas de \u00e1rboles y jornadas de sensibilizaci\u00f3n, son s\u00f3lo algunas de las acciones que se llevan a cabo este d\u00eda, en todo el mundo.<\/p>\n<p>HOY ES EL D\u00cdA  \u201cOFICIAL\u201d DE LA TIERRA (NUESTRA MADRE TIERRA1)<\/p>\n<p>\u00bfQU\u00c9 ES LA CARTA DE LA TIERRA?<\/p>\n<p>LA CARTA DE LA TIERRA ES UNA S\u00cdNTESIS DE VALORES, PRINCIPIOS Y ASPIRACIONES AMPLIAMENTE COMPARTIDOS POR UN N\u00daMERO CRECIENTE DE HOMBRES Y MUJERES EN TOAS LAS REGIONES DEL MUNDO.<\/p>\n<p>LOS PRINCIPIOS DE LA CARTA DE LA TIERRA REFLEJAN CONSULTAS INTERNACIONALES EXTENSIVAS CONDUCIDAS POR UN PER\u00cdODO DE VARIOS A\u00d1OS.  ESTOS PRINCIPIOS TAMBI\u00c9N EST\u00c1N BASADOS EN LA CIENCIA CONTEMPOR\u00c1NEA, LAS LEYES INTERNACIONALES Y EN LO M\u00c1S PROFUNDO DE LA FILOSOF\u00cdA Y LA RELIGI\u00d3N.  BORRADORES CONSECUTIVOS DE LA CARTA FUERON CIRCULADOS ALREDEDOR DEL MUNDO PARA OBTENER COMENTARIOS Y DEBATE POR PARTE DE ORGANIZACIONES NO GUBERNAMENTALES, GRUPOS COMUNITARIOS, SOCIEDADES PROFESIONALES Y EXPERTOS INTERNACIONALES EN VARIOS CAMPOS.<\/p>\n<p>PARA VER EL DOCUMENTO DE LA CARTA DE LA TIERRA POR FAVOR SELECCIONE EL LENGUAJE DE SU PREFERENCIA:<\/p>\n<p>\u2022 Arabic\t\u2022 Espa\u00f1ol\t\u2022 Kiswahili<br \/>\n\u2022 Armenian\t\u2022 Estonian\t\u2022 Korean<br \/>\n\u2022 Bangla\t\u2022 Euskera\t\u2022 Nepali<br \/>\n\u2022 Burmese\t\u2022 Fran\u00e7ais\t\u2022 Newari<br \/>\n\u2022 Catalan\t\u2022 German\t\u2022 Norwegian<br \/>\n\u2022 Chinese\t\u2022 Greenlandic\/Inuit\t\u2022 Portugu\u00eas<br \/>\n\u2022 Croatian\t\u2022 Hebrew\t\u2022 Romanian<br \/>\n\u2022 Czech\t\u2022 Hindi\t\u2022 Russian<br \/>\n\u2022 Danish\t\u2022 Hungarian\t\u2022 Swedish<br \/>\n\u2022 Dutch\t\u2022 Italian\t\u2022 Thai<br \/>\n\u2022 English\t\u2022 Japanese<\/p>\n<p>En el D\u00eda de la Tierra de 1990, m\u00e1s de 200 millones de personas en 141 pa\u00edses de todos los continentes (Esta importante fecha se instaur\u00f3 en 1970 en los Estados Unidos de Norte Am\u00e9rica.) participaron en celebraciones en sus comunidades. La movilizaci\u00f3n de grupos le dio m\u00e1s autoridad a los ciudadanos, enlaz\u00f3 globalmente a las organizaciones no gubernamentales (ONG) y oblig\u00f3 a los jefes de estado a participar personalmente en la Cumbre de la Tierra de las Naciones Unidas en R\u00edo de Janeiro. Hoy la tierra resiste como puede las constantes agresiones que erosionan cada vez m\u00e1s la vida del planeta. Fen\u00f3menos como el efecto invernadero, la destrucci\u00f3n de la capa de ozono, la muerte de los bosques y la contaminaci\u00f3n de los suelos no son m\u00e1s que una escalofriante muestra de los riesgos que amenazan el medio ambiente terrestre. Ahora nuestro gran desaf\u00edo es forjar y mantener una sociedad sostenible &#x21a9;<\/p>\n","protected":false},"excerpt":{"rendered":"<p>\u201cCuando la tierra est\u00e9 enferma y los \u00e1rboles desaparezcan, los Guerreros del Arco Iris vendr\u00e1n a proteger la vida salvaje y a sanar la tierra. Y pertenecer\u00e1n a todas las razas y credos, y pondr\u00e1n su fe en los hechos no en las palabras.\u201d (Ojos de fuego\u2026 Tribu india) Cada d\u00eda hay en el Universo [&hellip;]<\/p>\n","protected":false},"author":17,"featured_media":201504,"comment_status":"open","ping_status":"closed","sticky":false,"template":"","format":"standard","meta":{"footnotes":""},"categories":[23,12],"tags":[],"class_list":{"0":"post-201503","1":"post","2":"type-post","3":"status-publish","4":"format-standard","5":"has-post-thumbnail","7":"category-efemerides","8":"category-semilla-de-la-semana"},"_links":{"self":[{"href":"https:\/\/moonmentum.com\/blog\/wp-json\/wp\/v2\/posts\/201503","targetHints":{"allow":["GET"]}}],"collection":[{"href":"https:\/\/moonmentum.com\/blog\/wp-json\/wp\/v2\/posts"}],"about":[{"href":"https:\/\/moonmentum.com\/blog\/wp-json\/wp\/v2\/types\/post"}],"author":[{"embeddable":true,"href":"https:\/\/moonmentum.com\/blog\/wp-json\/wp\/v2\/users\/17"}],"replies":[{"embeddable":true,"href":"https:\/\/moonmentum.com\/blog\/wp-json\/wp\/v2\/comments?post=201503"}],"version-history":[{"count":0,"href":"https:\/\/moonmentum.com\/blog\/wp-json\/wp\/v2\/posts\/201503\/revisions"}],"wp:featuredmedia":[{"embeddable":true,"href":"https:\/\/moonmentum.com\/blog\/wp-json\/wp\/v2\/media\/201504"}],"wp:attachment":[{"href":"https:\/\/moonmentum.com\/blog\/wp-json\/wp\/v2\/media?parent=201503"}],"wp:term":[{"taxonomy":"category","embeddable":true,"href":"https:\/\/moonmentum.com\/blog\/wp-json\/wp\/v2\/categories?post=201503"},{"taxonomy":"post_tag","embeddable":true,"href":"https:\/\/moonmentum.com\/blog\/wp-json\/wp\/v2\/tags?post=201503"}],"curies":[{"name":"wp","href":"https:\/\/api.w.org\/{rel}","templated":true}]}}