{"id":224430,"date":"2020-06-19T08:29:26","date_gmt":"2020-06-19T12:29:26","guid":{"rendered":"https:\/\/moonmentum.com\/blog\/?p=224430"},"modified":"2020-06-19T08:29:26","modified_gmt":"2020-06-19T12:29:26","slug":"todo-lo-que-necesitas-saber-sobre-el-solsticio-de-verano","status":"publish","type":"post","link":"https:\/\/moonmentum.com\/blog\/actualidad\/especial-del-dia\/todo-lo-que-necesitas-saber-sobre-el-solsticio-de-verano\/","title":{"rendered":"Todo lo que necesitas saber sobre el solsticio de verano"},"content":{"rendered":"<div class=\"grid-wrapper\">\n<div class=\"ng-article-main-title\">\n<div class=\"ng-article-headline\">\n<h1 class=\"ng-article-headline__title\">Te explicamos por qu\u00e9 el primer d\u00eda oficial del verano es el m\u00e1s largo del a\u00f1o en el hemisferio norte.<\/h1>\n<\/div>\n<div class=\"ng-sharekit__container\">\n<div class=\"ng-sharekit__wrapper\">\n<div class=\"ng-sharekit__contributors\">\n<div class=\"ng-sharekit__contributors--author\">Por\u00a0<span class=\"ng-sharekit--dark\">Hannah Lang y Ker Than<\/span><\/div>\n<div><\/div>\n<\/div>\n<div data-pestle-module=\"ShareKitModule\" data-pestle-options=\"{\n                  &quot;type&quot;: &quot;article&quot;,\n                  &quot;shareText&quot;: &quot;Compartir&quot;,\n                  &quot;url&quot;: &quot;\\\/ciencia\\\/todo-lo-que-necesitas-saber-sobre-el-solsticio-de-verano&quot;,\n                  &quot;tag&quot;: &quot;Ciencia&quot;,\n                  &quot;title&quot;: &quot;Todo lo que necesitas saber sobre el solsticio de verano&quot;,\n                  &quot;image&quot;: &quot;&quot;,\n                  &quot;twitterHandle&quot;: &quot;natgeoespana&quot;\n                 }\"><\/p>\n<div class=\"ng-sharekit ng-sharekit--article\" data-reactroot=\"\">\n<div class=\"ng-sharekit__default-links\">El verano nos atrae durante todo el a\u00f1o con la promesa de\u00a0<strong>refrescantes ba\u00f1os en la piscina o en el mar, riqu\u00edsimos helados y tardes de relax a la sombra<\/strong>. Para quienes viven en el hemisferio norte, la estaci\u00f3n oficial de verano empieza el 20 o 21 de junio, dependiendo de d\u00f3nde vivas,\u00a0<strong>con la llegada del solsticio de verano<\/strong>.<\/div>\n<\/div>\n<\/div>\n<\/div>\n<\/div>\n<\/div>\n<\/div>\n<div class=\"article-container\">\n<div class=\"ng-article__content\">\n<div class=\"grid-wrapper ng-article__group\">\n<div class=\"ng-article__main-col\">\n<div class=\"paragraph paragraph--type--content paragraph--view-mode--default\">\n<p>Pero, \u00bfqu\u00e9 es exactamente el solsticio?\u00a0<strong>Es el resultado de la inclinaci\u00f3n del eje norte-sur de la tierra 23,4 grados hacia el Sol<\/strong>. Esta inclinaci\u00f3n hace que cantidades diferentes de luz solar alcancen diferentes regiones del planeta durante la \u00f3rbita de la Tierra en torno al Sol.<\/p>\n<p>En el solsticio de junio,\u00a0<strong>el Polo Norte se encuentra m\u00e1s inclinado hacia el Sol<\/strong>\u00a0que durante cualquier otro d\u00eda del a\u00f1o.<\/p>\n<p>Esto significa que en el solsticio de junio, el hemisferio norte\u00a0<strong>vive el d\u00eda m\u00e1s largo y la noche m\u00e1s corta del a\u00f1o<\/strong>. En el hemisferio sur ocurre lo opuesto: junio trae el solsticio de invierno y el d\u00eda m\u00e1s corto del a\u00f1o.<\/p>\n<p>A continuaci\u00f3n, te contamos m\u00e1s datos intrigantes acerca del solsticio de verano.<\/p>\n<\/div>\n<div class=\"youtube-embed\" data-video_id=\"R1QjqQ3uCX8\"><iframe loading=\"lazy\" title=\"\u00bfQu\u00e9 es un EQUINOCCIO? \u00bfPor qu\u00e9 ocurre? | National Geographic en Espa\u00f1ol\" width=\"696\" height=\"392\" data-src=\"https:\/\/www.youtube.com\/embed\/R1QjqQ3uCX8?feature=oembed&#038;enablejsapi=1\" frameborder=\"0\" allow=\"accelerometer; autoplay; clipboard-write; encrypted-media; gyroscope; picture-in-picture; web-share\" referrerpolicy=\"strict-origin-when-cross-origin\" allowfullscreen src=\"data:image\/gif;base64,R0lGODlhAQABAAAAACH5BAEKAAEALAAAAAABAAEAAAICTAEAOw==\" class=\"lazyload\" data-load-mode=\"1\"><\/iframe><\/div>\n<div class=\"paragraph paragraph--type--content paragraph--view-mode--default\">\n<h2>M\u00e1s luz solar no implica m\u00e1s calor<\/h2>\n<p>En el solsticio de verano,\u00a0<strong>el hemisferio norte recibe m\u00e1s luz solar que en cualquier otro d\u00eda del a\u00f1o<\/strong>, pero esto no significa que el primer d\u00eda de verano sea el m\u00e1s caluroso.<\/p>\n<p><strong>La atm\u00f3sfera y el oc\u00e9ano de la Tierra act\u00faan como barrera para el calor<\/strong>, absorbiendo y reradiando los rayos solares. Aunque el planeta absorbe gran cantidad de los rayos solares en el solsticio de verano,\u00a0<strong>se necesitan varias semanas para liberar esa energ\u00eda<\/strong>. Como resultado, los d\u00edas m\u00e1s calurosos del verano normalmente coinciden\u00a0<strong>en julio o agosto<\/strong>.<\/p>\n<p>\u00abSi lo comparas con\u00a0<strong>encender un horno<\/strong>, a este le lleva bastante tiempo calentarse\u00bb, explica Robert Howell, astr\u00f3nomo de la Universidad de Wyoming. \u00ab<strong>Y despu\u00e9s de apagarlo, tarda un buen rato en enfriarse. Pasa lo mismo con la Tierra<\/strong>\u00bb.<\/p>\n<h2>La Tierra no est\u00e1 m\u00e1s cerca del Sol<\/h2>\n<p>Otra\u00a0<strong>creencia popular err\u00f3nea<\/strong><strong>es que durante el verano<\/strong>\u00a0\u2014y especialmente durante el solsticio de verano\u2014\u00a0<strong>la Tierra est\u00e1 m\u00e1s cerca del Sol<\/strong>\u00a0que durante otras \u00e9pocas del a\u00f1o, seg\u00fan explica\u00a0<a href=\"https:\/\/www.linkedin.com\/in\/mark-hammergren-34722935\">Mark Hammergren<\/a>, astr\u00f3nomo en el Planetario Adler en Chicago.<\/p>\n<p>En realidad,\u00a0<strong>la inclinaci\u00f3n de la Tierra tiene m\u00e1s influencia sobre las estaciones<\/strong>\u00a0que la distancia de nuestro planeta al Sol.<\/p>\n<p>\u00abDurante el verano del hemisferio norte, en realidad,\u00a0<strong>estamos a m\u00e1s distancia del Sol<\/strong>\u00bb, afirma Hammergren.<\/p>\n<h2>El solsticio de verano es motivo de antiguas celebraciones<\/h2>\n<p>El solsticio de verano ha sido\u00a0<strong>reconocido y celebrado por muchas culturas a lo largo y ancho del mundo<\/strong>.<\/p>\n<p>Los antiguos egipcios, por ejemplo,\u00a0<strong>construyeron las grandes pir\u00e1mides de forma que el Sol, visto desde la esfinge, se situase exactamente entre dos de las pir\u00e1mides<\/strong>en el solsticio de verano.<\/p>\n<p>La cultura inca celebraba su correspondiente solsticio de invierno con\u00a0<strong>una ceremonia llamada Inti Raymi, que inclu\u00eda ofrendas de comida y sacrificios de animales\u00a0e incluso de personas<\/strong>.<\/p>\n<p>Recientemente, los arque\u00f3logos han descubierto restos de\u00a0<strong>un observatorio astron\u00f3mico<\/strong>\u00a0en una ciudad maya enterrada en Guatemala, en la que\u00a0<strong>los edificios estaban dise\u00f1ados de modo que se alineaban con el Sol durante los solsticios<\/strong>. Durante esos d\u00edas, la poblaci\u00f3n de la ciudad se resguardaba en el observatorio para contemplar\u00a0a su rey dando \u00f3rdenes a los cielos.<\/p>\n<p>Y quiz\u00e1s el m\u00e1s famoso,\u00a0<strong>el monumento de\u00a0<a href=\"http:\/\/www.nationalgeographic.es\/viaje-y-aventuras\/stonehenge\">Stonehenge<\/a><\/strong>\u00a0en Reino Unido, ha sido asociado con los solsticios de verano e invierno\u00a0<strong>durante m\u00e1s de 5.000 a\u00f1os<\/strong>. Los observadores en el centro de estas piedras pueden contemplar el amanecer del solsticio de verano\u00a0<strong>sobre Heel Stone, que se encuentra justo en el exterior del c\u00edrculo principal<\/strong>\u00a0de Stonehenge.<\/p>\n<h2>Algunas tradiciones se mantienen vivas<\/h2>\n<p>Para muchas culturas modernas,\u00a0<strong>los solsticios y los equinoccios ya no son tan importantes<\/strong>.<\/p>\n<p>Las \u00fanicas personas que\u00a0\u00abrealmente prestan atenci\u00f3n a lo que ocurre en el exterior de forma regular\u00a0<strong>son los neopaganos y los agricultores, al menos en Estados Unidos, porque es importante para las estaciones de cultivo y de cosecha<\/strong>\u00bb, explica\u00a0Jarita Holbrook, una exastr\u00f3noma cultural de la Universidad de Arizona, en Tucson.<\/p>\n<p>\u00abEl calendario era muy importante,\u00a0mucho m\u00e1s de lo que lo es ahora\u00bb,\u00a0afirma Ricky Patterson, un astr\u00f3nomo de la universidad de Virginia.\u00a0\u00ab<strong>La gente quer\u00eda saber qu\u00e9 era lo que iba a pasar, para poder estar preparados<\/strong>\u00bb.<\/p>\n<p>Pero en la actualidad,\u00a0<strong>somos una cultura mucho m\u00e1s de interiores<\/strong>, por lo que tenemos menos conexi\u00f3n con el cielo.<\/p>\n<p>Hammergreen sostiene que\u00a0<strong>no le parece algo negativo que la importancia de los solsticios haya deca\u00eddo<\/strong>\u00a0en la sociedad moderna.<\/p>\n<p>\u00abLas culturas antiguas\u00a0 y algunas religiones modernas\u00a0<strong>prestan mucha atenci\u00f3n a algunos alineamientos naturales, y hay mucho misticismo y poderes sobrenaturales<\/strong>unidos a esto\u00bb, afirma Hammergreen.<\/p>\n<\/div>\n<\/div>\n<\/div>\n<\/div>\n<\/div>\n","protected":false},"excerpt":{"rendered":"<p>Te explicamos por qu\u00e9 el primer d\u00eda oficial del verano es el m\u00e1s largo del a\u00f1o en el hemisferio norte. Por\u00a0Hannah Lang y Ker Than El verano nos atrae durante todo el a\u00f1o con la promesa de\u00a0refrescantes ba\u00f1os en la piscina o en el mar, riqu\u00edsimos helados y tardes de relax a la sombra. Para [&hellip;]<\/p>\n","protected":false},"author":17,"featured_media":199952,"comment_status":"open","ping_status":"closed","sticky":false,"template":"","format":"standard","meta":{"footnotes":""},"categories":[14636,21],"tags":[],"class_list":{"0":"post-224430","1":"post","2":"type-post","3":"status-publish","4":"format-standard","5":"has-post-thumbnail","7":"category-actualidad","8":"category-especial-del-dia"},"_links":{"self":[{"href":"https:\/\/moonmentum.com\/blog\/wp-json\/wp\/v2\/posts\/224430","targetHints":{"allow":["GET"]}}],"collection":[{"href":"https:\/\/moonmentum.com\/blog\/wp-json\/wp\/v2\/posts"}],"about":[{"href":"https:\/\/moonmentum.com\/blog\/wp-json\/wp\/v2\/types\/post"}],"author":[{"embeddable":true,"href":"https:\/\/moonmentum.com\/blog\/wp-json\/wp\/v2\/users\/17"}],"replies":[{"embeddable":true,"href":"https:\/\/moonmentum.com\/blog\/wp-json\/wp\/v2\/comments?post=224430"}],"version-history":[{"count":0,"href":"https:\/\/moonmentum.com\/blog\/wp-json\/wp\/v2\/posts\/224430\/revisions"}],"wp:featuredmedia":[{"embeddable":true,"href":"https:\/\/moonmentum.com\/blog\/wp-json\/wp\/v2\/media\/199952"}],"wp:attachment":[{"href":"https:\/\/moonmentum.com\/blog\/wp-json\/wp\/v2\/media?parent=224430"}],"wp:term":[{"taxonomy":"category","embeddable":true,"href":"https:\/\/moonmentum.com\/blog\/wp-json\/wp\/v2\/categories?post=224430"},{"taxonomy":"post_tag","embeddable":true,"href":"https:\/\/moonmentum.com\/blog\/wp-json\/wp\/v2\/tags?post=224430"}],"curies":[{"name":"wp","href":"https:\/\/api.w.org\/{rel}","templated":true}]}}