{"id":32585,"date":"2010-08-30T00:01:59","date_gmt":"2010-08-30T04:31:59","guid":{"rendered":"http:\/\/www.moonmentum.com\/blog\/?p=32585"},"modified":"2011-05-05T12:35:15","modified_gmt":"2011-05-05T17:05:15","slug":"esfera-de-mercurio-venus-y-marte-en-el-segundo-camino","status":"publish","type":"post","link":"https:\/\/moonmentum.com\/blog\/archivo\/trece-esferas\/esfera-de-mercurio-venus-y-marte-en-el-segundo-camino\/","title":{"rendered":"Esfera de Mercurio, Venus y Marte en el Segundo camino."},"content":{"rendered":"<p><span style=\"color: #888888;\"><a href=\"http:\/\/www.moonmentum.com\/blog\/wp-content\/uploads\/2010\/08\/portada41.jpg\"><img loading=\"lazy\" decoding=\"async\" class=\"alignleft size-medium wp-image-32587 lazyload\" style=\"--smush-placeholder-width: 300px; --smush-placeholder-aspect-ratio: 300\/253;margin: 6px; border: 0pt none; float: left;\" title=\"Las 13 Esferas del Ser\" data-src=\"http:\/\/www.moonmentum.com\/blog\/wp-content\/uploads\/2010\/08\/Portada41-300x253.jpg\" alt=\"Las 13 Esferas del Ser\" width=\"300\" height=\"253\" src=\"data:image\/gif;base64,R0lGODlhAQABAAAAACH5BAEKAAEALAAAAAABAAEAAAICTAEAOw==\" \/><noscript><img loading=\"lazy\" decoding=\"async\" class=\"alignleft size-medium wp-image-32587\" style=\"margin: 6px; border: 0pt none; float: left;\" title=\"Las 13 Esferas del Ser\" src=\"http:\/\/www.moonmentum.com\/blog\/wp-content\/uploads\/2010\/08\/Portada41-300x253.jpg\" alt=\"Las 13 Esferas del Ser\" width=\"300\" height=\"253\" \/><\/noscript><\/a><\/span><span style=\"color: #888888;\"><em>\u201cNo es que a la persona le sucede un acontecimiento, sino que al acontecimiento le sucede una persona. Un individuo se encuentra con determinados acontecimientos porque los necesita para poder llegar a ser mas plenamente lo que solo es potencialmente\u201d.<\/em><\/span><\/p>\n<p style=\"padding-left: 30px;\"><span style=\"color: #888888;\">Estas palabras me marcaron para siempre, al punto que desde entonces estudio los acontecimientos como si fueran el fruto de un \u00e1rbol sembrado en el tiempo cuyas ra\u00edces son el camino que me conduce a su semilla. En esa odisea transit\u00e9 trece caminos que decid\u00ed llamar \u201cEsferas\u201d porque el tiempo no es lineal sino esf\u00e9rico.<\/span><\/p>\n<p style=\"padding-left: 30px;\"><strong>El primer camino<\/strong> me condujo a trece esferas planetarias en donde mis experiencias fueron lineales<strong>\u2026 (<a href=\"..\/stick\/las-trece-esferas-del-ser\/\">Parte 1<\/a>) (<a href=\"..\/stick\/las-trece-esferas-del-ser-parte-2\/\">Parte 2<\/a>) <\/strong><\/p>\n<p style=\"padding-left: 30px;\"><strong>El segundo camino<\/strong> me condujo a trece esferas planetarias en donde mis experiencias fueron \u00a0dimensionales\u2026 <strong> (<a href=\"..\/stick\/las-trece-esferas-del-ser-parte-3\/\">Parte 3<\/a>).<!--more--><\/strong><\/p>\n<p>3. La<strong> Esfera de Mercurio<\/strong> <strong>II<\/strong> en donde me encontr\u00e9 con el disfraz, con la m\u00e1scara y con el \u201cverbo\u201d\u2026 comprend\u00ed porque la palabra tiene tanta fuerza, supe que le dicen genios a los que se quitan la m\u00e1scara. La teor\u00eda dice que Mercurio (Hermes) es el mensajero entre los Dioses y los hombres. Mercurio es una Antena y nosotros somos Emisores o Receptores dependiendo de nuestra actitud, influye directamente en nuestros \u201csensores\u201d (Sentidos), por eso el eterno carnaval en que vivimos nos impide activarlos.<\/p>\n<p>Los recuerdos me llevaron al pensamiento Borgiano explicando como la historia bajo diferentes m\u00e1scaras \u00a0ha intentado describir a Dios.<\/p>\n<p style=\"padding-left: 30px;\"><span style=\"color: #888888;\">\u00abDios es una esfera cuyo centro est\u00e1 en todas partes y su circunferencia en ninguna\u00bb. As\u00ed reza una de las descripciones simb\u00f3licas de la esfera m\u00e1s sugestivas. Esta manera de concebir el simbolismo de la esfera se halla dispersa en el tiempo y el espacio: desde la Grecia Antigua y la Persia Medieval hasta el pensar profundo y vasto de Pascal. Ese periplo es revelaci\u00f3n de la universalidad de los s\u00edmbolos, de la aparici\u00f3n, bajo diversas m\u00e1scaras o entonaciones de ideas seminales y ancestrales en el devenir hist\u00f3rico de las culturas. En su art\u00edculo <strong>La esfera de Pascal<\/strong>, perteneciente a su volumen de ensayos <strong>Otras inquisiones<\/strong>, Borges se convierte en historiador de la constante irradiaci\u00f3n, como met\u00e1fora, como s\u00edmbolo, de aquella esfera sin circunferencia. De aquel c\u00edrculo de un centro omnipresente.<\/span><\/p>\n<p style=\"text-align: right;\"><strong>Cuenta la historia que una vez San Francisco de As\u00eds<\/strong> vio un almendro y le<br \/>\ndijo: \u00abHermano almendro, h\u00e1blame de Dios\u00bb Y el almendro floreci\u00f3&#8230;<\/p>\n<p>Dicen que una \u201cImagen vale m\u00e1s que mil palabras\u201d\u2026<\/p>\n<p>A partir de esa comprensi\u00f3n no me atrapo en conceptos, voy mas all\u00e1 de los t\u00edtulos y de los preceptos y sobretodo huyo de todos aquellos que viven pregonando lo sabios que son. En la esfera II de Mercurio se encuentran los ERUDITOS y todos aquellos que luchan por serlo.<\/p>\n<p>4. La<strong> Esfera de Venus<\/strong> <strong>II <\/strong>en donde me encontr\u00e9<strong> con otra antena\u2026 la Antena Emocional, <\/strong>en donde anidan nuestros deseos, nuestros apetitos, nuestros vicios, nuestros placeres. Descubr\u00ed que la belleza es una concepci\u00f3n mental, supe que esta esfera se relaciona directamente con nuestras gl\u00e1ndulas y al aplicar la teor\u00eda:<\/p>\n<p style=\"padding-left: 30px;\"><span style=\"color: #888888;\">\u201cEl Planeta se conecta con la Gl\u00e1ndula, est\u00e1 a su vez segrega una hormona, la cual produce una emoci\u00f3n\u201d.<\/span><\/p>\n<p style=\"padding-left: 30px;\"><span style=\"color: #888888;\">Podemos \u201csintonizar\u201d a voluntad una emoci\u00f3n que sane las que nos afectan.<\/span><\/p>\n<p style=\"padding-left: 30px;\"><span style=\"color: #888888;\">Aun permanece en m\u00ed el recuerdo vivo de la primera vez que venc\u00ed el miedo de dormir sola. Desde ni\u00f1a ten\u00eda mucho miedo a lo invisible, siempre vi cosas que los dem\u00e1s no ve\u00edan, sent\u00eda la presencia de otros seres y me acostumbre a correr, a huir, a escapar de ese mundo paralelo que me persegu\u00eda.<\/span><\/p>\n<p><span style=\"color: #888888;\">Conoc\u00ed a un maestro de esos que \u201cmarcan\u201d para siempre, un maestro que sin saberlo iba a cambiar el rumbo de mi vida. El se sorprendi\u00f3 al saber de mis miedos y me dijo:<\/span><\/p>\n<p style=\"padding-left: 60px;\"><span style=\"color: #888888;\"><em>El miedo existe mientras no tiene rostro, y colocando un espejo frente a mi dijo: ese el rostro de tu miedo. Tienes que avanzar m\u00e1s all\u00e1 del espejo (reflejo, proyecci\u00f3n) y encontraras la liberaci\u00f3n<\/em>. Esa noche decid\u00ed dormir sola, encend\u00ed la luz para que me hiciera compa\u00f1\u00eda, cuando en realidad era un testigo mudo de mi cobard\u00eda, logr\u00e9 dormir toda la noche, sabiendo muy dentro de m\u00ed que aun no hab\u00eda logrado la liberaci\u00f3n (<strong>Esfera III<\/strong>).<\/span><\/p>\n<p>5. La<strong> Esfera de Marte<\/strong> <strong>II <\/strong>en donde me encontr\u00e9<strong> con la ENERGIA, <\/strong>mientras escrib\u00eda la palabra ENERGIA, un escalofri\u00f3 recorri\u00f3 mi cuerpo hasta estremecer mis entra\u00f1as record\u00e1ndome sin lugar a dudas que este es un \u201cLibro Vivo\u201d\u2026<\/p>\n<p><strong>Pr\u00f3xima entrega:<\/strong> Lunes 06 de Septiembre, en donde dar\u00e9 fragmentos de la esfera de Marte, J\u00fapiter y Saturno en el segundo camino.<\/p>\n","protected":false},"excerpt":{"rendered":"<p>\u201cNo es que a la persona le sucede un acontecimiento, sino que al acontecimiento le sucede una persona. Un individuo se encuentra con determinados acontecimientos porque los necesita para poder llegar a ser mas plenamente lo que solo es potencialmente\u201d. Estas palabras me marcaron para siempre, al punto que desde entonces estudio los acontecimientos como [&hellip;]<\/p>\n","protected":false},"author":3,"featured_media":32587,"comment_status":"open","ping_status":"closed","sticky":false,"template":"","format":"standard","meta":{"footnotes":""},"categories":[8152],"tags":[585,6576,6577,6128,6575,6574,343,593,496],"class_list":{"0":"post-32585","1":"post","2":"type-post","3":"status-publish","4":"format-standard","5":"has-post-thumbnail","7":"category-trece-esferas","8":"tag-astrologia","9":"tag-esfera-de-mercurio","10":"tag-esfera-de-venus","11":"tag-fragmentos-de-vida","12":"tag-las-trece-esferas-del-ser","13":"tag-libro-las-trece-esferas-del-ser","14":"tag-lourdes-mendez","15":"tag-luna","16":"tag-sol"},"_links":{"self":[{"href":"https:\/\/moonmentum.com\/blog\/wp-json\/wp\/v2\/posts\/32585","targetHints":{"allow":["GET"]}}],"collection":[{"href":"https:\/\/moonmentum.com\/blog\/wp-json\/wp\/v2\/posts"}],"about":[{"href":"https:\/\/moonmentum.com\/blog\/wp-json\/wp\/v2\/types\/post"}],"author":[{"embeddable":true,"href":"https:\/\/moonmentum.com\/blog\/wp-json\/wp\/v2\/users\/3"}],"replies":[{"embeddable":true,"href":"https:\/\/moonmentum.com\/blog\/wp-json\/wp\/v2\/comments?post=32585"}],"version-history":[{"count":0,"href":"https:\/\/moonmentum.com\/blog\/wp-json\/wp\/v2\/posts\/32585\/revisions"}],"wp:featuredmedia":[{"embeddable":true,"href":"https:\/\/moonmentum.com\/blog\/wp-json\/wp\/v2\/media\/32587"}],"wp:attachment":[{"href":"https:\/\/moonmentum.com\/blog\/wp-json\/wp\/v2\/media?parent=32585"}],"wp:term":[{"taxonomy":"category","embeddable":true,"href":"https:\/\/moonmentum.com\/blog\/wp-json\/wp\/v2\/categories?post=32585"},{"taxonomy":"post_tag","embeddable":true,"href":"https:\/\/moonmentum.com\/blog\/wp-json\/wp\/v2\/tags?post=32585"}],"curies":[{"name":"wp","href":"https:\/\/api.w.org\/{rel}","templated":true}]}}