{"id":35506,"date":"2010-10-18T00:11:46","date_gmt":"2010-10-18T04:41:46","guid":{"rendered":"http:\/\/www.moonmentum.com\/blog\/?p=35506"},"modified":"2011-05-05T12:08:23","modified_gmt":"2011-05-05T16:38:23","slug":"esfera-de-la-luna-en-el-tercer-camino","status":"publish","type":"post","link":"https:\/\/moonmentum.com\/blog\/archivo\/trece-esferas\/esfera-de-la-luna-en-el-tercer-camino\/","title":{"rendered":"Esfera de la Luna en el Tercer camino."},"content":{"rendered":"<p><span style=\"font-size: medium;\"><strong><a href=\"http:\/\/www.moonmentum.com\/blog\/wp-content\/uploads\/2010\/10\/portada-4.jpg\"><img loading=\"lazy\" decoding=\"async\" class=\"alignleft size-medium wp-image-35507 lazyload\" style=\"--smush-placeholder-width: 300px; --smush-placeholder-aspect-ratio: 300\/282;float: left; margin: 6px; border: 0pt none;\" title=\"Las Trece Esferas del Ser\" data-src=\"http:\/\/www.moonmentum.com\/blog\/wp-content\/uploads\/2010\/10\/Portada-4-300x282.jpg\" alt=\"Las Trece Esferas del Ser\" width=\"300\" height=\"282\" src=\"data:image\/gif;base64,R0lGODlhAQABAAAAACH5BAEKAAEALAAAAAABAAEAAAICTAEAOw==\" \/><noscript><img loading=\"lazy\" decoding=\"async\" class=\"alignleft size-medium wp-image-35507\" style=\"float: left; margin: 6px; border: 0pt none;\" title=\"Las Trece Esferas del Ser\" src=\"http:\/\/www.moonmentum.com\/blog\/wp-content\/uploads\/2010\/10\/Portada-4-300x282.jpg\" alt=\"Las Trece Esferas del Ser\" width=\"300\" height=\"282\" \/><\/noscript><\/a><span style=\"font-size: small;\">Tercer Camino<\/span><\/strong><\/span><\/p>\n<p><span style=\"color: #888888;\"><strong>2. <\/strong>La <strong>Esfera de la Luna en el \u201cTercer camino\u201d<\/strong><\/span><\/p>\n<p><span style=\"color: #888888;\"><strong>En la Esfera I<\/strong><strong> de la Luna<\/strong> en donde me encontr\u00e9 con mis miedos, con mis fantasmas, en donde comprend\u00ed que solamente cuando fui madre fue que recupere mi esencia. Durante mi embarazo pase meses en absoluto reposo, meses en los que aprend\u00ed a sentir en mi cuerpo, a ese peque\u00f1o ser, producto de un gran amor y un a\u00fan m\u00e1s grande deseo. Aqu\u00ed el amor ya no era pantanoso sino sensorial. Tres veces le devolv\u00ed la vida, mis vivencias durante esos meses me dieron el regalo de la plenitud que desde entonces me acompa\u00f1a aunque la vida me haya dado tantas lecciones para arrebat\u00e1rmela.<\/span><\/p>\n<p><span style=\"color: #888888;\"><strong>En la Esfera<\/strong> <strong>II<\/strong> <strong> de la Luna<\/strong> me encontr\u00e9 a m\u00ed misma, comprend\u00ed vivencialmente las palabras de Garc\u00eda M\u00e1rquez cuando dijo:<\/span><\/p>\n<p><span style=\"color: #888888;\"><em>\u201cLos seres humanos no nacen para siempre el d\u00eda en que sus madres los alumbran, sino que la vida los obliga a parirse a s\u00ed mismos una y otra vez\u201d.<\/em><\/span><\/p>\n<p><span style=\"color: #888888;\"><strong>En la Esfera Lunar I, nosotros \u201cparimos\u201d o somos \u201cparidos\u201d.<\/strong><\/span><\/p>\n<p><span style=\"color: #888888;\"><strong>En la Esfera Lunar II hay un nacimiento \u201csimb\u00f3lico\u201d <\/strong>producto de nuestra comprensi\u00f3n, no s\u00f3lo en el campo emocional sino existencial. En esta esfera aparece la conciencia de nuestros ANCESTROS en donde todo nuestro \u00e1rbol vive dentro de nosotros y se alimenta de nuestra vivencia. Ese es el camino para nuestro <\/span><strong><span style=\"color: #888888;\">\u201cParto\u201d (Esfera Lunar III).<\/span><!--more--><\/strong><\/p>\n<p><strong>Esfera<\/strong> <strong>III<\/strong> de la Luna<sup class='footnote'><a href='#fn-35506-1' id='fnref-35506-1' onclick='return fdfootnote_show(35506)'>1<\/a><\/sup>.<\/p>\n<p><strong>En la <a href=\"..\/stick\/las-trece-esferas-del-ser-parte-7\/\">Entrega 7 <\/a> te hable de 3 verdades (individual, colectiva y universal) y tres realidades<\/strong> de las que la sociedad de consumo no nos ha podido desconectar:<\/p>\n<p>Una de ellas es la <strong>Concepci\u00f3n<\/strong>\u2026 concepto que finalice con la siguiente interrogante:<\/p>\n<p><span style=\"color: #888888;\"><em>\u201c\u00bfSi el ser humano no se origina al momento de nacer, porque no se elige m\u00e1s bien como punto de partida de la horoscop\u00eda el momento de la fecundaci\u00f3n?\u201d<\/em><\/span><\/p>\n<p style=\"padding-left: 30px;\"><span style=\"color: #888888;\"><em>Me remonto al a\u00f1o 1981 cuando conceb\u00ed a mi hijo, ya hab\u00eda sufrido una perdida y mi esposo no quer\u00eda que pasara por el mismo dolor, insist\u00eda en viajar para as\u00ed sustituir mi deseo de ser madre por lo que \u00e9l consideraba era uno de los mayores deseos del ser humano. Estando en New York una noche que nunca olvidare yo le dije que hab\u00eda concebido a nuestro hijo. El sonri\u00f3 mir\u00e1ndome como si fuera una ni\u00f1a hablando de <\/em><em>\u201cSanta\u201d, sonrisa que desapareci\u00f3 de sus labios cuando semanas despu\u00e9s me acompa\u00f1\u00f3 a realizar la prueba de embarazo, vale decir a su favor que los chances de que yo estuviera embarazada eran pr\u00e1cticamente nulos porque mi menstruaci\u00f3n no hab\u00eda desaparecido y yo insist\u00eda en que estaba embarazada.<\/em><\/span><\/p>\n<p style=\"padding-left: 30px;\"><span style=\"color: #888888;\"><em>El resultado fue \u201c<strong>POSITIVO<\/strong>\u201d.<\/em><\/span><\/p>\n<p style=\"padding-left: 30px;\"><em><span style=\"color: #888888;\">A\u00f1os despu\u00e9s cuando conoc\u00ed a<\/span> <\/em><em><strong><a href=\"..\/codex\/en-agradecimiento-a-mi-mentor-alexander-marr\/\">Alexander Marr<\/a><\/strong><\/em><span style=\"color: #888888;\"><em><strong>, <\/strong><\/em><em>una de mis mayores interrogantes era saber a trav\u00e9s del \u201cEpoch\u201d la fecha de concepci\u00f3n de mi hijo que para ese entonces era casi un adolescente, mi sorpresa fue muy grande cuando al cabo de dos d\u00edas de c\u00e1lculos matem\u00e1ticos la fecha de concepci\u00f3n resulto ser la misma que tenia anotada en mi viejo diario que fung\u00eda de \u201cAgenda\u201d en donde siempre documente los eventos, circunstancias y personas en mi vida. Mi sorpresa se transform\u00f3 en ASOMBRO cuando al leer en mi viejo diario, escrito con mi pu\u00f1o y letra estaba la misma hora que Alexander Marr me hab\u00eda dado. Corr\u00ed a buscarle para mostrarle mi diario y por vez primera el se olvido de su postura y rigidez para entregarse a la euforia de un momento irrepetible. <\/em><\/span><\/p>\n<p>Mi hijo sabia cuanto deseaba yo ser madre y el salto cu\u00e1ntico que dio en mi vientre en el instante de su concepci\u00f3n aun lo siento en el recuerdo vivo de aquel m\u00e1gico momento.<\/p>\n<p style=\"padding-left: 30px;\"><span style=\"color: #888888;\"><em>\u00bfA qu\u00e9 se parece?<\/em><\/span><\/p>\n<p style=\"padding-left: 30px;\"><span style=\"color: #888888;\"><em>Al salto de un delf\u00edn mientras marca su territorio.<\/em><\/span><\/p>\n<p>A partir de esa experiencia supe que los libros son s\u00f3lo un \u201cPortal\u201d que el verdadero saber yace en nuestras vivencias, es por eso que siempre insisto en la \u201cPRESENCIA\u201d\u2026 sin ella se nos escapa d\u00eda a d\u00eda la magia de la vida.<\/p>\n<p><span style=\"color: #000000;\">Te invito a hacer el siguiente ejercicio:<\/span><\/p>\n<ul>\n<li><span style=\"color: #888888;\">Respira profunda y r\u00edtmicamente hasta que logres un suspiro.<\/span><\/li>\n<li><span style=\"color: #888888;\">Con los ojos cerrados coloca tu mano izquierda sobre tu zona umbilical, inmediatamente colocas la derecha como si abrazaras el punto de origen de tu primera respiraci\u00f3n.<\/span><\/li>\n<li><span style=\"color: #888888;\">Sonr\u00ede, respira r\u00edtmicamente y visualiza con los ojos cerrados el lugar en donde te encuentras.<\/span><\/li>\n<li><span style=\"color: #888888;\">Ahora vas a ir hacia atr\u00e1s en el tiempo a tu ritmo 1 a\u00f1o, 5 a\u00f1os, 10 a\u00f1os hasta llegar a tu adolescencia, deja que los recuerdos fluyan libremente\u2026 luego tu ni\u00f1ez\u2026 luego poco a poco logra visualizar el momento de tu nacimiento, cuando cortan el cord\u00f3n umbilical que te un\u00eda a tu madre\u2026 a trav\u00e9s de \u00e9l permite que la energ\u00eda sane cualquier herida, ese cord\u00f3n de plata\u00a0 tendr\u00e1 existencia mientras cualquiera de los dos exista. No permitas que tu sonrisa desaparezca, respira y agradece ese m\u00e1gico momento en el que llegaste a este mundo. Mentalmente abraza a tu madre y permite que ella te abrace.<\/span><\/li>\n<li><span style=\"color: #888888;\">Ahora vas a continuar retrocediendo lentamente hasta visualizar el momento en el que fuiste concebido (a). sigue respirando acompasadamente con un sentimiento de gratitud por el reto que acabas de alcanzar. <\/span><\/li>\n<li><span style=\"color: #888888;\">Lentamente muy lentamente regresa al espacio-tiempo que ocupas en tu vida, respira profundamente, abr\u00e1zate mientras dejas caer tu cabeza sobre tu pecho y deja fluir tus emociones.<\/span><\/li>\n<\/ul>\n<p><strong>Pr\u00f3xima entrega:<\/strong> Lunes 25 de octubre, en donde dar\u00e9 fragmentos de la esfera de Mercurio y Venus en el tercer camino.<\/p>\n<div class='footnotes' id='footnotes-35506'>\n<div class='footnotedivider'><\/div>\n<ol>\n<li id='fn-35506-1'> Yo soy hija de la Luna porque pertenezco al signo de C\u00e1ncer y por si  fuera poco tengo la Luna en C\u00e1ncer. <span class='footnotereverse'><a href='#fnref-35506-1'>&#8617;<\/a><\/span><\/li>\n<\/ol>\n<\/div>\n","protected":false},"excerpt":{"rendered":"<p>Tercer Camino 2. La Esfera de la Luna en el \u201cTercer camino\u201d En la Esfera I de la Luna en donde me encontr\u00e9 con mis miedos, con mis fantasmas, en donde comprend\u00ed que solamente cuando fui madre fue que recupere mi esencia. Durante mi embarazo pase meses en absoluto reposo, meses en los que aprend\u00ed [&hellip;]<\/p>\n","protected":false},"author":3,"featured_media":35507,"comment_status":"open","ping_status":"closed","sticky":false,"template":"","format":"standard","meta":{"footnotes":""},"categories":[8152],"tags":[1719,7489,6128,6575,6954],"class_list":{"0":"post-35506","1":"post","2":"type-post","3":"status-publish","4":"format-standard","5":"has-post-thumbnail","7":"category-trece-esferas","8":"tag-astrologa-lourdes-mendez","9":"tag-entrega-11","10":"tag-fragmentos-de-vida","11":"tag-las-trece-esferas-del-ser","12":"tag-libro-lourdes-mendez"},"_links":{"self":[{"href":"https:\/\/moonmentum.com\/blog\/wp-json\/wp\/v2\/posts\/35506","targetHints":{"allow":["GET"]}}],"collection":[{"href":"https:\/\/moonmentum.com\/blog\/wp-json\/wp\/v2\/posts"}],"about":[{"href":"https:\/\/moonmentum.com\/blog\/wp-json\/wp\/v2\/types\/post"}],"author":[{"embeddable":true,"href":"https:\/\/moonmentum.com\/blog\/wp-json\/wp\/v2\/users\/3"}],"replies":[{"embeddable":true,"href":"https:\/\/moonmentum.com\/blog\/wp-json\/wp\/v2\/comments?post=35506"}],"version-history":[{"count":0,"href":"https:\/\/moonmentum.com\/blog\/wp-json\/wp\/v2\/posts\/35506\/revisions"}],"wp:featuredmedia":[{"embeddable":true,"href":"https:\/\/moonmentum.com\/blog\/wp-json\/wp\/v2\/media\/35507"}],"wp:attachment":[{"href":"https:\/\/moonmentum.com\/blog\/wp-json\/wp\/v2\/media?parent=35506"}],"wp:term":[{"taxonomy":"category","embeddable":true,"href":"https:\/\/moonmentum.com\/blog\/wp-json\/wp\/v2\/categories?post=35506"},{"taxonomy":"post_tag","embeddable":true,"href":"https:\/\/moonmentum.com\/blog\/wp-json\/wp\/v2\/tags?post=35506"}],"curies":[{"name":"wp","href":"https:\/\/api.w.org\/{rel}","templated":true}]}}