{"id":38422,"date":"2011-12-01T00:08:54","date_gmt":"2011-12-01T04:38:54","guid":{"rendered":"http:\/\/www.moonmentum.com\/blog\/?p=38422"},"modified":"2011-11-30T09:55:53","modified_gmt":"2011-11-30T14:25:53","slug":"diciembre","status":"publish","type":"post","link":"https:\/\/moonmentum.com\/blog\/archivo\/pulso-del-tiempo\/diciembre\/","title":{"rendered":"Diciembre"},"content":{"rendered":"<p><strong><a href=\"http:\/\/www.moonmentum.com\/blog\/wp-content\/uploads\/2010\/12\/a31c267843c48cc09e5d29e550fa3fbd.jpg\"><img loading=\"lazy\" decoding=\"async\" class=\"alignleft size-medium wp-image-38444 lazyload\" style=\"--smush-placeholder-width: 300px; --smush-placeholder-aspect-ratio: 300\/200;border: 0pt none; margin: 6px; float: left;\" title=\"diciembre\" data-src=\"http:\/\/www.moonmentum.com\/blog\/wp-content\/uploads\/2010\/12\/a31c267843c48cc09e5d29e550fa3fbd-300x200.jpg\" alt=\"diciembre\" width=\"300\" height=\"200\" src=\"data:image\/gif;base64,R0lGODlhAQABAAAAACH5BAEKAAEALAAAAAABAAEAAAICTAEAOw==\" \/><noscript><img loading=\"lazy\" decoding=\"async\" class=\"alignleft size-medium wp-image-38444\" style=\"border: 0pt none; margin: 6px; float: left;\" title=\"diciembre\" src=\"http:\/\/www.moonmentum.com\/blog\/wp-content\/uploads\/2010\/12\/a31c267843c48cc09e5d29e550fa3fbd-300x200.jpg\" alt=\"diciembre\" width=\"300\" height=\"200\" \/><\/noscript><\/a>Diciembre<\/strong>. Su nombre deriva de haber sido el d\u00e9cimo mes del calendario romano. Es el duod\u00e9cimo y \u00faltimo mes del a\u00f1o de acuerdo al calendario Gregoriano, el cual es usado en casi todo el mundo hoy d\u00eda. En el antiguo calendario Romano era el d\u00e9cimo mes y saca su nombre de la palabra en Lat\u00edn \u00abdecem\u00bb, que significa diez.<\/p>\n<p>Se convirti\u00f3 en el duod\u00e9cimo mes en un calendario Romano hecho m\u00e1s tarde. En el a\u00f1o 46 B.C., el estadista Julio C\u00e9sar le a\u00f1adi\u00f3 dos d\u00edas a Diciembre, el cual antes ten\u00eda 29 d\u00edas. En la mitad norte\u00f1a del mundo, el Invierno comienza en Diciembre. Alguna gente lo llama \u00abel mes escarchado\u00bb. Pero el invierno no comienza hasta Diciembre 21 o 22, y la mayor parte del mes es por lo regular m\u00e1s c\u00e1lida que otros meses de invierno.<!--more--><\/p>\n<p>En el primer d\u00eda de invierno, el sol alcanza el solsticio cuando aparenta haberse ido m\u00e1s hacia el sur. En el Hemisferio Norte, es el d\u00eda m\u00e1s corto del a\u00f1o. Pero es el m\u00e1s largo en la mitad meridional del mundo. La \u00faltima parte de Diciembre ha sido por mucho tiempo una temporada de fiestas. Los Romanos honraban a Saturno, el dios de la agricultura, con un festival llamado <strong>Saturnalia<\/strong>. Hoy d\u00eda, la Navidad es la fiesta principal del mes en muchos pa\u00edses. Los Cristianos lo celebran como el nacimiento de Jesucristo.<\/p>\n<p><strong>Septiembre, Octubre, Noviembre y Diciembre: <\/strong>los nombres de estos cuatro meses derivan de las palabras latinas \u00abseptem\u00bb, \u00abocto\u00bb, \u00abnove\u00bb y \u00abdecem\u00bb; es decir, el s\u00e9ptimo, el octavo, el noveno y el d\u00e9cimo mes del primitivo calendario romano.<strong> <\/strong><\/p>\n<p><strong>Foto:<\/strong> fondospantallagratis.com<\/p>\n","protected":false},"excerpt":{"rendered":"<p>Diciembre. Su nombre deriva de haber sido el d\u00e9cimo mes del calendario romano. Es el duod\u00e9cimo y \u00faltimo mes del a\u00f1o de acuerdo al calendario Gregoriano, el cual es usado en casi todo el mundo hoy d\u00eda. En el antiguo calendario Romano era el d\u00e9cimo mes y saca su nombre de la palabra en Lat\u00edn [&hellip;]<\/p>\n","protected":false},"author":3,"featured_media":38438,"comment_status":"open","ping_status":"closed","sticky":false,"template":"","format":"standard","meta":{"footnotes":""},"categories":[14],"tags":[1270,17193,343,1428,481,17184],"class_list":{"0":"post-38422","1":"post","2":"type-post","3":"status-publish","4":"format-standard","5":"has-post-thumbnail","7":"category-pulso-del-tiempo","8":"tag-diciembre","9":"tag-efemerides","10":"tag-lourdes-mendez","11":"tag-mes-de-diciembre","12":"tag-semilla","13":"tag-semilla-de-la-semana"},"_links":{"self":[{"href":"https:\/\/moonmentum.com\/blog\/wp-json\/wp\/v2\/posts\/38422","targetHints":{"allow":["GET"]}}],"collection":[{"href":"https:\/\/moonmentum.com\/blog\/wp-json\/wp\/v2\/posts"}],"about":[{"href":"https:\/\/moonmentum.com\/blog\/wp-json\/wp\/v2\/types\/post"}],"author":[{"embeddable":true,"href":"https:\/\/moonmentum.com\/blog\/wp-json\/wp\/v2\/users\/3"}],"replies":[{"embeddable":true,"href":"https:\/\/moonmentum.com\/blog\/wp-json\/wp\/v2\/comments?post=38422"}],"version-history":[{"count":0,"href":"https:\/\/moonmentum.com\/blog\/wp-json\/wp\/v2\/posts\/38422\/revisions"}],"wp:featuredmedia":[{"embeddable":true,"href":"https:\/\/moonmentum.com\/blog\/wp-json\/wp\/v2\/media\/38438"}],"wp:attachment":[{"href":"https:\/\/moonmentum.com\/blog\/wp-json\/wp\/v2\/media?parent=38422"}],"wp:term":[{"taxonomy":"category","embeddable":true,"href":"https:\/\/moonmentum.com\/blog\/wp-json\/wp\/v2\/categories?post=38422"},{"taxonomy":"post_tag","embeddable":true,"href":"https:\/\/moonmentum.com\/blog\/wp-json\/wp\/v2\/tags?post=38422"}],"curies":[{"name":"wp","href":"https:\/\/api.w.org\/{rel}","templated":true}]}}