{"id":39013,"date":"2010-12-20T00:01:06","date_gmt":"2010-12-20T04:31:06","guid":{"rendered":"http:\/\/www.moonmentum.com\/blog\/?p=39013"},"modified":"2011-05-05T11:50:39","modified_gmt":"2011-05-05T16:20:39","slug":"esfera-de-quiron-en-el-tercer-camino","status":"publish","type":"post","link":"https:\/\/moonmentum.com\/blog\/archivo\/trece-esferas\/esfera-de-quiron-en-el-tercer-camino\/","title":{"rendered":"Esfera de Quir\u00f3n en el Tercer camino."},"content":{"rendered":"<p><strong><a href=\"http:\/\/www.moonmentum.com\/blog\/wp-content\/uploads\/2010\/12\/portada-3.jpg\"><img loading=\"lazy\" decoding=\"async\" class=\"alignleft size-medium wp-image-39014 lazyload\" style=\"--smush-placeholder-width: 300px; --smush-placeholder-aspect-ratio: 300\/254;float: left; margin: 6px; border: 0pt none;\" title=\"Las trece esferas del ser\" data-src=\"http:\/\/www.moonmentum.com\/blog\/wp-content\/uploads\/2010\/12\/portada-3-300x254.jpg\" alt=\"Las trece esferas del ser\" width=\"300\" height=\"254\" src=\"data:image\/gif;base64,R0lGODlhAQABAAAAACH5BAEKAAEALAAAAAABAAEAAAICTAEAOw==\" \/><noscript><img loading=\"lazy\" decoding=\"async\" class=\"alignleft size-medium wp-image-39014\" style=\"float: left; margin: 6px; border: 0pt none;\" title=\"Las trece esferas del ser\" src=\"http:\/\/www.moonmentum.com\/blog\/wp-content\/uploads\/2010\/12\/portada-3-300x254.jpg\" alt=\"Las trece esferas del ser\" width=\"300\" height=\"254\" \/><\/noscript><\/a>Tercer Camino<\/strong><\/p>\n<p>La <strong>Esfera de Quir\u00f3n<strong><sup class='footnote'><a href='#fn-39013-1' id='fnref-39013-1' onclick='return fdfootnote_show(39013)'>1<\/a><\/sup><\/strong> en el \u201cTercer camino\u201d.<\/strong><\/p>\n<p>Esfera de la inmortalidad\u2026 punto de encuentro entre lo mortal y lo inmortal.<\/p>\n<p><strong>En la<\/strong><strong> <\/strong><a href=\"..\/stick\/stick\/stick\/las-trece-esferas-del-ser-parte-2\/\"><strong>Esfera I<\/strong><\/a><strong> <\/strong><strong>de Quir\u00f3n <\/strong>habitan los tres mientos.<\/p>\n<p><strong>En la <a href=\"\/blog\/?p=34701\">Esfera II<\/a> de Quir\u00f3n habita el libre albedr\u00edo.<\/strong><\/p>\n<p><strong>En el primer camino <\/strong>Quir\u00f3n nos suelta en un laberinto emocional. <strong>En el segundo camino <\/strong>nos sana por libre albedr\u00edo. <strong>En el tercer camino<\/strong> nos concientiza de nuestra mortalidad\u2026<span style=\"color: #888888;\"><!--more--><\/span><\/p>\n<blockquote><p><span style=\"color: #888888;\"> Quir\u00f3n simboliza el \u00abproceso del descubrimiento personal\u00bb, aprendiendo a confiar en nuestro maestro interior. Como paso previo a la curaci\u00f3n, exige reconocer y admitir conscientemente el origen de nuestro sufrimiento.<\/span><\/p>\n<p><span style=\"color: #888888;\"> Resulta curioso pero la ra\u00edz de la palabra Quir\u00f3fano viene de Quir\u00f3n (Kir\u00f3n, Chir\u00f3n), el que cura con las manos, aquel que se hace cargo del dolor de otro e invita a la b\u00fasqueda de la sabidur\u00eda que contiene el dolor.<\/span><\/p><\/blockquote>\n<p><strong> <\/strong><\/p>\n<p><strong>El agradecimiento es su ant\u00eddoto\u2026 s\u00f3lo lo recibes a trav\u00e9s de vibraci\u00f3n porque tiene que ser real.<\/strong><\/p>\n<p><strong>Mi encuentro con Quir\u00f3n \u00a0en el tercer camino<\/strong>.<\/p>\n<p>Vuelvo nuevamente a mi sue\u00f1o <a href=\"\/blog\/?p=34701\"><strong>Esfera II <\/strong><\/a><em>ese sue\u00f1o fue el parto de mi compromiso existencial. <\/em><\/p>\n<p>El compromiso es una interpretaci\u00f3n que hacemos de nuestra manera de estar presentes.<\/p>\n<p>El compromiso genera la energ\u00eda que permite convertir en realidad un sue\u00f1o.<\/p>\n<p>El compromiso genera poder, responsabilidad y confianza.<\/p>\n<p>El compromiso es el espacio donde colocamos nuestra atenci\u00f3n y energ\u00eda.<\/p>\n<p>Si estamos verdaderamente comprometidos nuestros resultados ser\u00e1n <strong>caminos<\/strong>, por donde otros podr\u00e1n transitar.<\/p>\n<blockquote><p><em>Una peque\u00f1a Oruga caminaba un d\u00eda en direcci\u00f3n al sol. Muy cerca del camino se encontraba un saltamontes. <\/em><\/p>\n<p><em>\u00bfHacia d\u00f3nde te diriges? Le pregunt\u00f3 sin dejar de caminar, <\/em><\/p>\n<p><em>La oruga\u00a0 contest\u00f3: Tuve un sue\u00f1o anoche: so\u00f1\u00e9 que desde la punta de la gran monta\u00f1a yo miraba todo el valle. Me gust\u00f3 lo que vi en mi sue\u00f1o y he decidido realizarlo.<\/em><\/p>\n<p><em>Sorprendido, el saltamontes dijo mientras su amigo se alejaba; \u00a1debes estar loco!, \u00bfc\u00f3mo podr\u00e1s llegar a aquel lugar?, \u00bfT\u00fa?, \u00a1una simple oruga! Una piedra ser\u00e1 una monta\u00f1a, un peque\u00f1o charco un mar y cualquier tronco una barrera infranqueable.<\/em><\/p>\n<p><em>Pero el gusanito ya estaba lejos y no lo escuch\u00f3, su diminuto cuerpo no dej\u00f3 de moverse.<\/em><\/p>\n<p><em> De pronto se oy\u00f3 la voz de un escarabajo: \u00bfHacia d\u00f3nde te diriges con tanto empe\u00f1o? <\/em><\/p>\n<p><em>Sudando ya el gusanito, le dijo jadeante: Tuve un sue\u00f1o y deseo realizarlo, subir a esa monta\u00f1a y desde ah\u00ed contemplar todo nuestro mundo.<\/em><\/p>\n<p><em>El escarabajo no pudo soportar la risa, solt\u00f3 la carcajada y luego dijo: Ni yo, con patas tan grandes, intentar\u00eda realizar algo tan ambicioso y se qued\u00f3 en el suelo tumbado de la risa mientras la oruga continu\u00f3 su camino, habiendo avanzado ya unos cuantos cent\u00edmetros.<\/em><\/p>\n<p><em>Del mismo modo, la ara\u00f1a, el topo, la rana y la flor le aconsejaron a nuestro amigo a desistir, \u00a1No lo lograr\u00e1s jam\u00e1s! Le dijeron, pero en su interior hab\u00eda un impulso que lo obligaba a seguir. Ya agotado, sin fuerzas y a punto de morir , decidi\u00f3 parar a descansar y construir con su \u00faltimo esfuerzo un lugar donde pernoctar. \u00ab\u00bfEstar\u00e1 mejor?\u00bb, fue lo \u00faltimo que dijo y muri\u00f3.<\/em><\/p>\n<p><em>Todos los animales del valle fueron a mirar sus restos, ah\u00ed estaba el animal m\u00e1s loco del pueblo, hab\u00eda construido como su tumba un monumento a la insensatez, ah\u00ed estaba un duro refugio, digno de uno que muri\u00f3 por querer realizar un sue\u00f1o irrealizable.<\/em><\/p>\n<p><em>Una ma\u00f1ana en la que el sol brillaba de una manera especial, todos los animales se congregaron en torno a aquello que se hab\u00eda convertido en una advertencia para los atrevidos. De pronto quedaron at\u00f3nitos, aquella concha dura comenz\u00f3 a quebrarse y con asombro vieron unos ojos y una antena que no pod\u00eda ser la de la oruga que cre\u00edan muerta, poco a poco, como para darles tiempo de reponerse del impacto, fueron saliendo las hermosas alas de arco iris de aquel impresionante ser que ten\u00edan frente a ellos: una mariposa, no hubo nada que decir, todos sab\u00edan lo que har\u00eda, se ir\u00eda volando hasta la gran monta\u00f1a y realizar\u00eda su sue\u00f1o, el sue\u00f1o por el que hab\u00eda vivido, por el que hab\u00eda muerto y por el que hab\u00eda vuelto a vivir, todos se hab\u00edan equivocado.<\/em><em> <\/em><\/p><\/blockquote>\n<p><strong>Pr\u00f3xima entrega:<\/strong> Lunes 27 de Diciembre, en donde dar\u00e9 fragmentos de La<strong> <\/strong><strong>Esfera del Nodo Lunar en el Tercer Camino.<\/strong><\/p>\n<div class='footnotes' id='footnotes-39013'>\n<div class='footnotedivider'><\/div>\n<ol>\n<li id='fn-39013-1'> 11 <span class='footnotereverse'><a href='#fnref-39013-1'>&#8617;<\/a><\/span><\/li>\n<\/ol>\n<\/div>\n","protected":false},"excerpt":{"rendered":"<p>Tercer Camino La Esfera de Quir\u00f3n1 en el \u201cTercer camino\u201d. Esfera de la inmortalidad\u2026 punto de encuentro entre lo mortal y lo inmortal. En la Esfera I de Quir\u00f3n habitan los tres mientos. En la Esfera II de Quir\u00f3n habita el libre albedr\u00edo. En el primer camino Quir\u00f3n nos suelta en un laberinto emocional. En [&hellip;]<\/p>\n","protected":false},"author":3,"featured_media":39014,"comment_status":"open","ping_status":"closed","sticky":false,"template":"","format":"standard","meta":{"footnotes":""},"categories":[8152],"tags":[8199,960,6575,5048,8200,1363],"class_list":{"0":"post-39013","1":"post","2":"type-post","3":"status-publish","4":"format-standard","5":"has-post-thumbnail","7":"category-trece-esferas","8":"tag-esfera-de-quiron","9":"tag-kiron","10":"tag-las-trece-esferas-del-ser","11":"tag-libro","12":"tag-libro-astrologico","13":"tag-lourdes-mendez-astrologa"},"_links":{"self":[{"href":"https:\/\/moonmentum.com\/blog\/wp-json\/wp\/v2\/posts\/39013","targetHints":{"allow":["GET"]}}],"collection":[{"href":"https:\/\/moonmentum.com\/blog\/wp-json\/wp\/v2\/posts"}],"about":[{"href":"https:\/\/moonmentum.com\/blog\/wp-json\/wp\/v2\/types\/post"}],"author":[{"embeddable":true,"href":"https:\/\/moonmentum.com\/blog\/wp-json\/wp\/v2\/users\/3"}],"replies":[{"embeddable":true,"href":"https:\/\/moonmentum.com\/blog\/wp-json\/wp\/v2\/comments?post=39013"}],"version-history":[{"count":0,"href":"https:\/\/moonmentum.com\/blog\/wp-json\/wp\/v2\/posts\/39013\/revisions"}],"wp:featuredmedia":[{"embeddable":true,"href":"https:\/\/moonmentum.com\/blog\/wp-json\/wp\/v2\/media\/39014"}],"wp:attachment":[{"href":"https:\/\/moonmentum.com\/blog\/wp-json\/wp\/v2\/media?parent=39013"}],"wp:term":[{"taxonomy":"category","embeddable":true,"href":"https:\/\/moonmentum.com\/blog\/wp-json\/wp\/v2\/categories?post=39013"},{"taxonomy":"post_tag","embeddable":true,"href":"https:\/\/moonmentum.com\/blog\/wp-json\/wp\/v2\/tags?post=39013"}],"curies":[{"name":"wp","href":"https:\/\/api.w.org\/{rel}","templated":true}]}}