{"id":3919,"date":"2009-06-02T10:25:54","date_gmt":"2009-06-02T14:55:54","guid":{"rendered":"http:\/\/www.elpulsodeltiempo.com\/timepulse\/?p=3919"},"modified":"2009-06-02T10:25:54","modified_gmt":"2009-06-02T14:55:54","slug":"sabia-usted-pronostico-2499-del-02-de-junio","status":"publish","type":"post","link":"https:\/\/moonmentum.com\/blog\/uncategorized\/sabia-usted-pronostico-2499-del-02-de-junio\/","title":{"rendered":"Sab\u00eda Usted? \/ Pron\u00f3stico # 2499 del 02 de Junio"},"content":{"rendered":"<figure id=\"attachment_3951\" aria-describedby=\"caption-attachment-3951\" style=\"width: 110px\" class=\"wp-caption aligncenter\"><a href=\"http:\/\/es.wikipedia.org\/wiki\/P%C3%ADo_X\" target=\"_blank\"><img loading=\"lazy\" decoding=\"async\" class=\"size-full wp-image-3951 lazyload\" title=\"papa-pio\" data-src=\"http:\/\/www.moonmentum.com\/blog\/wp-content\/uploads\/2009\/06\/e75af8d80babf38bf092ef3d64bf1bfd.png\" alt=\"257\u00ba Papa de la Iglesia Cat\u00f3lica\" width=\"110\" height=\"174\" src=\"data:image\/gif;base64,R0lGODlhAQABAAAAACH5BAEKAAEALAAAAAABAAEAAAICTAEAOw==\" style=\"--smush-placeholder-width: 110px; --smush-placeholder-aspect-ratio: 110\/174;\" \/><noscript><img loading=\"lazy\" decoding=\"async\" class=\"size-full wp-image-3951 \" title=\"papa-pio\" src=\"http:\/\/www.moonmentum.com\/blog\/wp-content\/uploads\/2009\/06\/e75af8d80babf38bf092ef3d64bf1bfd.png\" alt=\"257\u00ba Papa de la Iglesia Cat\u00f3lica\" width=\"110\" height=\"174\" \/><\/noscript><\/a><figcaption id=\"caption-attachment-3951\" class=\"wp-caption-text\">257\u00ba Papa de la Iglesia Cat\u00f3lica<\/figcaption><\/figure>\n<p style=\"text-align: justify;\">En un d\u00eda como hoy<strong> nace <\/strong>Papa P\u00edo X (Melchor Sarto), (1903 a 1914). el papa de la <strong>Contrarreforma<\/strong>, <strong>P\u00edo X<\/strong> fue el primero en ser canonizado.<!--more--><\/p>\n<p style=\"text-align: justify;\">En 1905 denunci\u00f3 el Concordato que, bajo las condiciones draconianas impuestas por Napole\u00f3n, hab\u00eda firmado en 1801 la Santa Sede con Francia. Con esta denuncia el papado alcanzaba la total libertad de nombramiento de obispos en Francia, libertad de la cual, a pesar de los diversos reg\u00edmenes que se hab\u00edan sucedido en este pa\u00eds, en realidad jam\u00e1s hab\u00eda gozado.<\/p>\n","protected":false},"excerpt":{"rendered":"<p>En un d\u00eda como hoy nace Papa P\u00edo X (Melchor Sarto), (1903 a 1914). el papa de la Contrarreforma, P\u00edo X fue el primero en ser canonizado.<\/p>\n","protected":false},"author":3,"featured_media":3951,"comment_status":"open","ping_status":"closed","sticky":false,"template":"","format":"standard","meta":{"footnotes":""},"categories":[],"tags":[],"class_list":["post-3919","post","type-post","status-publish","format-standard","has-post-thumbnail"],"_links":{"self":[{"href":"https:\/\/moonmentum.com\/blog\/wp-json\/wp\/v2\/posts\/3919","targetHints":{"allow":["GET"]}}],"collection":[{"href":"https:\/\/moonmentum.com\/blog\/wp-json\/wp\/v2\/posts"}],"about":[{"href":"https:\/\/moonmentum.com\/blog\/wp-json\/wp\/v2\/types\/post"}],"author":[{"embeddable":true,"href":"https:\/\/moonmentum.com\/blog\/wp-json\/wp\/v2\/users\/3"}],"replies":[{"embeddable":true,"href":"https:\/\/moonmentum.com\/blog\/wp-json\/wp\/v2\/comments?post=3919"}],"version-history":[{"count":0,"href":"https:\/\/moonmentum.com\/blog\/wp-json\/wp\/v2\/posts\/3919\/revisions"}],"wp:featuredmedia":[{"embeddable":true,"href":"https:\/\/moonmentum.com\/blog\/wp-json\/wp\/v2\/media\/3951"}],"wp:attachment":[{"href":"https:\/\/moonmentum.com\/blog\/wp-json\/wp\/v2\/media?parent=3919"}],"wp:term":[{"taxonomy":"category","embeddable":true,"href":"https:\/\/moonmentum.com\/blog\/wp-json\/wp\/v2\/categories?post=3919"},{"taxonomy":"post_tag","embeddable":true,"href":"https:\/\/moonmentum.com\/blog\/wp-json\/wp\/v2\/tags?post=3919"}],"curies":[{"name":"wp","href":"https:\/\/api.w.org\/{rel}","templated":true}]}}