{"id":3921,"date":"2009-06-02T10:30:37","date_gmt":"2009-06-02T15:00:37","guid":{"rendered":"http:\/\/www.elpulsodeltiempo.com\/timepulse\/?p=3921"},"modified":"2013-06-03T15:43:14","modified_gmt":"2013-06-03T20:13:14","slug":"efemerides-pronostico-2499-del-02-de-junio","status":"publish","type":"post","link":"https:\/\/moonmentum.com\/blog\/efemerides\/efemerides-pronostico-2499-del-02-de-junio\/","title":{"rendered":"Efem\u00e9rides \/ Pron\u00f3stico # 2499 del 02 de Junio"},"content":{"rendered":"<p>\u00a0<\/p>\n<p align=\"center\"><strong><em>\u00a0\u00abPunto de Quiebre\u00bb<\/em> <\/strong><\/p>\n<p align=\"center\">\u00abHay un viejo refr\u00e1n que dice que cuando nosotros comenzamos a tejer,<br \/>\nlos dioses nos proporcionan el hilo\u00bb<\/p>\n<figure id=\"attachment_3964\" aria-describedby=\"caption-attachment-3964\" style=\"width: 112px\" class=\"wp-caption aligncenter\"><a rel=\"attachment wp-att-3964\" href=\"http:\/\/www.moonmentum.com\/blog\/sextante\/efemerides\/efemerides-pronostico-2499-del-02-de-junio\/attachment\/mujer-tejiendo\/\"><img loading=\"lazy\" decoding=\"async\" class=\"size-full wp-image-3964 lazyload\" title=\"mujer-tejiendo\" data-src=\"http:\/\/www.moonmentum.com\/blog\/wp-content\/uploads\/2009\/06\/759c37c6aff04cd46262f93652b5fad5.png\" alt=\"mujer-tejiendo\" width=\"112\" height=\"143\" src=\"data:image\/gif;base64,R0lGODlhAQABAAAAACH5BAEKAAEALAAAAAABAAEAAAICTAEAOw==\" style=\"--smush-placeholder-width: 112px; --smush-placeholder-aspect-ratio: 112\/143;\" \/><noscript><img loading=\"lazy\" decoding=\"async\" class=\"size-full wp-image-3964 \" title=\"mujer-tejiendo\" src=\"http:\/\/www.moonmentum.com\/blog\/wp-content\/uploads\/2009\/06\/759c37c6aff04cd46262f93652b5fad5.png\" alt=\"mujer-tejiendo\" width=\"112\" height=\"143\" \/><\/noscript><\/a><figcaption id=\"caption-attachment-3964\" class=\"wp-caption-text\">.<\/figcaption><\/figure>\n<p><strong>\u00a0<\/strong><\/p>\n<p><strong><span style=\"font-size: small;\">Efem\u00e9rides\u00a0\u00a0\u00a0\u00a0\u00a0 <\/span><\/strong><strong><em><\/em><\/strong><\/p>\n<div><strong><span style=\"font-size: small;\"><span style=\"font-size: x-small;\"><span style=\"font-size: small;\"><span style=\"font-family: Verdana;\"><strong><\/strong><\/span><\/span><\/span><\/span><\/strong><\/div>\n<p><strong><span style=\"font-size: small;\"><span style=\"font-size: x-small;\"><span style=\"font-size: small;\"><span style=\"font-family: Verdana;\"><strong><\/strong><\/span><\/span><\/span><\/span><\/strong><\/p>\n<p style=\"text-align: justify;\"><strong>Junio<\/strong> (del lat\u00edn <em>Iunius<\/em>, mes de Juno) es el sexto mes del a\u00f1o en el Calendario Gregoriano y tiene 30 d\u00edas . Junio Deriva del lat\u00edn \u00abiunius\u00bb porque <strong>los romanos dedicaron este mes a su diosa Juno<\/strong>, protectora de la mujer. Este mes tiene 30 d\u00edas.<!--more--><\/p>\n<p style=\"text-align: justify;\">Junio, sexto mes del a\u00f1o en el calendario gregoriano; Otra teor\u00eda localiza el origen del nombre en el lat\u00edn <em>iuniores<\/em> (j\u00f3venes) en oposici\u00f3n a <em>maiores<\/em> (mayores) para mayo, que son los dos meses dedicados a la juventud y a la vejez respectivamente. Junio era el cuarto mes en el antiguo calendario romano. Cuando Julio C\u00e9sar estableci\u00f3 la reforma del calendario, junio ten\u00eda 29 d\u00edas, a los que C\u00e9sar a\u00f1adi\u00f3 un trig\u00e9simo.<\/p>\n<p style=\"text-align: justify;\"><strong>En el hemisferio norte el 21 de junio termina la primavera y comienza el verano.<br \/>\n<\/strong><strong>En el hemisferio sur termina el oto\u00f1o y comienza el invierno. <\/strong><strong><em><\/em><\/strong><\/p>\n<p style=\"text-align: justify;\"><strong><em>En ingles se dice june, en alem\u00e1n juni, en franc\u00e9s juin y en portugu\u00e9s junho.<\/em><\/strong><em>j\u00f3venes, junior. <\/em>Seg\u00fan otra versi\u00f3n, este mes recibe su nombre de la diosa JUNO, hermana y esposa del dios J\u00fapiter, ya que en las calendas de este mes fue edificado en Roma el templo en el que se ofrec\u00edan sacrificios y ofrendas a esta diosa. <em><\/em><\/p>\n<p style=\"text-align: justify;\">El mes de junio no tiene excesivas fiestas, ya que el tiempo de siembra ha pasado y a\u00fan no es llegada la \u00e9poca de la siega o de la vendimia, pero <strong>un acontecimiento importante sucede en <\/strong><strong>los cielos: el solsticio de verano o segunda puerta solsticial de Jano. Esta noche, <\/strong><strong>conocida por muchos como de San Juan, todos los pueblos estallan en fiestas.<\/strong><strong>\u00a0<\/strong><\/p>\n<p style=\"text-align: justify;\">El <strong>2 de junio<\/strong> es el cent\u00e9simo quincuag\u00e9simo tercer (153\u00ba) d\u00eda del a\u00f1o del Calendario Gregoriano, 154\u00ba en los a\u00f1os bisiestos. Quedan 212 d\u00edas para finalizar el a\u00f1o<\/p>\n<p style=\"text-align: justify;\"><strong>\u00a0<\/strong><span style=\"color: #000000;\"><strong><span style=\"font-size: small;\">Acontecimientos\u00a0<\/span><\/strong><\/span><\/p>\n<p style=\"text-align: justify;\"><strong>\u00a0<\/strong><span style=\"color: #000000;\"><strong>1537 &#8211;<\/strong> El papa Paulo III decreta la bula <em>Sublimis Deus<\/em>, promulgada, que concede a los indios la consideraci\u00f3n d<\/span>e hombres verdaderos, dotados de alma.<br \/>\n<strong>1858<\/strong> &#8211; Giovanni Battista Donati descubre el cometa Donati.<br \/>\n<strong>1896<\/strong> &#8211; Guglielmo Marconi patenta la radio en Gran Breta\u00f1a. Obtuvo, en 1909, el premio Nobel de F\u00edsica.\u00a0<br \/>\n<strong>1936<\/strong> &#8211; Anastasio Somoza se convierte en dictador de Nicaragua.<br \/>\n<strong>1946<\/strong> &#8211; Establecida por refer\u00e9ndum la Rep\u00fablica en Italia.<br \/>\n<strong>1949<\/strong> &#8211; Transjordania pasa a denominarse oficialmente Jordania.\u00a0\u00a0<br \/>\n<strong>1953<\/strong> &#8211; Reino Unido: Isabel II es coronada reina, en la Abad\u00eda<span style=\"text-decoration: underline;\"> <\/span>de Westminster.<br \/>\n<strong>1963<\/strong> &#8211; El pr\u00edncipe Faisal decreta la abolici\u00f3n de la esclavitud en Arabia.<br \/>\n<strong>1989<\/strong> &#8211; Bi\u00f3logos italianos descubren el mecanismo para crear animales transg\u00e9nicos en laboratorio.<br \/>\n<strong>1996<\/strong> &#8211; El arzobispo sudafricano Desmond Tutu, premio Nobel de la Paz, se retira como Primado de la Iglesia Anglicana de \u00c1frica Meridional (Comuni\u00f3n Anglicana).<br \/>\n<strong>1998<\/strong> &#8211; Estados Unidos: en el estado de California es aprobada por votaci\u00f3n popular la Propuesta 227, que elimina el programa de educaci\u00f3n biling\u00fce en ese estado.<br \/>\n<strong>2003<\/strong> &#8211; Lanzamiento de la nave espacial Mars Express.<\/p>\n<p class=\"MsoNormal\" style=\"text-align: justify; margin: 0cm 0cm 0pt;\"><span style=\"font-size: small;\"><strong>Nacimientos <\/strong><\/span><\/p>\n<p style=\"text-align: justify;\">\u00a0<strong>1740<\/strong> &#8211; Donatien Alphonse Fran\u00e7ois, Marqu\u00e9s de Sade, escritor franc\u00e9s. De su nombre procede la palabra <em>sadismo<\/em>. 1835 &#8211; Papa P\u00edo X (Melchor Sarto), (1903 a 1914).<br \/>\n<strong>1857<\/strong>: Karl Adolph Gjellerup, dramaturgo y novelista dan\u00e9s, premio Nobel de Literatura en 1917.\u00a0<\/p>\n<p style=\"text-align: justify;\"><strong><span style=\"font-size: small;\">Fallecimientos<\/span> <\/strong><\/p>\n<p style=\"text-align: justify;\"><strong>1882 &#8211;<\/strong> Giuseppe Garibaldi, revolucionario italiano. Por sus luchas en Italia y Sudam\u00e9rica desde siempre se le ha llamado el <em>h\u00e9roe de dos mundos<\/em>, de Europa y de Am\u00e9rica.<br \/>\n<strong>1996<\/strong> &#8211; Amos Tversky, psic\u00f3logo israel\u00ed, pionero la ciencia cognitiva.<\/p>\n<p><a href=\"http:\/\/www.universochat.net\/phpBB2\/viewtopic.php?p=29669\"><\/a><\/p>\n","protected":false},"excerpt":{"rendered":"<p>\u00a0 \u00a0\u00abPunto de Quiebre\u00bb \u00abHay un viejo refr\u00e1n que dice que cuando nosotros comenzamos a tejer, los dioses nos proporcionan el hilo\u00bb \u00a0 Efem\u00e9rides\u00a0\u00a0\u00a0\u00a0\u00a0 Junio (del lat\u00edn Iunius, mes de Juno) es el sexto mes del a\u00f1o en el Calendario Gregoriano y tiene 30 d\u00edas . Junio Deriva del lat\u00edn \u00abiunius\u00bb porque los romanos dedicaron [&hellip;]<\/p>\n","protected":false},"author":3,"featured_media":3964,"comment_status":"open","ping_status":"closed","sticky":false,"template":"","format":"standard","meta":{"footnotes":""},"categories":[23],"tags":[],"class_list":{"0":"post-3921","1":"post","2":"type-post","3":"status-publish","4":"format-standard","5":"has-post-thumbnail","7":"category-efemerides"},"_links":{"self":[{"href":"https:\/\/moonmentum.com\/blog\/wp-json\/wp\/v2\/posts\/3921","targetHints":{"allow":["GET"]}}],"collection":[{"href":"https:\/\/moonmentum.com\/blog\/wp-json\/wp\/v2\/posts"}],"about":[{"href":"https:\/\/moonmentum.com\/blog\/wp-json\/wp\/v2\/types\/post"}],"author":[{"embeddable":true,"href":"https:\/\/moonmentum.com\/blog\/wp-json\/wp\/v2\/users\/3"}],"replies":[{"embeddable":true,"href":"https:\/\/moonmentum.com\/blog\/wp-json\/wp\/v2\/comments?post=3921"}],"version-history":[{"count":0,"href":"https:\/\/moonmentum.com\/blog\/wp-json\/wp\/v2\/posts\/3921\/revisions"}],"wp:featuredmedia":[{"embeddable":true,"href":"https:\/\/moonmentum.com\/blog\/wp-json\/wp\/v2\/media\/3964"}],"wp:attachment":[{"href":"https:\/\/moonmentum.com\/blog\/wp-json\/wp\/v2\/media?parent=3921"}],"wp:term":[{"taxonomy":"category","embeddable":true,"href":"https:\/\/moonmentum.com\/blog\/wp-json\/wp\/v2\/categories?post=3921"},{"taxonomy":"post_tag","embeddable":true,"href":"https:\/\/moonmentum.com\/blog\/wp-json\/wp\/v2\/tags?post=3921"}],"curies":[{"name":"wp","href":"https:\/\/api.w.org\/{rel}","templated":true}]}}