{"id":5187,"date":"2009-06-26T00:08:15","date_gmt":"2009-06-26T04:38:15","guid":{"rendered":"http:\/\/www.elpulsodeltiempo.com\/timepulse\/?p=5187"},"modified":"2013-06-03T15:57:48","modified_gmt":"2013-06-03T20:27:48","slug":"efemerides-pronostico-2523-del-26-de-junio","status":"publish","type":"post","link":"https:\/\/moonmentum.com\/blog\/efemerides\/efemerides-pronostico-2523-del-26-de-junio\/","title":{"rendered":"Efem\u00e9rides \/ Pron\u00f3stico # 2523 del 26 de Junio"},"content":{"rendered":"<p style=\"text-align: center;\"><strong>\u00abPresencia\u00bb<\/strong><\/p>\n<p align=\"center\">Yo no soy nada, en el sentido de vac\u00edo; pero soy la nada creadora,<br \/>\nla nada de la que mi yo creador lo crea Todo.<br \/>\nMax Stirner<\/p>\n<p align=\"center\"><img loading=\"lazy\" decoding=\"async\" class=\"aligncenter size-full wp-image-5225 lazyload\" title=\"max-stirner1\" data-src=\"http:\/\/www.moonmentum.com\/blog\/wp-content\/uploads\/2009\/06\/a0b82a928a9e82672afab7f06c298993.jpg\" alt=\"max-stirner1\" width=\"108\" height=\"120\" src=\"data:image\/gif;base64,R0lGODlhAQABAAAAACH5BAEKAAEALAAAAAABAAEAAAICTAEAOw==\" style=\"--smush-placeholder-width: 108px; --smush-placeholder-aspect-ratio: 108\/120;\" \/><noscript><img loading=\"lazy\" decoding=\"async\" class=\"aligncenter size-full wp-image-5225\" title=\"max-stirner1\" src=\"http:\/\/www.moonmentum.com\/blog\/wp-content\/uploads\/2009\/06\/a0b82a928a9e82672afab7f06c298993.jpg\" alt=\"max-stirner1\" width=\"108\" height=\"120\" \/><\/noscript><\/p>\n<p style=\"text-align: center;\">Es uno de los primeros fil\u00f3sofos en negar todos los imperativos, todas las exigencias<br \/>\nmorales, haciendo apolog\u00eda del poder individual limitado solo por s\u00ed mismo<br \/>\n(su unicidad), dej\u00e1ndolo todo a su responsabilidad y competencia.<br \/>\nLa unicidad no parece seren Stirnerausencia de relaci\u00f3n,<br \/>\nsino que la relaci\u00f3n es ausencia de unicidad.<\/p>\n<div class=\"mceTemp mceIEcenter\">\n<dt class=\"wp-caption-dt\"><a href=\"http:\/\/www.moonmentum.com\/blog\/wp-content\/uploads\/2009\/06\/e12cceba1605e94fc6253b8d28cef6d2.jpg\"><\/a><\/dt>\n<\/div>\n<p class=\"wp-caption-dd\" style=\"text-align: justify;\"><strong><span style=\"font-size: small;\">Efem\u00e9rides\u00a0<\/span>\u00a0\u00a0\u00a0\u00a0 <em><\/em><\/strong><\/p>\n<p style=\"text-align: justify;\">\u00a0<strong>Junio<\/strong> (del lat\u00edn <em>Iunius<\/em>, mes de Juno) es el sexto mes del a\u00f1o en el Calendario Gregoriano y tiene 30 d\u00edas . Junio Deriva del lat\u00edn \u00abiunius\u00bb porque <strong>los romanos dedicaron este mes a su diosa Juno<\/strong>, protectora de la mujer. Este mes tiene 30 d\u00edas.\u00a0<img decoding=\"async\" title=\"(m\u00e1s...)\" data-src=\"http:\/\/www.moonmentum.com\/blog\/wp-includes\/js\/tinymce\/plugins\/wordpress\/img\/trans.gif\" alt=\"\" src=\"data:image\/gif;base64,R0lGODlhAQABAAAAACH5BAEKAAEALAAAAAABAAEAAAICTAEAOw==\" class=\"lazyload\" \/><noscript><img decoding=\"async\" title=\"(m\u00e1s...)\" data-src=\"http:\/\/www.moonmentum.com\/blog\/wp-includes\/js\/tinymce\/plugins\/wordpress\/img\/trans.gif\" alt=\"\" src=\"data:image\/gif;base64,R0lGODlhAQABAAAAACH5BAEKAAEALAAAAAABAAEAAAICTAEAOw==\" class=\"lazyload\" \/><noscript><img decoding=\"async\" title=\"(m\u00e1s...)\" src=\"http:\/\/www.moonmentum.com\/blog\/wp-includes\/js\/tinymce\/plugins\/wordpress\/img\/trans.gif\" alt=\"\" \/><\/noscript><\/noscript><img decoding=\"async\" title=\"(m\u00e1s...)\" data-src=\"http:\/\/www.moonmentum.com\/blog\/wp-includes\/js\/tinymce\/plugins\/wordpress\/img\/trans.gif\" alt=\"\" src=\"data:image\/gif;base64,R0lGODlhAQABAAAAACH5BAEKAAEALAAAAAABAAEAAAICTAEAOw==\" class=\"lazyload\" \/><noscript><img decoding=\"async\" title=\"(m\u00e1s...)\" data-src=\"http:\/\/www.moonmentum.com\/blog\/wp-includes\/js\/tinymce\/plugins\/wordpress\/img\/trans.gif\" alt=\"\" src=\"data:image\/gif;base64,R0lGODlhAQABAAAAACH5BAEKAAEALAAAAAABAAEAAAICTAEAOw==\" class=\"lazyload\" \/><noscript><img decoding=\"async\" title=\"(m\u00e1s...)\" src=\"http:\/\/www.moonmentum.com\/blog\/wp-includes\/js\/tinymce\/plugins\/wordpress\/img\/trans.gif\" alt=\"\" \/><\/noscript><\/noscript><!--more--><\/p>\n<p style=\"text-align: justify;\">Junio, sexto mes del a\u00f1o en el calendario gregoriano; Otra teor\u00eda localiza el origen del nombre en el lat\u00edn <em>iuniores<\/em> (j\u00f3venes) en oposici\u00f3n a <em>maiores<\/em> (mayores) para mayo, que son los dos meses dedicados a la juventud y a la vejez respectivamente. Junio era el cuarto mes en el antiguo calendario romano. Cuando Julio C\u00e9sar estableci\u00f3 la reforma del calendario, junio ten\u00eda 29 d\u00edas, a los que C\u00e9sar a\u00f1adi\u00f3 un trig\u00e9simo.<\/p>\n<p style=\"text-align: justify;\"><strong>En el hemisferio norte el 21 de junio termina la primavera y comienza el verano.<\/strong><\/p>\n<p><strong>En el hemisferio sur termina el oto\u00f1o y comienza el invierno.<\/strong><\/p>\n<p style=\"text-align: justify;\"><strong><em>En ingles se dice june, en alem\u00e1n juni, en franc\u00e9s juin y en portugu\u00e9s junho.<\/em><\/strong><em>j\u00f3venes, -junior-. <\/em>Seg\u00fan otra versi\u00f3n, este mes recibe su nombre de la diosa JUNO, hermana y esposa del dios J\u00fapiter, ya que en las calendas de este mes fue edificado en Roma el templo en el que se ofrec\u00edan sacrificios y ofrendas a esta diosa.<\/p>\n<p style=\"text-align: justify;\">El mes de junio no tiene excesivas fiestas, ya que el tiempo de siembra ha pasado y a\u00fan no es llegada la \u00e9poca de la siega o de la vendimia, pero <strong>un acontecimiento importante sucede en\u00a0 <\/strong><strong>los cielos: el solsticio de verano o segunda puerta solsticial de Jano. Esta noche,\u00a0 <\/strong><strong>conocida por muchos como de San Juan, todos los pueblos estallan en fiestas.<\/strong><\/p>\n<p style=\"text-align: justify;\">El<strong> 26 de junio<\/strong> es el cent\u00e9simo septuag\u00e9simo s\u00e9ptimo (177\u00ba) d\u00eda del a\u00f1o del Calendario Gregoriano, 178\u00ba en los a\u00f1os bisiestos. Quedan 188 d\u00edas para finalizar el a\u00f1o.<span style=\"text-decoration: underline;\"> <\/span><\/p>\n<p style=\"text-align: justify;\"><strong>\u00a0<\/strong><span style=\"font-size: small;\"><strong>Acontecimientos:<\/strong><\/span><\/p>\n<p style=\"text-align: justify;\"><strong>1709<\/strong> &#8211; Felipe V concede a la villa de Ayerbe Los t\u00edtulos de <em>noble y fidel\u00edsima<\/em>, por la colaboraci\u00f3n prestada en la Guerra de Sucesi\u00f3n espa\u00f1ola.<br \/>\n<strong>1924<\/strong> &#8211; Las fuerzas estadounidenses se retiran de la Rep\u00fablica Dominicana.<br \/>\n<strong>1945<\/strong> &#8211; Firma de la Carta de las Naciones Unidas y el Estatuto de la Corte Internacional de Justicia, en San Francisco.<br \/>\n<strong>1960<\/strong> &#8211; Madagascar alcanza su independencia de Francia.<br \/>\n<strong>1963<\/strong> &#8211; El presidente de Estados Unidos John F. Kennedy da su c\u00e9lebre discurso <em>\u00abIch bin ein Berliner\u00bb<\/em> (<em>Soy un berlin\u00e9s<\/em>).<br \/>\n<strong>1975<\/strong> &#8211; India: Indira Gandhi establece un gobierno autoritario.<br \/>\n<strong>1976 <\/strong>&#8211; Es inaugurada oficialmente en Toronto, Canad\u00e1, la estructura m\u00e1s alta del mundo construida por el hombre: la Torre CN (CN Tower).<br \/>\n<strong>1977<\/strong> &#8211; \u00daltimo concierto de Elvis Presley.\u00a0<strong>\u00a0<\/strong><\/p>\n<p><strong><span style=\"font-size: small;\">Nacimientos:<\/span><\/strong><\/p>\n<p style=\"text-align: justify;\"><strong>1824<\/strong> &#8211; William Thomson, Lord Kelvin, f\u00edsico brit\u00e1nico. Gracias a Thomson se hicieron los estudios necesarios para instalar en 1866 el primer cable trasatl\u00e1ntico que conect\u00f3 a Wall Street en Nueva York con la Ciudad en Londres.<br \/>\n<strong>1886<\/strong> &#8211; Rouget de Lisle, compositor, autor de La marsellesa, himno nacional de Francia.<br \/>\n<strong>1892<\/strong> &#8211; Pearl S. Buck, escritora estadounidense. Fue Premio Pulitzer en 1932 y Premio Nobel de literatura en 1938, la primera mujer en conseguir ambos premios.<br \/>\n<strong>1899 <\/strong>&#8211; Mar\u00eda Nikol\u00e1ievna Romanova, gran duquesa de Rusia.<br \/>\n<strong>1908 &#8211; <\/strong>Salvador Allende, presidente de Chile (1970-1973).<br \/>\n<strong>1913 &#8211; <\/strong>Aim\u00e9 C\u00e9saire, poeta y pol\u00edtico franc\u00e9s. Es el ide\u00f3logo del concepto de la negritud y su obra ha estado marcada por la defensa de sus ra\u00edces africanas.<br \/>\n<strong>1937-<\/strong>\u00a0Robert Coleman Richardson, f\u00edsico estadounidense,\u00a0Premio Nobel de F\u00edsica\u00a0en\u00a01996.<\/p>\n<p><strong><span style=\"font-size: small;\">Fallecimientos:<\/span><\/strong><\/p>\n<p style=\"text-align: justify;\"><strong>363<\/strong> &#8211; Juliano, <em>el Ap\u00f3stata<\/em>, emperador de Roma (361-363).<br \/>\n<strong>1541<\/strong> &#8211; Francisco Pizarro, conquistador espa\u00f1ol del Per\u00fa.<br \/>\n<strong>1856<\/strong> &#8211; Max Stirner, fil\u00f3sofo alem\u00e1n. Se puede considerar a Soren Kierkegaard como uno de los pensadores m\u00e1s cercano a J. K. Schmidt, y uno de los exponentes del ego\u00edsmo a pesar de su cristianismo. En el existencialismo ateo de Jean Paul Sartre se pueden encontrar parciales afinidades con el que de manera vaga pero precursora representa Stirner.<br \/>\n<strong>1878<\/strong> &#8211; Mar\u00eda de las Mercedes de Orleans, reina consorte de Espa\u00f1a durante unos meses en el a\u00f1o 1878.<br \/>\n<strong>1941<\/strong> &#8211; Hans Ludendorff, astr\u00f3nomo alem\u00e1n.<br \/>\n<strong>1943 &#8211;<\/strong> Karl Landsteiner, pat\u00f3logo estadounidense de origen austriaco, premio Nobel de Medicina en 1930. El gran logro de Landteiner es el descubrimiento y tipificaci\u00f3n de los grupos sangu\u00edneos.<br \/>\n<strong>1970<\/strong> &#8211; Leopoldo Marechal, fue uno de los m\u00e1s grandes escritores argentinos del siglo XX; poeta, dramaturgo, novelista y ensayista.<br \/>\n<strong>1975 &#8211; <\/strong>Josemar\u00eda Escriv\u00e1 de Balaguer, fundador del Opus Dei.\u00a0<strong>\u00a0<\/strong><\/p>\n<p><strong><span style=\"font-size: small;\">Fiestas:<\/span><\/strong><\/p>\n<p style=\"text-align: justify;\">* D\u00eda Internaci\u00f3nal de apoyo a las v\u00edctimas de la Tortura, proclamado por la Asamblea General de las Naciones Unidas en 1997 (resoluci\u00f3n n\u00famero 52\/149).<\/p>\n<p style=\"text-align: justify;\"><a href=\"http:\/\/www.delgtm.ec.europa.eu\/files\/tortura\/dia_intl.pdf\"><\/a><\/p>\n<p>* D\u00eda Internacional de la lucha contra el uso indebido y el tr\u00e1fico il\u00edcito de drogas.<\/p>\n<p><a href=\"http:\/\/www.un.org\/depts\/dhl\/spanish\/drug\/\"><\/a><\/p>\n<p><span style=\"font-size: small;\"><strong>Santoral cat\u00f3lico:<\/strong> <\/span><\/p>\n<p><em>San Josemar\u00eda Escriv\u00e1 (Fundador del Opus Dei).<\/em><\/p>\n<p><strong>\u00a0<\/strong><\/p>\n<p><strong><\/strong><\/p>\n","protected":false},"excerpt":{"rendered":"<p>\u00abPresencia\u00bb Yo no soy nada, en el sentido de vac\u00edo; pero soy la nada creadora, la nada de la que mi yo creador lo crea Todo. Max Stirner Es uno de los primeros fil\u00f3sofos en negar todos los imperativos, todas las exigencias morales, haciendo apolog\u00eda del poder individual limitado solo por s\u00ed mismo (su unicidad), [&hellip;]<\/p>\n","protected":false},"author":3,"featured_media":5206,"comment_status":"open","ping_status":"closed","sticky":false,"template":"","format":"standard","meta":{"footnotes":""},"categories":[23],"tags":[],"class_list":{"0":"post-5187","1":"post","2":"type-post","3":"status-publish","4":"format-standard","5":"has-post-thumbnail","7":"category-efemerides"},"_links":{"self":[{"href":"https:\/\/moonmentum.com\/blog\/wp-json\/wp\/v2\/posts\/5187","targetHints":{"allow":["GET"]}}],"collection":[{"href":"https:\/\/moonmentum.com\/blog\/wp-json\/wp\/v2\/posts"}],"about":[{"href":"https:\/\/moonmentum.com\/blog\/wp-json\/wp\/v2\/types\/post"}],"author":[{"embeddable":true,"href":"https:\/\/moonmentum.com\/blog\/wp-json\/wp\/v2\/users\/3"}],"replies":[{"embeddable":true,"href":"https:\/\/moonmentum.com\/blog\/wp-json\/wp\/v2\/comments?post=5187"}],"version-history":[{"count":0,"href":"https:\/\/moonmentum.com\/blog\/wp-json\/wp\/v2\/posts\/5187\/revisions"}],"wp:featuredmedia":[{"embeddable":true,"href":"https:\/\/moonmentum.com\/blog\/wp-json\/wp\/v2\/media\/5206"}],"wp:attachment":[{"href":"https:\/\/moonmentum.com\/blog\/wp-json\/wp\/v2\/media?parent=5187"}],"wp:term":[{"taxonomy":"category","embeddable":true,"href":"https:\/\/moonmentum.com\/blog\/wp-json\/wp\/v2\/categories?post=5187"},{"taxonomy":"post_tag","embeddable":true,"href":"https:\/\/moonmentum.com\/blog\/wp-json\/wp\/v2\/tags?post=5187"}],"curies":[{"name":"wp","href":"https:\/\/api.w.org\/{rel}","templated":true}]}}