{"id":5272,"date":"2009-06-28T00:08:27","date_gmt":"2009-06-28T04:38:27","guid":{"rendered":"http:\/\/www.elpulsodeltiempo.com\/timepulse\/?p=5272"},"modified":"2013-06-03T15:57:49","modified_gmt":"2013-06-03T20:27:49","slug":"efemerides-pronostico-2525-del-28-de-junio","status":"publish","type":"post","link":"https:\/\/moonmentum.com\/blog\/efemerides\/efemerides-pronostico-2525-del-28-de-junio\/","title":{"rendered":"Efem\u00e9rides \/ Pron\u00f3stico # 2525 del 28 de Junio"},"content":{"rendered":"<p style=\"text-align: center;\"><strong> <\/strong><strong>\u00abPresencia\u00bb<\/strong><\/p>\n<p align=\"center\">Hay un libro abierto siempre para todos los ojos: la naturaleza<\/p>\n<figure id=\"attachment_5279\" aria-describedby=\"caption-attachment-5279\" style=\"width: 91px\" class=\"wp-caption aligncenter\"><a href=\"http:\/\/es.wikipedia.org\/wiki\/Jean-Jacques_Rousseau\" target=\"_blank\"><img loading=\"lazy\" decoding=\"async\" class=\"size-full wp-image-5279 lazyload\" title=\"jean-jacques-rousseau\" data-src=\"http:\/\/www.moonmentum.com\/blog\/wp-content\/uploads\/2009\/06\/7d4bea47ee7a7ac66c778d0c1d703c48.jpg\" alt=\"Jean Jacques Rousseau\" width=\"91\" height=\"117\" src=\"data:image\/gif;base64,R0lGODlhAQABAAAAACH5BAEKAAEALAAAAAABAAEAAAICTAEAOw==\" style=\"--smush-placeholder-width: 91px; --smush-placeholder-aspect-ratio: 91\/117;\" \/><noscript><img loading=\"lazy\" decoding=\"async\" class=\"size-full wp-image-5279\" title=\"jean-jacques-rousseau\" src=\"http:\/\/www.moonmentum.com\/blog\/wp-content\/uploads\/2009\/06\/7d4bea47ee7a7ac66c778d0c1d703c48.jpg\" alt=\"Jean Jacques Rousseau\" width=\"91\" height=\"117\" \/><\/noscript><\/a><figcaption id=\"caption-attachment-5279\" class=\"wp-caption-text\">Jean Jacques Rousseau<\/figcaption><\/figure>\n<p style=\"text-align: left;\"><strong><span style=\"font-size: small;\">Efem\u00e9rides <em><\/em><\/span><\/strong><\/p>\n<p style=\"text-align: justify;\"><strong>Junio<\/strong> (del lat\u00edn <em>Iunius<\/em>, mes de Juno) es el sexto mes del a\u00f1o en el Calendario Gregoriano y tiene 30 d\u00edas . Junio Deriva del lat\u00edn \u00abiunius\u00bb porque <strong>los romanos dedicaron este mes a su diosa Juno<\/strong>, protectora de la mujer. Este mes tiene 30 d\u00edas.\u00a0<img decoding=\"async\" title=\"(m\u00e1s...)\" data-src=\"http:\/\/www.moonmentum.com\/blog\/wp-includes\/js\/tinymce\/plugins\/wordpress\/img\/trans.gif\" alt=\"\" src=\"data:image\/gif;base64,R0lGODlhAQABAAAAACH5BAEKAAEALAAAAAABAAEAAAICTAEAOw==\" class=\"lazyload\" \/><noscript><img decoding=\"async\" title=\"(m\u00e1s...)\" data-src=\"http:\/\/www.moonmentum.com\/blog\/wp-includes\/js\/tinymce\/plugins\/wordpress\/img\/trans.gif\" alt=\"\" src=\"data:image\/gif;base64,R0lGODlhAQABAAAAACH5BAEKAAEALAAAAAABAAEAAAICTAEAOw==\" class=\"lazyload\" \/><noscript><img decoding=\"async\" title=\"(m\u00e1s...)\" data-src=\"http:\/\/www.moonmentum.com\/blog\/wp-includes\/js\/tinymce\/plugins\/wordpress\/img\/trans.gif\" alt=\"\" src=\"data:image\/gif;base64,R0lGODlhAQABAAAAACH5BAEKAAEALAAAAAABAAEAAAICTAEAOw==\" class=\"lazyload\" \/><noscript><img decoding=\"async\" title=\"(m\u00e1s...)\" src=\"http:\/\/www.moonmentum.com\/blog\/wp-includes\/js\/tinymce\/plugins\/wordpress\/img\/trans.gif\" alt=\"\" \/><\/noscript><\/noscript><\/noscript><img decoding=\"async\" title=\"(m\u00e1s...)\" data-src=\"http:\/\/www.moonmentum.com\/blog\/wp-includes\/js\/tinymce\/plugins\/wordpress\/img\/trans.gif\" alt=\"\" src=\"data:image\/gif;base64,R0lGODlhAQABAAAAACH5BAEKAAEALAAAAAABAAEAAAICTAEAOw==\" class=\"lazyload\" \/><noscript><img decoding=\"async\" title=\"(m\u00e1s...)\" data-src=\"http:\/\/www.moonmentum.com\/blog\/wp-includes\/js\/tinymce\/plugins\/wordpress\/img\/trans.gif\" alt=\"\" src=\"data:image\/gif;base64,R0lGODlhAQABAAAAACH5BAEKAAEALAAAAAABAAEAAAICTAEAOw==\" class=\"lazyload\" \/><noscript><img decoding=\"async\" title=\"(m\u00e1s...)\" data-src=\"http:\/\/www.moonmentum.com\/blog\/wp-includes\/js\/tinymce\/plugins\/wordpress\/img\/trans.gif\" alt=\"\" src=\"data:image\/gif;base64,R0lGODlhAQABAAAAACH5BAEKAAEALAAAAAABAAEAAAICTAEAOw==\" class=\"lazyload\" \/><noscript><img decoding=\"async\" title=\"(m\u00e1s...)\" src=\"http:\/\/www.moonmentum.com\/blog\/wp-includes\/js\/tinymce\/plugins\/wordpress\/img\/trans.gif\" alt=\"\" \/><\/noscript><\/noscript><\/noscript><img decoding=\"async\" title=\"(m\u00e1s...)\" data-src=\"http:\/\/www.moonmentum.com\/blog\/wp-includes\/js\/tinymce\/plugins\/wordpress\/img\/trans.gif\" alt=\"\" src=\"data:image\/gif;base64,R0lGODlhAQABAAAAACH5BAEKAAEALAAAAAABAAEAAAICTAEAOw==\" class=\"lazyload\" \/><noscript><img decoding=\"async\" title=\"(m\u00e1s...)\" data-src=\"http:\/\/www.moonmentum.com\/blog\/wp-includes\/js\/tinymce\/plugins\/wordpress\/img\/trans.gif\" alt=\"\" src=\"data:image\/gif;base64,R0lGODlhAQABAAAAACH5BAEKAAEALAAAAAABAAEAAAICTAEAOw==\" class=\"lazyload\" \/><noscript><img decoding=\"async\" title=\"(m\u00e1s...)\" data-src=\"http:\/\/www.moonmentum.com\/blog\/wp-includes\/js\/tinymce\/plugins\/wordpress\/img\/trans.gif\" alt=\"\" src=\"data:image\/gif;base64,R0lGODlhAQABAAAAACH5BAEKAAEALAAAAAABAAEAAAICTAEAOw==\" class=\"lazyload\" \/><noscript><img decoding=\"async\" title=\"(m\u00e1s...)\" src=\"http:\/\/www.moonmentum.com\/blog\/wp-includes\/js\/tinymce\/plugins\/wordpress\/img\/trans.gif\" alt=\"\" \/><\/noscript><\/noscript><\/noscript><\/p>\n<p style=\"text-align: justify;\">Junio, sexto mes del a\u00f1o en el calendario gregoriano; Otra teor\u00eda localiza el origen del nombre en el lat\u00edn <em>iuniores<\/em> (j\u00f3venes) en oposici\u00f3n a <em>maiores<\/em> (mayores) para mayo, que son los dos meses dedicados a la juventud y a la vejez respectivamente. Junio era el cuarto mes en el antiguo calendario romano.<!--more-->Cuando Julio C\u00e9sar estableci\u00f3 la reforma del calendario, junio ten\u00eda 29 d\u00edas, a los que C\u00e9sar a\u00f1adi\u00f3 un trig\u00e9simo.<\/p>\n<p style=\"text-align: justify;\"><strong>En el hemisferio norte el 21 de junio termina la primavera y comienza el verano.<\/strong><\/p>\n<p><strong>En el hemisferio sur termina el oto\u00f1o y comienza el invierno.<\/strong><\/p>\n<p style=\"text-align: justify;\"><strong><em>En ingles se dice june, en alem\u00e1n juni, en franc\u00e9s juin y en portugu\u00e9s junho.<\/em><\/strong><em>j\u00f3venes, -junior-. <\/em>Seg\u00fan otra versi\u00f3n, este mes recibe su nombre de la diosa JUNO, hermana y esposa del dios J\u00fapiter, ya que en las calendas de este mes fue edificado en Roma el templo en el que se ofrec\u00edan sacrificios y ofrendas a esta diosa.<\/p>\n<p style=\"text-align: justify;\">El mes de junio no tiene excesivas fiestas, ya que el tiempo de siembra ha pasado y a\u00fan no es llegada la \u00e9poca de la siega o de la vendimia, pero <strong>un acontecimiento importante sucede en <\/strong><strong>los cielos: el solsticio de verano o segunda puerta solsticial de Jano. Esta noche, <\/strong><strong>conocida por muchos como de San Juan, todos los pueblos estallan en fiestas.<\/strong><\/p>\n<p style=\"text-align: justify;\"><strong>El 28 de junio<\/strong> es el cent\u00e9simo septuag\u00e9simo noveno (179\u00ba) d\u00eda del a\u00f1o del Calendario Gregoriano, 180\u00ba en los a\u00f1os bisiestos. Quedan 186 d\u00edas para finalizar el a\u00f1o.<\/p>\n<p><strong><span style=\"font-size: small;\">Acontecimientos:<\/span><\/strong><\/p>\n<p><strong>1389 <\/strong>&#8211; La batalla de Kosovo.<br \/>\n<strong>1412<\/strong> &#8211; <em>Compromiso de Caspe<\/em>: El infante castellano Fernando el de Antequera, es nombrado Fernando I de Arag\u00f3n.<br \/>\n<strong>1807<\/strong> &#8211; Virreinato del R\u00edo de la Plata: ingleses invaden y conquistan Buenos Aires.<br \/>\n<strong>1914<\/strong> &#8211; Asesinan en Sarajevo al archiduque Francisco Fernando y a su esposa, Sof\u00eda Chotek, en el llamado <em>Atentado de Sarajevo<\/em>.<br \/>\n<strong>1919<\/strong> &#8211; Se firma el Tratado de Versalles.<br \/>\n<strong>1919<\/strong> &#8211; Se acuerda en Par\u00eds la fundaci\u00f3n de la Liga de las Naciones.<br \/>\n<strong>1966<\/strong> &#8211; Un golpe de estado derroca al presidente argentino Arturo Umberto Illia.<br \/>\n<strong>2007<\/strong> &#8211; Firma del\u00a0Tratado de Libre Comercio entre Panam\u00e1 y Estados Unidos.<\/p>\n<p><strong><span style=\"font-size: small;\">Nacimientos:<\/span><\/strong><\/p>\n<p><strong>1476<\/strong> &#8211; Papa Pablo IV (1555-1559).<br \/>\n<strong>1491<\/strong> &#8211; Enrique VIII, rey de Inglaterra (1509-1547).<br \/>\n<strong>1577<\/strong> &#8211; Peter Paul Rubens, pintor holand\u00e9s. Fue el pintor barroco m\u00e1s destacado de la escuela flamenca.<br \/>\n<strong>1712<\/strong> &#8211; Jean-Jacques Rousseau, escritor, compositor y fil\u00f3sofo suizo, las ideas pol\u00edticas de Rousseau influyeron en gran medida en la Revoluci\u00f3n Francesa.<br \/>\n<strong>1824 &#8211; <\/strong>Paul Broca, cirujano y antrop\u00f3logo franc\u00e9s. piedra angular en la historia de la medicina y las neurociencias.<br \/>\n<strong>1867<\/strong> &#8211; Luigi Pirandello, escritor italiano, premio Nobel de Literatura en 1934.<br \/>\n<strong>1873<\/strong> &#8211; Alexis Carrel, bi\u00f3logo, m\u00e9dico y escritor franc\u00e9s, premio Nobel de Medicina en 1912. <em><br \/>\n<\/em><strong>1906<\/strong> &#8211; Maria Goeppert-Mayer, f\u00edsica de origen alem\u00e1n, premio Nobel de F\u00edsica en 1963. <em><br \/>\n<\/em><strong>1943<\/strong> &#8211; Klaus von Klitzing, f\u00edsico alem\u00e1n, premio Nobel de F\u00edsica en 1985, gracias a un importante descubrimiento en el campo de la electricidad.<strong> <\/strong><\/p>\n<p><strong><span style=\"font-size: small;\">Fallecimientos:<\/span><\/strong><\/p>\n<p><strong> 767<\/strong> &#8211; Papa Pablo I, (757-767).<br \/>\n<strong>1598<\/strong> &#8211; Abraham Ortelius, ge\u00f3grafo y cart\u00f3grafo holand\u00e9s, muy conocido como el \u00abPtolomeo del siglo XVI\u00bb.<br \/>\n<strong>1836<\/strong> &#8211; James Madison, 4\u00ba presidente de los EE.UU. (1809-1817)<br \/>\n<strong>1889<\/strong> &#8211; Maria Mitchell, astr\u00f3nomo estadounidense, empleando un telescopio descubri\u00f3 lo que ahora se denomina el \u00abMiss Mitchell&#8217;s Comet\u00bb .<br \/>\n<strong>1909<\/strong> &#8211; Francisco Grande Covi\u00e1n, bioqu\u00edmico espa\u00f1ol, est\u00e1 considerado como el padre de la diet\u00e9tica.<\/p>\n<p><strong> <\/strong><\/p>\n","protected":false},"excerpt":{"rendered":"<p>\u00abPresencia\u00bb Hay un libro abierto siempre para todos los ojos: la naturaleza Efem\u00e9rides Junio (del lat\u00edn Iunius, mes de Juno) es el sexto mes del a\u00f1o en el Calendario Gregoriano y tiene 30 d\u00edas . Junio Deriva del lat\u00edn \u00abiunius\u00bb porque los romanos dedicaron este mes a su diosa Juno, protectora de la mujer. Este [&hellip;]<\/p>\n","protected":false},"author":3,"featured_media":5279,"comment_status":"open","ping_status":"closed","sticky":false,"template":"","format":"standard","meta":{"footnotes":""},"categories":[23],"tags":[],"class_list":{"0":"post-5272","1":"post","2":"type-post","3":"status-publish","4":"format-standard","5":"has-post-thumbnail","7":"category-efemerides"},"_links":{"self":[{"href":"https:\/\/moonmentum.com\/blog\/wp-json\/wp\/v2\/posts\/5272","targetHints":{"allow":["GET"]}}],"collection":[{"href":"https:\/\/moonmentum.com\/blog\/wp-json\/wp\/v2\/posts"}],"about":[{"href":"https:\/\/moonmentum.com\/blog\/wp-json\/wp\/v2\/types\/post"}],"author":[{"embeddable":true,"href":"https:\/\/moonmentum.com\/blog\/wp-json\/wp\/v2\/users\/3"}],"replies":[{"embeddable":true,"href":"https:\/\/moonmentum.com\/blog\/wp-json\/wp\/v2\/comments?post=5272"}],"version-history":[{"count":0,"href":"https:\/\/moonmentum.com\/blog\/wp-json\/wp\/v2\/posts\/5272\/revisions"}],"wp:featuredmedia":[{"embeddable":true,"href":"https:\/\/moonmentum.com\/blog\/wp-json\/wp\/v2\/media\/5279"}],"wp:attachment":[{"href":"https:\/\/moonmentum.com\/blog\/wp-json\/wp\/v2\/media?parent=5272"}],"wp:term":[{"taxonomy":"category","embeddable":true,"href":"https:\/\/moonmentum.com\/blog\/wp-json\/wp\/v2\/categories?post=5272"},{"taxonomy":"post_tag","embeddable":true,"href":"https:\/\/moonmentum.com\/blog\/wp-json\/wp\/v2\/tags?post=5272"}],"curies":[{"name":"wp","href":"https:\/\/api.w.org\/{rel}","templated":true}]}}