{"id":57798,"date":"2011-07-20T00:29:33","date_gmt":"2011-07-20T04:59:33","guid":{"rendered":"http:\/\/www.moonmentum.com\/blog\/?p=57798"},"modified":"2011-07-20T00:29:33","modified_gmt":"2011-07-20T04:59:33","slug":"el-padre-de-la-ingenieria-genetica","status":"publish","type":"post","link":"https:\/\/moonmentum.com\/blog\/efemerides\/semilla-de-la-semana\/el-padre-de-la-ingenieria-genetica\/","title":{"rendered":"El Padre de la Ingenier\u00eda Gen\u00e9tica."},"content":{"rendered":"<p><a rel=\"attachment wp-att-57812\" href=\"http:\/\/www.moonmentum.com\/blog\/efemerides\/semilla-del-dia\/el-padre-de-la-ingenieria-genetica\/attachment\/mendel-4\/\"><img loading=\"lazy\" decoding=\"async\" class=\"alignleft size-medium wp-image-57812 lazyload\" style=\"--smush-placeholder-width: 212px; --smush-placeholder-aspect-ratio: 212\/300;border: 0pt none; margin: 6px; float: left;\" title=\"mendel\" data-src=\"http:\/\/www.moonmentum.com\/blog\/wp-content\/uploads\/2011\/07\/29c5343e1a97e6f59eae6021a7fbb72a-212x300.png\" alt=\"mendel\" width=\"212\" height=\"300\" src=\"data:image\/gif;base64,R0lGODlhAQABAAAAACH5BAEKAAEALAAAAAABAAEAAAICTAEAOw==\" \/><noscript><img loading=\"lazy\" decoding=\"async\" class=\"alignleft size-medium wp-image-57812\" style=\"border: 0pt none; margin: 6px; float: left;\" title=\"mendel\" src=\"http:\/\/www.moonmentum.com\/blog\/wp-content\/uploads\/2011\/07\/29c5343e1a97e6f59eae6021a7fbb72a-212x300.png\" alt=\"mendel\" width=\"212\" height=\"300\" \/><\/noscript><\/a>Mendel destil\u00f3 la esencia de la vida del verdadero cient\u00edfico en una frase: \u00abd\u00eda tras d\u00eda, de la primavera al oto\u00f1o, se renueva el inter\u00e9s que uno tiene&#8230;\u00bb.<\/p>\n<p><span style=\"color: #888888;\"><em>Cada d\u00eda hay en el Universo una estela dejada por la acci\u00f3n de otros seres humanos que al igual que nosotros buscaban la excelencia. Hoy esa\u00a0 estela o\u00a0 \u201c<\/em><\/span><a href=\"..\/..\/category\/sextante\/category\/sextante\/en-un-dia-como-hoy\/\"><span style=\"color: #888888;\"><em>semilla del d\u00eda<\/em><\/span><\/a><span style=\"color: #888888;\"><em>\u201d fue sembrada por\u2026<\/em><\/span><\/p>\n<p><strong>Gregor Mendel<\/strong>, Uno de los grandes bi\u00f3logos del siglo XIX y la inspiraci\u00f3n para una de las ciencias m\u00e1s desafiantes de nuestro tiempo &#8211; la gen\u00e9tica.<\/p>\n<p>Fue un monje agustino cat\u00f3lico, y naturalista, nacido en Heinzendorf, Austria (actual Hyn\u010dice, distrito Nov\u00fd Ji\u010d\u00edn, Rep\u00fablica Checa), que describi\u00f3 las llamadas <em>Leyes de Mendel<\/em> que rigen la herencia gen\u00e9tica, por medio de los trabajos que llev\u00f3 a cabo con diferentes variedades de la planta del guisante (<em>Pisum sativum<\/em>).<\/p>\n<p>Los primeros trabajos en gen\u00e9tica fueron realizados por Mendel. Inicialmente realiz\u00f3 cruces de semillas, las cuales se particulizaron por salir de diferentes estilos y algunas de su misma forma. En sus resultados encontr\u00f3 caracteres como los dominantes que se caracterizan por determinar el efecto de un gen y los recesivos por no tener efecto gen\u00e9tico sobre una persona heterocig\u00f3tica.<!--more--><\/p>\n<p>Su trabajo no fue valorado cuando lo public\u00f3 en el a\u00f1o 1866. Hugo de Vries, bot\u00e1nicao neerland\u00e9s, junto a Carl Correns y Erich von Tschermak, redescubrieron las leyes de Mendel por separado en el a\u00f1o 1900.<\/p>\n<p><strong><br \/>\n<\/strong>Un aspecto no muy conocido de la vida de Mendel fue que se dedic\u00f3 durante los \u00faltimos 10 a\u00f1os de su vida a las abejas. Mendel reconoce que las abejas result\u00f3 un modelo de investigaci\u00f3n frustrante. Es probable que el experimento realizado con abejas fuera guiado para confirmar la teor\u00eda de la herencia.<\/p>\n<p><sup><span style=\"color: #888888;\">Foto: tugenetica.blogspot.com<\/span><\/sup><\/p>\n","protected":false},"excerpt":{"rendered":"<p>Mendel destil\u00f3 la esencia de la vida del verdadero cient\u00edfico en una frase: \u00abd\u00eda tras d\u00eda, de la primavera al oto\u00f1o, se renueva el inter\u00e9s que uno tiene&#8230;\u00bb. Cada d\u00eda hay en el Universo una estela dejada por la acci\u00f3n de otros seres humanos que al igual que nosotros buscaban la excelencia. Hoy esa\u00a0 estela [&hellip;]<\/p>\n","protected":false},"author":3,"featured_media":57812,"comment_status":"open","ping_status":"closed","sticky":false,"template":"","format":"standard","meta":{"footnotes":""},"categories":[8124,12],"tags":[10997,5847],"class_list":{"0":"post-57798","1":"post","2":"type-post","3":"status-publish","4":"format-standard","5":"has-post-thumbnail","7":"category-carrusel","8":"category-semilla-de-la-semana","9":"tag-biologo-del-siglo-xix","10":"tag-gregor-mendel"},"_links":{"self":[{"href":"https:\/\/moonmentum.com\/blog\/wp-json\/wp\/v2\/posts\/57798","targetHints":{"allow":["GET"]}}],"collection":[{"href":"https:\/\/moonmentum.com\/blog\/wp-json\/wp\/v2\/posts"}],"about":[{"href":"https:\/\/moonmentum.com\/blog\/wp-json\/wp\/v2\/types\/post"}],"author":[{"embeddable":true,"href":"https:\/\/moonmentum.com\/blog\/wp-json\/wp\/v2\/users\/3"}],"replies":[{"embeddable":true,"href":"https:\/\/moonmentum.com\/blog\/wp-json\/wp\/v2\/comments?post=57798"}],"version-history":[{"count":0,"href":"https:\/\/moonmentum.com\/blog\/wp-json\/wp\/v2\/posts\/57798\/revisions"}],"wp:featuredmedia":[{"embeddable":true,"href":"https:\/\/moonmentum.com\/blog\/wp-json\/wp\/v2\/media\/57812"}],"wp:attachment":[{"href":"https:\/\/moonmentum.com\/blog\/wp-json\/wp\/v2\/media?parent=57798"}],"wp:term":[{"taxonomy":"category","embeddable":true,"href":"https:\/\/moonmentum.com\/blog\/wp-json\/wp\/v2\/categories?post=57798"},{"taxonomy":"post_tag","embeddable":true,"href":"https:\/\/moonmentum.com\/blog\/wp-json\/wp\/v2\/tags?post=57798"}],"curies":[{"name":"wp","href":"https:\/\/api.w.org\/{rel}","templated":true}]}}