{"id":58160,"date":"2011-07-24T01:29:25","date_gmt":"2011-07-24T05:59:25","guid":{"rendered":"http:\/\/www.moonmentum.com\/blog\/?p=58160"},"modified":"2011-07-24T01:29:26","modified_gmt":"2011-07-24T05:59:26","slug":"simon-bolivar-el-padre-de-la-patria","status":"publish","type":"post","link":"https:\/\/moonmentum.com\/blog\/efemerides\/semilla-de-la-semana\/simon-bolivar-el-padre-de-la-patria\/","title":{"rendered":"Sim\u00f3n Bol\u00edvar el padre de la Patria."},"content":{"rendered":"<p><a rel=\"attachment wp-att-58177\" href=\"http:\/\/www.moonmentum.com\/blog\/efemerides\/semilla-del-dia\/simon-bolivar-el-padre-de-la-patria\/attachment\/simon-bolivar-5\/\"><img loading=\"lazy\" decoding=\"async\" class=\"alignleft size-medium wp-image-58177 lazyload\" style=\"--smush-placeholder-width: 237px; --smush-placeholder-aspect-ratio: 237\/300;border: 0pt none; margin: 6px; float: left;\" title=\"simon-bolivar\" data-src=\"http:\/\/www.moonmentum.com\/blog\/wp-content\/uploads\/2011\/07\/68470c76e5aeb55425f7349588e73906-237x300.jpg\" alt=\"simon-bolivar\" width=\"237\" height=\"300\" src=\"data:image\/gif;base64,R0lGODlhAQABAAAAACH5BAEKAAEALAAAAAABAAEAAAICTAEAOw==\" \/><noscript><img loading=\"lazy\" decoding=\"async\" class=\"alignleft size-medium wp-image-58177\" style=\"border: 0pt none; margin: 6px; float: left;\" title=\"simon-bolivar\" src=\"http:\/\/www.moonmentum.com\/blog\/wp-content\/uploads\/2011\/07\/68470c76e5aeb55425f7349588e73906-237x300.jpg\" alt=\"simon-bolivar\" width=\"237\" height=\"300\" \/><\/noscript><\/a>\u201cEl arte de vencer se aprende en las derrotas.\u201d<\/p>\n<p><em>Cada d\u00eda hay en el Universo una estela dejada por la acci\u00f3n de otros seres humanos que al igual que nosotros buscaban la excelencia. Hoy esa\u00a0 estela o<\/em><em> \u201c<\/em><a href=\"..\/..\/category\/sextante\/category\/sextante\/en-un-dia-como-hoy\/\"><em>semilla del d\u00eda<\/em><\/a><em>\u201d fue sembrada por\u2026<\/em><em><strong> <\/strong><\/em><\/p>\n<p><strong>Sim\u00f3n Bol\u00edvar<\/strong>, militar, estadista y pol\u00edtico venezolano, uno de los libertadores de Am\u00e9rica.<\/p>\n<p>En 1783, naci\u00f3 en <strong>Caracas<\/strong> <strong>Sim\u00f3n Bol\u00edvar<\/strong>, hijo del Coronel Juan Vicente Bol\u00edvar y Ponte y de Do\u00f1a Mar\u00eda de la Concepci\u00f3n Palacios y Blanco.<em> <\/em>Seg\u00fan los historiadores Julio Mancini el Marqu\u00e9s de Villa Urrutia y Am\u00e9rico Carnicelli, el Libertador Bol\u00edvar, se inici\u00f3 en la masoner\u00eda en 1803, en la Logia \u00abLautaro\u00bb, que funcionaba en C\u00e1diz, Espa\u00f1a, donde tambi\u00e9n se iniciaron Jos\u00e9 de San Mart\u00edn, Bernardo O&#8217;Higgins, Jos\u00e9 Miguel Carrera, Juan Mart\u00ednez de Rosas, Gregorio Argomedo, Juan Antonio Rojas, Jos\u00e9 Marra Zapiola, Carlos Marra de Alvear, Bernardo Monteagudo y Mariano Moreno, todos ellos pr\u00f3ceres de la Independencia. Estos tres historiadores coinciden en afirmar que el a\u00f1o de la iniciaci\u00f3n mas\u00f3nica del Libertador Bol\u00edvar, fue 1803. Otro historiador, el espa\u00f1ol Urrutia, se\u00f1ala la misma fecha, pero sostiene que la Logia no se llamaba \u00abLautaro\u00bb, sino \u00abCaballeros Racionales\u00bb.<!--more--><\/p>\n<p><em> <\/em><\/p>\n<p>En C\u00e1diz, hab\u00eda en 1803, dos logias mas\u00f3nicas: \u00abLautaro\u00bb y \u00abCaballeros Racionales\u00bb. La confusi\u00f3n viene por las visitas que sol\u00cda hacer Bol\u00edvar a la segunda de las nombradas. La Logia \u00abLautaro\u00bb, fue fundada en 1800 por inspiraci\u00f3n de Francisco de Miranda, quien resid\u00eda en Londres, haciendo planes para una expedici\u00f3n libertadora a Venezuela.<\/p>\n<blockquote><p><em>Ser presentado por un mas\u00f3n, es condici\u00f3n indispensable para optar al puesto de \u201cAprendiz\u201d, como la primera de las escalas de la masoner\u00eda. Bol\u00edvar fue presentado por su maestro <\/em><em>Sim\u00f3n Rodr\u00edguez en una logia mas\u00f3nica en Par\u00eds. Asisti\u00f3 a la coronaci\u00f3n de Napole\u00f3n como Rey de Italia en Mil\u00e1n. Recorrieron, muchas veces a pie toda la pen\u00ednsula; habiendo sido invitado a una recepci\u00f3n pontificia, dio el esc\u00e1ndalo de negarse a besar la sandalia del papa P\u00edo VII. Pero es en Italia donde Bol\u00edvar har\u00eda su famoso juramento sobre el Monte Sacro de Roma de no descansar hasta no haber liberado Am\u00e9rica del yugo de sus tiranos.<br \/>\n<\/em><\/p><\/blockquote>\n<p>En 1823, se <strong>libr\u00f3 en el Lago de Maracaibo la batalla que sell\u00f3 la Independencia de Venezuela<\/strong>. Luego de esta batalla naval Morales tuvo que capitular y marcharse. En homenaje a esta importante batalla se celebra el 24 de julio el D\u00eda de la Armada Venezolana.<\/p>\n<blockquote><p><em>A trav\u00e9s del tiempo nos han acostumbrado a celebrar la historia creada por el hombre, en d\u00edas como hoy se celebran ceremonias y homenajes a un hombre cuya historia\u00a0 es estudiada permanentemente como parte del curriculum acad\u00e9mico.<\/em><\/p>\n<p><em>Existe otra historia, la historia de una raza que estudiaba y veneraba con ceremonias y homenajes a la \u00abnaturaleza\u00bb (no al hombre) como expresi\u00f3n m\u00e1xima de la vida&#8230; hoy 24 de Julio, ma\u00f1ana 25 de Julio y el 26 de Julio son d\u00edas de reflexi\u00f3n, de encuentro, de respuesta (no permita que el mundanal ruido le aleje del privilegio de estar vivo).<\/em><\/p><\/blockquote>\n","protected":false},"excerpt":{"rendered":"<p>\u201cEl arte de vencer se aprende en las derrotas.\u201d Cada d\u00eda hay en el Universo una estela dejada por la acci\u00f3n de otros seres humanos que al igual que nosotros buscaban la excelencia. Hoy esa\u00a0 estela o \u201csemilla del d\u00eda\u201d fue sembrada por\u2026 Sim\u00f3n Bol\u00edvar, militar, estadista y pol\u00edtico venezolano, uno de los libertadores de [&hellip;]<\/p>\n","protected":false},"author":3,"featured_media":58177,"comment_status":"open","ping_status":"closed","sticky":false,"template":"","format":"standard","meta":{"footnotes":""},"categories":[8124,12],"tags":[5899,5902,5898,5900,481,490],"class_list":{"0":"post-58160","1":"post","2":"type-post","3":"status-publish","4":"format-standard","5":"has-post-thumbnail","7":"category-carrusel","8":"category-semilla-de-la-semana","9":"tag-estadista","10":"tag-libertador-de-venezuela","11":"tag-militar","12":"tag-politico-venezolano","13":"tag-semilla","14":"tag-simon-bolivar"},"_links":{"self":[{"href":"https:\/\/moonmentum.com\/blog\/wp-json\/wp\/v2\/posts\/58160","targetHints":{"allow":["GET"]}}],"collection":[{"href":"https:\/\/moonmentum.com\/blog\/wp-json\/wp\/v2\/posts"}],"about":[{"href":"https:\/\/moonmentum.com\/blog\/wp-json\/wp\/v2\/types\/post"}],"author":[{"embeddable":true,"href":"https:\/\/moonmentum.com\/blog\/wp-json\/wp\/v2\/users\/3"}],"replies":[{"embeddable":true,"href":"https:\/\/moonmentum.com\/blog\/wp-json\/wp\/v2\/comments?post=58160"}],"version-history":[{"count":0,"href":"https:\/\/moonmentum.com\/blog\/wp-json\/wp\/v2\/posts\/58160\/revisions"}],"wp:featuredmedia":[{"embeddable":true,"href":"https:\/\/moonmentum.com\/blog\/wp-json\/wp\/v2\/media\/58177"}],"wp:attachment":[{"href":"https:\/\/moonmentum.com\/blog\/wp-json\/wp\/v2\/media?parent=58160"}],"wp:term":[{"taxonomy":"category","embeddable":true,"href":"https:\/\/moonmentum.com\/blog\/wp-json\/wp\/v2\/categories?post=58160"},{"taxonomy":"post_tag","embeddable":true,"href":"https:\/\/moonmentum.com\/blog\/wp-json\/wp\/v2\/tags?post=58160"}],"curies":[{"name":"wp","href":"https:\/\/api.w.org\/{rel}","templated":true}]}}