{"id":6172,"date":"2009-07-22T01:08:11","date_gmt":"2009-07-22T05:38:11","guid":{"rendered":"http:\/\/www.elpulsodeltiempo.com\/timepulse\/?p=6172"},"modified":"2009-07-22T01:08:11","modified_gmt":"2009-07-22T05:38:11","slug":"efemerides-pronostico-2549-del-22-de-julio","status":"publish","type":"post","link":"https:\/\/moonmentum.com\/blog\/efemerides\/efemerides-pronostico-2549-del-22-de-julio\/","title":{"rendered":"Efem\u00e9rides \/ Pron\u00f3stico # 2549 del 22 de Julio"},"content":{"rendered":"<p align=\"center\"><strong>\u201cEclipse\u201d<\/strong><\/p>\n<h3 style=\"text-align: center;\"><a href=\"http:\/\/www.bbc.co.uk\/mundo\/ciencia_tecnologia\/2009\/07\/090722_0800_eclipse_asia_ms.shtml\" target=\"_blank\">Asia se oscurece de d\u00eda<\/a><\/h3>\n<p align=\"center\"><a href=\"http:\/\/antwrp.gsfc.nasa.gov\/apod\/ap080504.html\"><\/a><a href=\"http:\/\/antwrp.gsfc.nasa.gov\/apod\/ap080504.html\"><\/a><\/p>\n<p style=\"text-align: justify;\">El eclipse solar de mayor duraci\u00f3n del siglo XXI tendr\u00e1 lugar hoy mi\u00e9rcoles 22 de julio. El trayecto del eclipse total atraviesa muchas ciudades importantes, haciendo que quiz\u00e1s \u00e9ste sea el eclipse solar que m\u00e1s ha sido observado en toda la historia de la humanidad.<\/p>\n<p style=\"text-align: center;\">\u00a0<a href=\"http:\/\/www.moonmentum.com\/blog\/wp-content\/uploads\/2009\/07\/eclipse.jpg\"><img loading=\"lazy\" decoding=\"async\" class=\"size-full wp-image-6174 aligncenter lazyload\" style=\"--smush-placeholder-width: 245px; --smush-placeholder-aspect-ratio: 245\/145;border: 0px;\" title=\"Eclipse\" data-src=\"http:\/\/www.moonmentum.com\/blog\/wp-content\/uploads\/2009\/07\/eclipse.jpg\" alt=\"Eclipse\" width=\"245\" height=\"145\" src=\"data:image\/gif;base64,R0lGODlhAQABAAAAACH5BAEKAAEALAAAAAABAAEAAAICTAEAOw==\" \/><noscript><img loading=\"lazy\" decoding=\"async\" class=\"size-full wp-image-6174 aligncenter\" style=\"border: 0px;\" title=\"Eclipse\" src=\"http:\/\/www.moonmentum.com\/blog\/wp-content\/uploads\/2009\/07\/eclipse.jpg\" alt=\"Eclipse\" width=\"245\" height=\"145\" \/><\/noscript><\/a>Una salida del Sol totalmente eclipsada en la Ant\u00e1rtida.<br \/>\nCr\u00e9dito y derechos de autor de la imagen: Fred Bruenjes, de moonglow.net.\u00a0<strong>\u00a0<\/strong><\/p>\n<p><strong><br \/>\n<span style=\"font-size: small;\">Efem\u00e9rides<\/span>\u00a0\u00a0\u00a0\u00a0\u00a0 <\/strong><strong><em>\u00a0<\/em><\/strong><\/p>\n<p style=\"text-align: justify;\"><strong>Julio<\/strong> es el s\u00e9ptimo mes del a\u00f1o en el calendario gregoriano y tiene 31 d\u00edas. Originalmente llamado Quintilis fue renombrado a \u00abJulio\u00bb en honor del emperador romano Julio C\u00e9sar (<em>Iulius Caesar<\/em>, en lat\u00edn), quien naci\u00f3 en este mes.<!--more--><\/p>\n<p><strong>IVLIVS<\/strong><\/p>\n<p style=\"text-align: justify;\">El Senado de Roma orden\u00f3 en el a\u00f1o 44 a.n.e. (709 ab Vrbe condita) que el antiguo mes de <em>Quinctilis<\/em> (el \u00abquinto mes\u00bb del calendario primitivo) mudara su nombre por el de julio en honor a Julio C\u00e9sar, quien hab\u00eda nacido en \u00e9ste, en agradecimiento por haber reformado el calendario. La estirpe Julia (<em>gens Iulia<\/em>), a la que pertenec\u00eda C\u00e9sar, era una de las m\u00e1s antiguas de Roma. Cuenta la tradici\u00f3n que tiene su origen en Ascanio, hijo de Eneas, uno de cuyos sobrenombres era Iulo.<\/p>\n<p style=\"text-align: justify;\"><strong>El<\/strong> <strong>22 de julio<\/strong> es el bicent\u00e9simo tercer (203\u00ba) d\u00eda del a\u00f1o del Calendario Gregoriano y n\u00famero 204 en los a\u00f1os bisiestos. Quedan 162 d\u00edas para finalizar el a\u00f1o.<\/p>\n<p><strong><span style=\"font-size: small;\">Acontecimientos:<\/span><\/strong><\/p>\n<p style=\"text-align: justify;\"><strong>1795 &#8211;<\/strong>\u00a0Espa\u00f1a y Francia firman el segundo tratado de Basilea, dando por finalizada la guerra del Rosell\u00f3n.<br \/>\n<strong>1864 &#8211;<\/strong>\u00a0Batalla de Atlanta en la Guerra Civil Estadounidense.<br \/>\n<strong>1921<\/strong> &#8211; Guerra de Marruecos: <em>Desastre de Annual<\/em>, el ej\u00e9rcito espa\u00f1ol sufre una grave derrota en las cercan\u00edas de Annual.<br \/>\n<strong>1942<\/strong> &#8211; Comienzan las deportaciones de jud\u00edos del Gueto de Varsovia hacia el Campo de exterminio de Treblinka. Fueron deportadas 6.000 personas al d\u00eda desde este d\u00eda.<br \/>\n<strong>1971 &#8211;<\/strong>\u00a0Hallazgo de la Dama de Baza.<\/p>\n<p><strong><span style=\"font-size: small;\">Nacimientos:<\/span><\/strong><\/p>\n<p><strong>1454<\/strong> &#8211; Juan II, rey de Castilla.<br \/>\n<strong>1887 &#8211;<\/strong> Gustav Hertz, f\u00edsico alem\u00e1n. Premio Nobel de F\u00edsica en 1925.\u00a0<strong>\u00a0<\/strong><\/p>\n<p><strong><span style=\"font-size: small;\">Fallecimientos:<\/span><\/strong><\/p>\n<p><strong>1461 &#8211;<\/strong> Carlos VII, rey de Francia.<br \/>\n<strong>1908 &#8211;<\/strong> William Randal Cremer, pacifista ingl\u00e9s.\u00a0Premio Nobel de la Paz en 1903.\u00a0<strong>\u00a0<\/strong><strong>\u00a0<\/strong><\/p>\n<p><span style=\"font-size: small;\"><strong>Fiestas<\/strong><strong> <\/strong><\/span><\/p>\n<p><a title=\"D\u00eda de \u03c0\" href=\"http:\/\/es.wikipedia.org\/wiki\/D%C3%ADa_de_%CF%80\">D\u00eda dedicado a \u03c0<\/a> debido a la aproximaci\u00f3n fraccional de 22\/7. (Lea Index Edici\u00f3n Especial del d\u00eda de hoy)<\/p>\n<p><strong>Santoral cat\u00f3lico:<\/strong><\/p>\n<figure id=\"attachment_6177\" aria-describedby=\"caption-attachment-6177\" style=\"width: 164px\" class=\"wp-caption alignleft\"><a href=\"http:\/\/www.moonmentum.com\/blog\/wp-content\/uploads\/2009\/07\/maria-magdalena21.jpg\"><img loading=\"lazy\" decoding=\"async\" class=\"size-full wp-image-6177 lazyload\" title=\"Maria Magdalena2\" data-src=\"http:\/\/www.moonmentum.com\/blog\/wp-content\/uploads\/2009\/07\/maria-magdalena21.jpg\" alt=\"Mar\u00eda Magdalena, cuadro de Jos\u00e9 de Ribera\" width=\"164\" height=\"226\" src=\"data:image\/gif;base64,R0lGODlhAQABAAAAACH5BAEKAAEALAAAAAABAAEAAAICTAEAOw==\" style=\"--smush-placeholder-width: 164px; --smush-placeholder-aspect-ratio: 164\/226;\" \/><noscript><img loading=\"lazy\" decoding=\"async\" class=\"size-full wp-image-6177\" title=\"Maria Magdalena2\" src=\"http:\/\/www.moonmentum.com\/blog\/wp-content\/uploads\/2009\/07\/maria-magdalena21.jpg\" alt=\"Mar\u00eda Magdalena, cuadro de Jos\u00e9 de Ribera\" width=\"164\" height=\"226\" \/><\/noscript><\/a><figcaption id=\"caption-attachment-6177\" class=\"wp-caption-text\">Mar\u00eda Magdalena, cuadro de Jos\u00e9 de Ribera<\/figcaption><\/figure>\n<p style=\"text-align: justify;\">\u00a0<strong>Mar\u00eda Magdalena<\/strong><strong>\u00a0<\/strong> es mencionada, tanto en el Nuevo Testamento can\u00f3nico como en varios evangelios ap\u00f3crifos, como una devota disc\u00edpula de Jes\u00fas de Nazaret. Es considerada santa por la Iglesia Cat\u00f3lica, la Iglesia Ortodoxa y la Iglesia Anglicana, que celebran su festividad el 22 de julio. Reviste una especial importancia para las corrientes gn\u00f3sticas del cristianismo. Su nombre hace referencia a su lugar de procedencia: Mar\u00eda de Magdala. Magdala era una ciudad situada en la costa occidental de lago de Tiberiades. Su existencia hist\u00f3rica es objeto de debate.<\/p>\n<p style=\"text-align: justify;\">Existe una antigua tradici\u00f3n cristiana de pintar huevos de Pascua. Estos huevos simbolizan la nueva vida y a Cristo emergiendo de la tumba, de hecho, los cristianos ortodoxos acompa\u00f1an esta tradici\u00f3n con la consigna: \u00a1Cristo ha resucitado!<\/p>\n<p style=\"text-align: justify;\">Una de las tradiciones habla de que tras la resurrecci\u00f3n, Tiberio invit\u00f3 a Mar\u00eda Magdalena a un \u00e1gape y \u00e9sta sostuvo un huevo frente a \u00e9l y exclam\u00f3: \u00a1Cristo ha resucitado!, \u00e9ste se ri\u00f3 y le dijo que eso era tan probable como que el huevo se volviera rojo mientras lo sujetaba y antes de que acabara de hablar el huevo se volvi\u00f3 rojo.<\/p>\n<p style=\"text-align: justify;\">Otra tradici\u00f3n habla de que el coraz\u00f3n sagrado de Cristo quedar\u00eda encerrado en un recipiente con forma de huevo del que Mar\u00eda Magdalena ser\u00eda guardiana.<\/p>\n<p style=\"text-align: justify;\">Diversos artistas la han representado a lo largo de la historia. Suele aparecer pelirroja.<\/p>\n<p style=\"text-align: justify;\"><a title=\"Mar\u00eda Magdalena\" href=\"http:\/\/es.wikipedia.org\/wiki\/Mar\u00eda_Magdalena\"><strong>Mar\u00eda Magdalena<\/strong><\/a><strong>\u00a0<\/strong><\/p>\n","protected":false},"excerpt":{"rendered":"<p>\u201cEclipse\u201d Asia se oscurece de d\u00eda El eclipse solar de mayor duraci\u00f3n del siglo XXI tendr\u00e1 lugar hoy mi\u00e9rcoles 22 de julio. El trayecto del eclipse total atraviesa muchas ciudades importantes, haciendo que quiz\u00e1s \u00e9ste sea el eclipse solar que m\u00e1s ha sido observado en toda la historia de la humanidad. \u00a0Una salida del Sol [&hellip;]<\/p>\n","protected":false},"author":3,"featured_media":6174,"comment_status":"open","ping_status":"closed","sticky":false,"template":"","format":"standard","meta":{"footnotes":""},"categories":[23],"tags":[159,173,183,17193,359],"class_list":{"0":"post-6172","1":"post","2":"type-post","3":"status-publish","4":"format-standard","5":"has-post-thumbnail","7":"category-efemerides","8":"tag-dia-dediado-a-pi","9":"tag-dia-pi","10":"tag-eclipse","11":"tag-efemerides","12":"tag-maria-magdalena"},"_links":{"self":[{"href":"https:\/\/moonmentum.com\/blog\/wp-json\/wp\/v2\/posts\/6172","targetHints":{"allow":["GET"]}}],"collection":[{"href":"https:\/\/moonmentum.com\/blog\/wp-json\/wp\/v2\/posts"}],"about":[{"href":"https:\/\/moonmentum.com\/blog\/wp-json\/wp\/v2\/types\/post"}],"author":[{"embeddable":true,"href":"https:\/\/moonmentum.com\/blog\/wp-json\/wp\/v2\/users\/3"}],"replies":[{"embeddable":true,"href":"https:\/\/moonmentum.com\/blog\/wp-json\/wp\/v2\/comments?post=6172"}],"version-history":[{"count":0,"href":"https:\/\/moonmentum.com\/blog\/wp-json\/wp\/v2\/posts\/6172\/revisions"}],"wp:featuredmedia":[{"embeddable":true,"href":"https:\/\/moonmentum.com\/blog\/wp-json\/wp\/v2\/media\/6174"}],"wp:attachment":[{"href":"https:\/\/moonmentum.com\/blog\/wp-json\/wp\/v2\/media?parent=6172"}],"wp:term":[{"taxonomy":"category","embeddable":true,"href":"https:\/\/moonmentum.com\/blog\/wp-json\/wp\/v2\/categories?post=6172"},{"taxonomy":"post_tag","embeddable":true,"href":"https:\/\/moonmentum.com\/blog\/wp-json\/wp\/v2\/tags?post=6172"}],"curies":[{"name":"wp","href":"https:\/\/api.w.org\/{rel}","templated":true}]}}