{"id":62595,"date":"2011-09-08T00:04:32","date_gmt":"2011-09-08T04:34:32","guid":{"rendered":"http:\/\/www.moonmentum.com\/blog\/?p=62595"},"modified":"2011-09-08T06:21:07","modified_gmt":"2011-09-08T10:51:07","slug":"dia-de-reflexion","status":"publish","type":"post","link":"https:\/\/moonmentum.com\/blog\/pronostico\/clima-astrologico\/dia-de-reflexion\/","title":{"rendered":"D\u00eda de reflexi\u00f3n."},"content":{"rendered":"<p><a rel=\"attachment wp-att-62600\" href=\"http:\/\/www.moonmentum.com\/blog\/pronostico\/index\/dia-de-reflexion\/attachment\/227860_10150227398107792_40168112791_8502237_230139_n\/\"><img loading=\"lazy\" decoding=\"async\" class=\"alignleft size-medium wp-image-62600 lazyload\" style=\"--smush-placeholder-width: 221px; --smush-placeholder-aspect-ratio: 221\/300;float: left; margin: 6px; border: 0pt none;\" title=\"227860_10150227398107792_40168112791_8502237_230139_n\" data-src=\"http:\/\/www.moonmentum.com\/blog\/wp-content\/uploads\/2011\/09\/227860_10150227398107792_40168112791_8502237_230139_n-221x300.jpg\" alt=\"227860_10150227398107792_40168112791_8502237_230139_n\" width=\"221\" height=\"300\" src=\"data:image\/gif;base64,R0lGODlhAQABAAAAACH5BAEKAAEALAAAAAABAAEAAAICTAEAOw==\" \/><noscript><img loading=\"lazy\" decoding=\"async\" class=\"alignleft size-medium wp-image-62600\" style=\"float: left; margin: 6px; border: 0pt none;\" title=\"227860_10150227398107792_40168112791_8502237_230139_n\" src=\"http:\/\/www.moonmentum.com\/blog\/wp-content\/uploads\/2011\/09\/227860_10150227398107792_40168112791_8502237_230139_n-221x300.jpg\" alt=\"227860_10150227398107792_40168112791_8502237_230139_n\" width=\"221\" height=\"300\" \/><\/noscript><\/a>Hoy se celebra en el planeta bajo diferentes mascaras a <a href=\"http:\/\/www.moonmentum.com\/blog\/efemerides\/en-un-dia-como-hoy\/en-un-dia-como-hoy-124\/\">la virgen<\/a> en sus diferentes manifestaciones.\u00a0 El hecho de que la fiesta de la Virgen de la Caridad se celebre en Cuba el 8 de septiembre, el mismo d\u00eda que los cultos religiosos afrocubanos celebran la fiesta de su orisha o diosa Osh\u00fan (deidad del amor y la belleza), hacen que muchos piensen que el culto de la Virgen de la Caridad del Cobre sea un fen\u00f3meno de sincretismo, algo bastante com\u00fan en Cuba, en el que los santos cat\u00f3licos se confunden o tienen su avatar en orishas con similares caracter\u00edsticas del pante\u00f3n religioso afrocubano.<\/p>\n<p>Si bien existen coincidencias entre los santos de uno y otro culto, \u00e9stas datan de muchos siglos antes del \u00abencuentro\u00bb. Es posible que, desde un inicio, los esclavos africanos hayan reconocido estas similitudes y se aprovecharan de los parecidos para adorar a sus propios dioses bajo la mirada vigilante de sus amos.<\/p>\n<p>D\u00eda para reflexionar y recapitular, mucha cautela por la presencia de <a href=\"..\/codex\/lilith-o-luna-negra\/\">Lilith<\/a> (La otra cara de la Virgen).<\/p>\n<p>\u201cNo venimos a este mundo, surgimos de \u00e9l\u201d.<!--more--><\/p>\n<p>Lo que somos en nuestro ser m\u00e1s profundo escapa a nuestro examen de la misma manera que no podemos vernos directamente los ojos sin utilizar un espejo (a menos que nos veamos reflejados en los ojos de otros), que no podemos mordernos los dientes y que no podemos tocarnos la yema del \u00edndice derecho.<\/p>\n<p>En nuestro lenguaje cotidiano utilizamos la palabra \u201cyo\u201d de una manera muy especial. No estamos acostumbrados a decir \u201cyo soy un cuerpo\u201d; en lugar de ello decimos \u201cTengo un cuerpo\u201d. No decimos \u201cYo lato mi coraz\u00f3n\u201d, de la misma manera que decimos: \u201cyo camino, hablo, pienso\u201d. Pensamos que nuestro coraz\u00f3n late por s\u00ed mismo y que no tenemos que ver con eso.<\/p>\n<p>Hemos aprendido a creer que lo que est\u00e1 fuera de nosotros no forma parte de nosotros. Naturalmente, esto establece una sensaci\u00f3n fundamental de hostilidad y extra\u00f1eza entre nosotros y el llamado \u201cmundo exterior\u201d, llev\u00e1ndonos a hablar de la conquista de la naturaleza, de la conquista del espacio y a considerar que nos hallamos en una especie de batalla contra el mundo que nos rodea. En realidad resulta totalmente absurdo decir que venimos a este mundo. No venimos a este mundo\u2026 surgimos de \u00e9l\u201d.<\/p>\n<p>El Universo nos habla permanente en un lenguaje mudo, sin palabras\u2026 pero lleno de significado.<\/p>\n<p><strong>Mensaje del D\u00eda:<\/strong> \u201cEl que tenga ojos que vea&#8230;\u201d<\/p>\n<p><a href=\"..\/pronostico\/index\/dia-de-reflexion\/#more-62595\">Ver m\u00e1s\u2026<\/a><\/p>\n","protected":false},"excerpt":{"rendered":"<p>Hoy se celebra en el planeta bajo diferentes mascaras a <a href=\"http:\/\/www.moonmentum.com\/blog\/efemerides\/en-un-dia-como-hoy\/en-un-dia-como-hoy-124\/\">la virgen<\/a> en sus diferentes manifestaciones.  El hecho de que la fiesta de la Virgen de la Caridad se celebre en Cuba el 8 de septiembre, el mismo d\u00eda que los cultos religiosos afrocubanos celebran la fiesta de su orisha o diosa Osh\u00fan&#8230; <a href=\"..\/pronostico\/index\/dia-de-reflexion\/#more-62595\">Ver m\u00e1s\u2026<\/a><\/p>\n","protected":false},"author":3,"featured_media":62600,"comment_status":"open","ping_status":"closed","sticky":false,"template":"","format":"standard","meta":{"footnotes":""},"categories":[17],"tags":[17193,11255,8142,11463],"class_list":{"0":"post-62595","1":"post","2":"type-post","3":"status-publish","4":"format-standard","5":"has-post-thumbnail","7":"category-clima-astrologico","8":"tag-efemerides","9":"tag-santorial","10":"tag-virgen","11":"tag-virgen-de-la-caridad-del-cobre"},"_links":{"self":[{"href":"https:\/\/moonmentum.com\/blog\/wp-json\/wp\/v2\/posts\/62595","targetHints":{"allow":["GET"]}}],"collection":[{"href":"https:\/\/moonmentum.com\/blog\/wp-json\/wp\/v2\/posts"}],"about":[{"href":"https:\/\/moonmentum.com\/blog\/wp-json\/wp\/v2\/types\/post"}],"author":[{"embeddable":true,"href":"https:\/\/moonmentum.com\/blog\/wp-json\/wp\/v2\/users\/3"}],"replies":[{"embeddable":true,"href":"https:\/\/moonmentum.com\/blog\/wp-json\/wp\/v2\/comments?post=62595"}],"version-history":[{"count":0,"href":"https:\/\/moonmentum.com\/blog\/wp-json\/wp\/v2\/posts\/62595\/revisions"}],"wp:featuredmedia":[{"embeddable":true,"href":"https:\/\/moonmentum.com\/blog\/wp-json\/wp\/v2\/media\/62600"}],"wp:attachment":[{"href":"https:\/\/moonmentum.com\/blog\/wp-json\/wp\/v2\/media?parent=62595"}],"wp:term":[{"taxonomy":"category","embeddable":true,"href":"https:\/\/moonmentum.com\/blog\/wp-json\/wp\/v2\/categories?post=62595"},{"taxonomy":"post_tag","embeddable":true,"href":"https:\/\/moonmentum.com\/blog\/wp-json\/wp\/v2\/tags?post=62595"}],"curies":[{"name":"wp","href":"https:\/\/api.w.org\/{rel}","templated":true}]}}