{"id":65389,"date":"2011-10-07T00:09:35","date_gmt":"2011-10-07T04:39:35","guid":{"rendered":"http:\/\/www.moonmentum.com\/blog\/?p=65389"},"modified":"2011-10-06T23:25:38","modified_gmt":"2011-10-07T03:55:38","slug":"sus-pensamientos-lo-hicieron-merecedor-de-un-atomo-de-paz","status":"publish","type":"post","link":"https:\/\/moonmentum.com\/blog\/efemerides\/semilla-de-la-semana\/sus-pensamientos-lo-hicieron-merecedor-de-un-atomo-de-paz\/","title":{"rendered":"Sus pensamientos lo hicieron merecedor de un \u201c\u00c1tomo de Paz\u201d."},"content":{"rendered":"<p><a rel=\"attachment wp-att-65393\" href=\"http:\/\/www.moonmentum.com\/blog\/efemerides\/semilla-del-dia\/sus-pensamientos-lo-hicieron-merecedor-de-un-%e2%80%9catomo-de-paz%e2%80%9d\/attachment\/niels-bohr\/\"><img loading=\"lazy\" decoding=\"async\" class=\"alignleft size-medium wp-image-65393 lazyload\" style=\"--smush-placeholder-width: 192px; --smush-placeholder-aspect-ratio: 192\/220;float: left; margin: 6px; border: 0pt none;\" title=\"niels bohr\" data-src=\"http:\/\/www.moonmentum.com\/blog\/wp-content\/uploads\/2011\/10\/niels-bohr-262x300.jpg\" alt=\"niels bohr\" width=\"192\" height=\"220\" src=\"data:image\/gif;base64,R0lGODlhAQABAAAAACH5BAEKAAEALAAAAAABAAEAAAICTAEAOw==\" \/><noscript><img loading=\"lazy\" decoding=\"async\" class=\"alignleft size-medium wp-image-65393\" style=\"float: left; margin: 6px; border: 0pt none;\" title=\"niels bohr\" src=\"http:\/\/www.moonmentum.com\/blog\/wp-content\/uploads\/2011\/10\/niels-bohr-262x300.jpg\" alt=\"niels bohr\" width=\"192\" height=\"220\" \/><\/noscript><\/a>El sentido de la vida consiste en que no tiene ning\u00fan sentido decir que la vida no tiene sentido.<br \/>\n<a title=\"Niels Bohr\" href=\"http:\/\/es.wikipedia.org\/wiki\/Niels_Bohr\"><strong>Niels Bohr<\/strong><\/a><\/p>\n<p><em>Cada d\u00eda hay en el Universo una estela dejada por la acci\u00f3n de otros seres humanos que al igual que nosotros buscaban la excelencia. Hoy esa\u00a0 estela o\u00a0 \u201c<\/em><a href=\"..\/..\/category\/sextante\/category\/sextante\/en-un-dia-como-hoy\/\"><em>semilla del d\u00eda<\/em><\/a><em>\u201d fue sembrada por\u2026<\/em><\/p>\n<p><strong>Niels Bohr<\/strong>, f\u00edsico dan\u00e9s, premio Nobel de F\u00edsica en 1922. Por sus trabajos sobre la estructura at\u00f3mica y la radiaci\u00f3n.<\/p>\n<p>Hace m\u00e1s de 100 a\u00f1os nac\u00eda un hombre que comprendi\u00f3 las intimidades del \u00e1tomo y las del coraz\u00f3n: <strong>Niels Bohr<\/strong>.<\/p>\n<p>Es conocido el vuelco que en 1913 le diera a la f\u00edsica cl\u00e1sica con su concepci\u00f3n del \u00e1tomo, este ganador del Nobel en 1922 y del premio \u00ab\u00e1tomos por la paz\u00bb, en 1957.<br \/>\nSe ha difundido menos su acci\u00f3n en la defensa de la paz y de la dignidad del hombre. <!--more--><\/p>\n<p>Era un pensador que extrapolaba a los predios de la filosof\u00eda las conclusiones de la experimentaci\u00f3n. Su principio de la complementariedad aceptado hoy, y que en Einstein no lleg\u00f3 admitir, lo llev\u00f3 al terreno de la psicolog\u00eda, al insinuar que son complementarias la capacidad de un hombre de presentir y prever racionalmente un hecho.<\/p>\n<p>Niels Bohr fue el \u00fanico cient\u00edfico que en la vida de Einstein, su amigo, lo aventajara en un sentido, con una opini\u00f3n que el autor de la Teor\u00eda de la Relatividad, nunca lleg\u00f3 a aceptar. (Rep. Scotto).<\/p>\n<p><sup><span style=\"color: #888888;\">Foto: wikipedia.org<\/span><\/sup><\/p>\n<p><strong> <\/strong><\/p>\n<p><span style=\"color: #888888;\"><strong><a rel=\"attachment wp-att-65400\" href=\"http:\/\/www.moonmentum.com\/blog\/efemerides\/semilla-del-dia\/sus-pensamientos-lo-hicieron-merecedor-de-un-%e2%80%9catomo-de-paz%e2%80%9d\/attachment\/414px-niels_bohr_albert_einstein_by_ehrenfest\/\"><img loading=\"lazy\" decoding=\"async\" class=\"alignleft size-medium wp-image-65400 lazyload\" style=\"--smush-placeholder-width: 152px; --smush-placeholder-aspect-ratio: 152\/220;margin: 6px; border: 0pt none; float: right;\" title=\"414px-Niels_Bohr_Albert_Einstein_by_Ehrenfest\" data-src=\"http:\/\/www.moonmentum.com\/blog\/wp-content\/uploads\/2011\/10\/414px-niels_bohr_albert_einstein_by_ehrenfest-207x300.jpg\" alt=\"414px-Niels_Bohr_Albert_Einstein_by_Ehrenfest\" width=\"152\" height=\"220\" src=\"data:image\/gif;base64,R0lGODlhAQABAAAAACH5BAEKAAEALAAAAAABAAEAAAICTAEAOw==\" \/><noscript><img loading=\"lazy\" decoding=\"async\" class=\"alignleft size-medium wp-image-65400\" style=\"margin: 6px; border: 0pt none; float: right;\" title=\"414px-Niels_Bohr_Albert_Einstein_by_Ehrenfest\" src=\"http:\/\/www.moonmentum.com\/blog\/wp-content\/uploads\/2011\/10\/414px-niels_bohr_albert_einstein_by_ehrenfest-207x300.jpg\" alt=\"414px-Niels_Bohr_Albert_Einstein_by_Ehrenfest\" width=\"152\" height=\"220\" \/><\/noscript><\/a>En la foto:<\/strong> Niels Bohr y Albert Einstein debatiendo la teor\u00eda cu\u00e1ntica en casa de Paul Ehrenfest en Leiden (diciembre de 1925).<\/span><\/p>\n<p><span style=\"color: #888888;\"><strong> <\/strong><\/span><\/p>\n<p><span style=\"color: #888888;\">El debate que sostuvo Einstein con Bohr con respecto a la validez o no validez de las leyes de la Relatividad en el mundo subat\u00f3mico de la F\u00edsica Cu\u00e1ntica. Einstein dec\u00eda que el universo material era \u00ablocal y real\u00bb, donde lo local apuntaba a que nada puede superar la velocidad de la luz, mientras que lo real apunta a que las cosas existen en una sola forma definida en un tiempo y espacio determinado. Bohr por su parte apelaba a la \u00abfunci\u00f3n de onda\u00bb de las part\u00edculas subat\u00f3micas y al estado de \u00absuperposici\u00f3n\u00bb que pueden presentar estas en condiciones muy distintas a las que mantienen a los fen\u00f3menos macro. Por ejemplo un electr\u00f3n pod\u00eda estar en dos estados opuestos y extremamente alejados a la vez y lo que ocurre con uno en determinado punto del universo, es experimentado por el otro al otro extremo del universo. Es durante el desarrollo de este debate que se esgrimi\u00f3 la frase tan c\u00e9lebre por parte de Einstein: \u00abDios no juega a los dados\u00bb. De dicha frase hay registros confiables, lo cual no ocurre con un supuesto contrargumento por parte de Bohr hacia Einstein en el mismo debate, donde dice: \u00ab\u00a1Einstein, deja de decirle a Dios como hacer las cosas!\u00bb.<\/span><\/p>\n","protected":false},"excerpt":{"rendered":"<p>El sentido de la vida consiste en que no tiene ning\u00fan sentido decir que la vida no tiene sentido. Niels Bohr Cada d\u00eda hay en el Universo una estela dejada por la acci\u00f3n de otros seres humanos que al igual que nosotros buscaban la excelencia. Hoy esa\u00a0 estela o\u00a0 \u201csemilla del d\u00eda\u201d fue sembrada por\u2026 [&hellip;]<\/p>\n","protected":false},"author":3,"featured_media":65393,"comment_status":"open","ping_status":"closed","sticky":false,"template":"","format":"standard","meta":{"footnotes":""},"categories":[12],"tags":[7264,6012,11702],"class_list":{"0":"post-65389","1":"post","2":"type-post","3":"status-publish","4":"format-standard","5":"has-post-thumbnail","7":"category-semilla-de-la-semana","8":"tag-fisico-danes","9":"tag-niels-bohr","10":"tag-premio-nobel-de-fisica-en-1922"},"_links":{"self":[{"href":"https:\/\/moonmentum.com\/blog\/wp-json\/wp\/v2\/posts\/65389","targetHints":{"allow":["GET"]}}],"collection":[{"href":"https:\/\/moonmentum.com\/blog\/wp-json\/wp\/v2\/posts"}],"about":[{"href":"https:\/\/moonmentum.com\/blog\/wp-json\/wp\/v2\/types\/post"}],"author":[{"embeddable":true,"href":"https:\/\/moonmentum.com\/blog\/wp-json\/wp\/v2\/users\/3"}],"replies":[{"embeddable":true,"href":"https:\/\/moonmentum.com\/blog\/wp-json\/wp\/v2\/comments?post=65389"}],"version-history":[{"count":0,"href":"https:\/\/moonmentum.com\/blog\/wp-json\/wp\/v2\/posts\/65389\/revisions"}],"wp:featuredmedia":[{"embeddable":true,"href":"https:\/\/moonmentum.com\/blog\/wp-json\/wp\/v2\/media\/65393"}],"wp:attachment":[{"href":"https:\/\/moonmentum.com\/blog\/wp-json\/wp\/v2\/media?parent=65389"}],"wp:term":[{"taxonomy":"category","embeddable":true,"href":"https:\/\/moonmentum.com\/blog\/wp-json\/wp\/v2\/categories?post=65389"},{"taxonomy":"post_tag","embeddable":true,"href":"https:\/\/moonmentum.com\/blog\/wp-json\/wp\/v2\/tags?post=65389"}],"curies":[{"name":"wp","href":"https:\/\/api.w.org\/{rel}","templated":true}]}}