{"id":66702,"date":"2011-10-20T00:54:36","date_gmt":"2011-10-20T05:24:36","guid":{"rendered":"http:\/\/www.moonmentum.com\/blog\/?p=66702"},"modified":"2013-06-05T10:22:29","modified_gmt":"2013-06-05T14:52:29","slug":"hombre-de-accion-lucho-por-la-unificacion-de-pensamiento","status":"publish","type":"post","link":"https:\/\/moonmentum.com\/blog\/efemerides\/semilla-de-la-semana\/hombre-de-accion-lucho-por-la-unificacion-de-pensamiento\/","title":{"rendered":"Hombre de acci\u00f3n, luch\u00f3 por la unificaci\u00f3n de pensamiento."},"content":{"rendered":"<p><a rel=\"attachment wp-att-66708\" href=\"http:\/\/www.moonmentum.com\/blog\/efemerides\/semilla-del-dia\/hombre-de-accion-lucho-por-la-unificacion-de-pensamiento\/attachment\/ht105011\/\"><img loading=\"lazy\" decoding=\"async\" class=\"alignleft size-medium wp-image-66708 lazyload\" style=\"--smush-placeholder-width: 262px; --smush-placeholder-aspect-ratio: 262\/300;float: left; margin: 6px; border: 0pt none;\" title=\"ht105011\" data-src=\"http:\/\/www.moonmentum.com\/blog\/wp-content\/uploads\/2011\/10\/ht105011-262x300.jpg\" alt=\"ht105011\" width=\"262\" height=\"300\" src=\"data:image\/gif;base64,R0lGODlhAQABAAAAACH5BAEKAAEALAAAAAABAAEAAAICTAEAOw==\" \/><noscript><img loading=\"lazy\" decoding=\"async\" class=\"alignleft size-medium wp-image-66708\" style=\"float: left; margin: 6px; border: 0pt none;\" title=\"ht105011\" src=\"http:\/\/www.moonmentum.com\/blog\/wp-content\/uploads\/2011\/10\/ht105011-262x300.jpg\" alt=\"ht105011\" width=\"262\" height=\"300\" \/><\/noscript><\/a>\u00abCualquier nuevo avance cient\u00edfico ha salido de una nueva audacia de la imaginaci\u00f3n\u00bb<br \/>\n<strong>John Dewey<\/strong><\/p>\n<p><em>Cada d\u00eda hay en el Universo una estela dejada por la acci\u00f3n de otros seres humanos que al igual que nosotros buscaban la excelencia. Hoy esa\u00a0 estela o\u00a0 \u201c<\/em><a href=\"..\/..\/category\/sextante\/category\/sextante\/en-un-dia-como-hoy\/\"><em>semilla del d\u00eda<\/em><\/a><em>\u201d fue sembrada por\u2026<\/em><\/p>\n<p><strong>John Dewey, <\/strong>fil\u00f3sofo,\u00a0psic\u00f3logo\u00a0y\u00a0pedagogo\u00a0estadounidense.<em><\/em><\/p>\n<p>Se le conoce por ser uno de los fundadores de la filosof\u00eda del\u00a0pragmatismo. Junto con\u00a0Charles Sanders Peirce\u00a0y\u00a0William James. Asimismo, fue, durante la primera mitad del siglo XX, la figura m\u00e1s representativa de la\u00a0pedagog\u00eda progresista\u00a0en EE.UU.<\/p>\n<p>Fue un hombre de acci\u00f3n, que aspiraba a la unificaci\u00f3n de pensamiento y acci\u00f3n, de teor\u00eda y pr\u00e1ctica. Defendi\u00f3 la\u00a0igualdad de la mujer, incluyendo el\u00a0derecho al voto. Fue cofundador, en 1929, de la\u00a0<em>Liga para una acci\u00f3n pol\u00edtica independiente<\/em>, foment\u00f3 el\u00a0sindicalismo\u00a0docente, alent\u00f3 la ayuda a los intelectuales exiliados de los reg\u00edmenes\u00a0totalitarios. Dewey tuvo una gran influencia en el desarrollo del progresismo pedag\u00f3gico, desempe\u00f1ando un papel protagonista que abarca desde finales del XIX hasta la\u00a0Primera Guerra Mundial. <!--more--><\/p>\n<p>Fue el pedagogo m\u00e1s original, renombrado e influyente de los Estados Unidos y uno de los educadores m\u00e1s perspicaces y geniales de la \u00e9poca contempor\u00e1nea, influyendo en el curso de tres generaciones.<strong><\/strong><\/p>\n<p><sup>Foto: ceamtm.blogspot.com<\/sup><\/p>\n","protected":false},"excerpt":{"rendered":"<p>\u00abCualquier nuevo avance cient\u00edfico ha salido de una nueva audacia de la imaginaci\u00f3n\u00bb John Dewey Cada d\u00eda hay en el Universo una estela dejada por la acci\u00f3n de otros seres humanos que al igual que nosotros buscaban la excelencia. Hoy esa\u00a0 estela o\u00a0 \u201csemilla del d\u00eda\u201d fue sembrada por\u2026 John Dewey, fil\u00f3sofo,\u00a0psic\u00f3logo\u00a0y\u00a0pedagogo\u00a0estadounidense. Se le conoce [&hellip;]<\/p>\n","protected":false},"author":3,"featured_media":66708,"comment_status":"open","ping_status":"closed","sticky":false,"template":"","format":"standard","meta":{"footnotes":""},"categories":[12],"tags":[635,7516,6770,1065,481],"class_list":{"0":"post-66702","1":"post","2":"type-post","3":"status-publish","4":"format-standard","5":"has-post-thumbnail","7":"category-semilla-de-la-semana","8":"tag-filosofo","9":"tag-john-dewey","10":"tag-pedagogo","11":"tag-psicologo","12":"tag-semilla"},"_links":{"self":[{"href":"https:\/\/moonmentum.com\/blog\/wp-json\/wp\/v2\/posts\/66702","targetHints":{"allow":["GET"]}}],"collection":[{"href":"https:\/\/moonmentum.com\/blog\/wp-json\/wp\/v2\/posts"}],"about":[{"href":"https:\/\/moonmentum.com\/blog\/wp-json\/wp\/v2\/types\/post"}],"author":[{"embeddable":true,"href":"https:\/\/moonmentum.com\/blog\/wp-json\/wp\/v2\/users\/3"}],"replies":[{"embeddable":true,"href":"https:\/\/moonmentum.com\/blog\/wp-json\/wp\/v2\/comments?post=66702"}],"version-history":[{"count":0,"href":"https:\/\/moonmentum.com\/blog\/wp-json\/wp\/v2\/posts\/66702\/revisions"}],"wp:featuredmedia":[{"embeddable":true,"href":"https:\/\/moonmentum.com\/blog\/wp-json\/wp\/v2\/media\/66708"}],"wp:attachment":[{"href":"https:\/\/moonmentum.com\/blog\/wp-json\/wp\/v2\/media?parent=66702"}],"wp:term":[{"taxonomy":"category","embeddable":true,"href":"https:\/\/moonmentum.com\/blog\/wp-json\/wp\/v2\/categories?post=66702"},{"taxonomy":"post_tag","embeddable":true,"href":"https:\/\/moonmentum.com\/blog\/wp-json\/wp\/v2\/tags?post=66702"}],"curies":[{"name":"wp","href":"https:\/\/api.w.org\/{rel}","templated":true}]}}