{"id":6840,"date":"2009-08-04T00:08:06","date_gmt":"2009-08-04T04:38:06","guid":{"rendered":"http:\/\/www.elpulsodeltiempo.com\/timepulse\/?p=6840"},"modified":"2013-06-03T15:57:52","modified_gmt":"2013-06-03T20:27:52","slug":"efemerides-pronostico-2561-del-04-de-agosto","status":"publish","type":"post","link":"https:\/\/moonmentum.com\/blog\/efemerides\/efemerides-pronostico-2561-del-04-de-agosto\/","title":{"rendered":"Efem\u00e9rides \/ Pron\u00f3stico # 2561 del 04 de Agosto"},"content":{"rendered":"<p align=\"center\"><strong>\u00a0<\/strong><strong>\u201cPresencia\u201d<\/strong><\/p>\n<p align=\"center\">\u201cPara contemplar son precisas frialdad y distancia entre nosotros y el objeto\u2026<br \/>\nel que quiere contemplar un torrente lo primero que debe hacer es no ser<br \/>\narrastrado por el\u201d<\/p>\n<div class=\"mceTemp mceIEcenter\">\n<dt class=\"wp-caption-dt\">\n<figure id=\"attachment_6867\" aria-describedby=\"caption-attachment-6867\" style=\"width: 105px\" class=\"wp-caption aligncenter\"><a href=\"http:\/\/www.moonmentum.com\/blog\/wp-content\/uploads\/2009\/08\/nietzche.jpg\"><img loading=\"lazy\" decoding=\"async\" class=\"size-full wp-image-6867 lazyload\" title=\"Nietzche\" data-src=\"http:\/\/www.moonmentum.com\/blog\/wp-content\/uploads\/2009\/08\/nietzche.jpg\" alt=\"Nietzche\" width=\"105\" height=\"119\" src=\"data:image\/gif;base64,R0lGODlhAQABAAAAACH5BAEKAAEALAAAAAABAAEAAAICTAEAOw==\" style=\"--smush-placeholder-width: 105px; --smush-placeholder-aspect-ratio: 105\/119;\" \/><noscript><img loading=\"lazy\" decoding=\"async\" class=\"size-full wp-image-6867\" title=\"Nietzche\" src=\"http:\/\/www.moonmentum.com\/blog\/wp-content\/uploads\/2009\/08\/nietzche.jpg\" alt=\"Nietzche\" width=\"105\" height=\"119\" \/><\/noscript><\/a><figcaption id=\"caption-attachment-6867\" class=\"wp-caption-text\">Nietzche<\/figcaption><\/figure>\n<p>\u00a0<\/p>\n<\/dt>\n<\/div>\n<p class=\"wp-caption-dd\" style=\"text-align: left;\"><strong><span style=\"font-size: small;\">Efem\u00e9rides\u00a0\u00a0\u00a0<\/span>\u00a0\u00a0 <\/strong><strong><em>\u00a0<\/em><\/strong><\/p>\n<p style=\"text-align: justify;\"><strong>Agosto<\/strong> es el octavo mes del a\u00f1o en el calendario gregoriano y tiene 31 d\u00edas. Se le puso este nombre en honor del emperador romano Augusto Octavio (<em>Augustus Octavius<\/em>). <!--more--><img decoding=\"async\" title=\"(m\u00e1s...)\" data-src=\"http:\/\/www.moonmentum.com\/blog\/wp-includes\/js\/tinymce\/plugins\/wordpress\/img\/trans.gif\" alt=\"\" src=\"data:image\/gif;base64,R0lGODlhAQABAAAAACH5BAEKAAEALAAAAAABAAEAAAICTAEAOw==\" class=\"lazyload\" \/><noscript><img decoding=\"async\" title=\"(m\u00e1s...)\" src=\"http:\/\/www.moonmentum.com\/blog\/wp-includes\/js\/tinymce\/plugins\/wordpress\/img\/trans.gif\" alt=\"\" \/><\/noscript>En el antiguo calendario romano, el a\u00f1o comenzaba en marzo y el sexto mes se llamaba Sextilis pero, en el a\u00f1o 24 antes de nuestra era, Octavio Augusto decidi\u00f3 darle su nombre y desde entonces Sextilis se llam\u00f3 Augustus. Octavio imitaba as\u00ed al ya fallecido Julio C\u00e9sar quien, veinti\u00fan a\u00f1os antes, hab\u00eda hecho lo mismo con el quinto mes, hasta entonces llamado Quinctilis y que con \u00e9l pas\u00f3 a llamarse Iulius en homenaje a la familia Iulia, a la que pertenec\u00eda.\u00a0<\/p>\n<p style=\"text-align: justify;\">Pero dar su nombre a Sextilis le pareci\u00f3 poco a Octavio, quien consideraba que a\u00fan no hab\u00eda alcanzado la misma gloria que Julio C\u00e9sar, ya que Iulius ten\u00eda 31 d\u00edas y Augustus, s\u00f3lo 29. Por esa raz\u00f3n, el emperador alter\u00f3 la duraci\u00f3n de varios meses, quitando y poniendo d\u00edas, hasta lograr que \u2018su\u2019 mes tuviera 31 d\u00edas. Es por eso que a\u00fan hoy, dos mil a\u00f1os despu\u00e9s, julio y agosto tienen 31 d\u00edas cada uno.<\/p>\n<p style=\"text-align: justify;\">Fue elegido este mes para honrar al emperador porque en \u00e9l venci\u00f3 a Cleopatra y Marco Antonio y entr\u00f3 triunfador en Roma.<\/p>\n<p>Agosto comienza (astron\u00f3micamente) con el signo de Leo <img loading=\"lazy\" decoding=\"async\" title=\"Leo\" data-src=\"http:\/\/www.moonmentum.com\/blog\/wp-includes\/images\/Simbolos_Astrologicos\/51.png\" alt=\"Leo\" width=\"16\" height=\"16\" src=\"data:image\/gif;base64,R0lGODlhAQABAAAAACH5BAEKAAEALAAAAAABAAEAAAICTAEAOw==\" class=\"lazyload\" style=\"--smush-placeholder-width: 16px; --smush-placeholder-aspect-ratio: 16\/16;\" \/><noscript><img loading=\"lazy\" decoding=\"async\" title=\"Leo\" src=\"http:\/\/www.moonmentum.com\/blog\/wp-includes\/images\/Simbolos_Astrologicos\/51.png\" alt=\"Leo\" width=\"16\" height=\"16\" \/><\/noscript>\u00a0\u00a0y termina en Virgo <img loading=\"lazy\" decoding=\"async\" title=\"Virgo\" data-src=\"http:\/\/www.moonmentum.com\/blog\/wp-includes\/images\/Simbolos_Astrologicos\/50.png\" alt=\"Virgo\" width=\"16\" height=\"16\" src=\"data:image\/gif;base64,R0lGODlhAQABAAAAACH5BAEKAAEALAAAAAABAAEAAAICTAEAOw==\" class=\"lazyload\" style=\"--smush-placeholder-width: 16px; --smush-placeholder-aspect-ratio: 16\/16;\" \/><noscript><img loading=\"lazy\" decoding=\"async\" title=\"Virgo\" src=\"http:\/\/www.moonmentum.com\/blog\/wp-includes\/images\/Simbolos_Astrologicos\/50.png\" alt=\"Virgo\" width=\"16\" height=\"16\" \/><\/noscript>.<\/p>\n<p><strong>En <\/strong><strong>Irlanda<\/strong><strong>, el mes de agosto se llama L\u00fanasa (del antiguo irland\u00e9s Lughnasadh) y toma su nombre del dios <\/strong><strong>Lugh<\/strong><strong>. El primer Lunes de Agosto es uno de los d\u00edas festivos nacionales en la Rep\u00fablica de Irlanda.<\/strong><\/p>\n<p>El <strong>4 de agosto<\/strong> es el bicent\u00e9simo decimosexto (216\u00ba) d\u00eda del a\u00f1o del Calendario Gregoriano y el 217\u00ba en los a\u00f1os bisiestos. Quedan 149 d\u00edas para finalizar el a\u00f1o.<\/p>\n<p><strong>\u00a0<span style=\"font-size: small;\">Acontecimientos:<\/span><\/strong><\/p>\n<p style=\"text-align: justify;\"><strong>1578<\/strong> \u2013 Batalla de Alcazarquivir, en la que pereci\u00f3 el rey Sebasti\u00e1n I de Portugal, y 11.000 soldados, en lucha con los moros de Muley Abdelmelek.<br \/>\n<strong>1704<\/strong> \u2013 Gibraltar: tras dos d\u00edas de asedio, capitula la guarnici\u00f3n espa\u00f1ola de Gibraltar y el contralmirante Rooke toma posesi\u00f3n de la plaza en nombre de Inglaterra.<br \/>\n<strong>1782<\/strong> \u2013 Austria: Wolfgang Amadeus Mozart y Constanze Weber se casan en Viena.<br \/>\n<strong>1789<\/strong> \u2013 Francia: la Asamblea Nacional de la Revoluci\u00f3n Francesa abole los privilegios de la nobleza y del r\u00e9gimen feudal.<br \/>\n<strong>1851<\/strong> \u2013 Nicaragua: un golpe militar encabezado por el general Mu\u00f1oz derriba al presidente Laureano Pineda.<br \/>\n<strong>1881 <\/strong>\u2013 Europa: r\u00e9cord de temperatura m\u00e1s alta en Europa: 50,0 \u00b0C (122 \u00b0F) en Sevilla, Provincia de Sevilla, Espa\u00f1a.<br \/>\n<strong>1886<\/strong> \u2013 Colombia: se promulga su primera Constituci\u00f3n.<br \/>\n<strong>1897<\/strong> \u2013 Espa\u00f1a: descubrimiento de la Dama de Elche en el yacimiento de La Alcudia, en Elche, Alicante.<br \/>\n<strong>1903<\/strong> \u2013 Vaticano: tras cinco d\u00edas de deliberaciones, el C\u00f3nclave elige Papa al cardenal Giuseppe Sarto, con el nombre de P\u00edo X.<br \/>\n<strong>1905<\/strong> \u2013 Argentina: un grupo de j\u00f3venes funda el Club Atl\u00e9tico Estudiantes, luego conocido como Estudiantes de La Plata.<br \/>\n<strong>1916<\/strong> \u2013 EE.UU.: EE.UU. adquieren las Islas V\u00edrgenes a Dinamarca por U$S 25 millones.<br \/>\n<strong>1933<\/strong> \u2013 India: el l\u00edder indio Mahatma Ghandi es encarcelado por su llamamiento a la desobediencia civil. <strong><br \/>\n<\/strong><strong>1944<\/strong> \u2013 Holocausto: la familia de Anne Frank fue encontrada en el escondrijo (el Achterhuis) en el lado occidental de \u00c1msterdam, donde vivieron durante la ocupaci\u00f3n alemana, desde el 9 de julio de 1942 hasta el 4 de agosto de 1944, hasta que la Gr\u00fcne Polizei asalt\u00f3 el lugar siguiendo una pista de un informador que nunca fue identificado. Anne Frank es conocida por las notas escritas durante ese tiempo escondida en el Achterhuis.<br \/>\n<strong>1958<\/strong> \u2013 Espa\u00f1a: Espa\u00f1a ingresa en el Banco Mundial y en el Fondo Monetario Internacional.<br \/>\n<strong>1993<\/strong> \u2013 Tanzania: firma de un acuerdo de paz que pone fin a tres a\u00f1os de guerra civil.<br \/>\n<strong>1994<\/strong> \u2013 Guerra de los Balcanes: Belgrado rompe con los serbios de Bosnia al rechazar \u00e9stos el plan de paz.<br \/>\n<strong>1994<\/strong>\u2013 Cuba: comienza el \u00e9xodo masivo de balseros cubanos.<br \/>\n<strong>1994<\/strong>\u2013 Tr\u00e1fico Ilegal: se descubre el tr\u00e1fico ilegal de plutonio.<br \/>\n<strong>2004<\/strong>\u2013 Telecomunicaciones: un cohete ruso lanza el sat\u00e9lite Amazonas, el mayor de la compa\u00f1\u00eda de telecomunicaciones Hispasat.<strong>\u00a0<\/strong><\/p>\n<p><strong><span style=\"font-size: small;\">Nacimientos:<\/span><\/strong><\/p>\n<p style=\"text-align: justify;\"><strong>1521<\/strong> \u2013 Papa Urbano VII (\u2020 1590)<br \/>\n<strong>1755<\/strong> \u2013 Nicolas-Jacque Conte, inventor del l\u00e1piz moderno. (\u2020 1805)<br \/>\n<strong>1805<\/strong> \u2013 Sir William Rowan Hamilton, matem\u00e1tico y astr\u00f3nomo irland\u00e9s., <em>primer matem\u00e1tico de su tiempo<\/em>.<br \/>\n<strong>1826<\/strong> \u2013 Dom\u00e9nico Morelli, pintor italiano. (\u2020 1901). Es un pintor muy estimado por la finura y armon\u00eda del colorido y la pl\u00e1cida expresi\u00f3n de los conjuntos.<br \/>\n<strong>1859<\/strong> \u2013 Knut Hamsun, escritor noruego, premio Nobel de Literatura en 1920. (\u2020 1952)<br \/>\n<strong>1900<\/strong>\u2013 La Reina Isabel, Reina Madre, Reina Consorte del rey Jorge VI de Inglaterra. (\u2020 2002) 1906 \u2013 Mar\u00eda Jos\u00e9 de B\u00e9lgica, consorte y \u00faltima reina de Italia. (\u2020 2001)<br \/>\n<strong>1910<\/strong> \u2013 William Schuman, compositor estadounidense (\u2020 1992) Schuman dej\u00f3 un n\u00famero sustancial de obras. Sus \u00abocho sinfon\u00edas, numeradas del Tres al Diez\u00bb, como el mismo lo hizo (las dos primeras fueron retiradas), contin\u00faan creciendo en apreciaci\u00f3n. Su concierto para viol\u00edn (1947 rev. 1959) ha sido hallada como una de sus \u00abcomposiciones m\u00e1s poderosas&#8230; podr\u00eda ser considerada incluso una sinfon\u00eda para viol\u00edn y orquesta.<br \/>\n<strong>1960<\/strong> \u2013 Jos\u00e9 Luis Rodr\u00edguez Zapatero, 5\u00ba presidente del Gobierno espa\u00f1ol desde la Transici\u00f3n.\u00a0<strong>\u00a0<\/strong><\/p>\n<p><strong><span style=\"font-size: small;\">Fallecimientos:<\/span><\/strong><\/p>\n<p><strong>\u00a0886<\/strong> \u2013 Muhammad I, emir independiente de Al-\u00c1ndalus (852 \u2013 886)<br \/>\n<strong>1060<\/strong> \u2013 Enrique I, rey de Francia. (1031 \u2013 1060)<br \/>\n<strong>1578<\/strong> \u2013 Sebasti\u00e1n I de Portugal, el <em>deseado<\/em>, rey de Portugal (1554 \u2013 1578)<br \/>\n<strong>1875<\/strong> \u2013 Hans Christian Andersen, escritor dan\u00e9s. (1805 \u2013 1875) famoso por sus cuentos para ni\u00f1os, entre ellos El patito feo.<br \/>\n<strong>1900<\/strong> \u2013 Etienne Lenoir, ingeniero belga, creador del motor de combusti\u00f3n interna. (1872 \u2013 1900)<br \/>\n<strong>1972<\/strong> \u2013 Norah Lange, escritora argentina. (1906 \u2013 1972)<br \/>\n<strong>1977<\/strong> \u2013 Edgar Douglas Adrian, fisi\u00f3logo brit\u00e1nico, premio Nobel de Medicina en 1932. (1889 \u2013 1977) por sus trabajos relativos a la funci\u00f3n de las neuronas y las c\u00e9lulas nerviosas motoras.<br \/>\n<strong>2003<\/strong> \u2013 Frederick Chapman Robins, m\u00e9dico estadounidense, Premio Nobel de Fisiolog\u00eda o Medicina en 1954.<\/p>\n<p><strong>\u00a0<\/strong><\/p>\n","protected":false},"excerpt":{"rendered":"<p>\u00a0\u201cPresencia\u201d \u201cPara contemplar son precisas frialdad y distancia entre nosotros y el objeto\u2026 el que quiere contemplar un torrente lo primero que debe hacer es no ser arrastrado por el\u201d \u00a0 Efem\u00e9rides\u00a0\u00a0\u00a0\u00a0\u00a0 \u00a0 Agosto es el octavo mes del a\u00f1o en el calendario gregoriano y tiene 31 d\u00edas. Se le puso este nombre en honor [&hellip;]<\/p>\n","protected":false},"author":3,"featured_media":6867,"comment_status":"open","ping_status":"closed","sticky":false,"template":"","format":"standard","meta":{"footnotes":""},"categories":[23],"tags":[356],"class_list":{"0":"post-6840","1":"post","2":"type-post","3":"status-publish","4":"format-standard","5":"has-post-thumbnail","7":"category-efemerides","8":"tag-mahatma-ghandi"},"_links":{"self":[{"href":"https:\/\/moonmentum.com\/blog\/wp-json\/wp\/v2\/posts\/6840","targetHints":{"allow":["GET"]}}],"collection":[{"href":"https:\/\/moonmentum.com\/blog\/wp-json\/wp\/v2\/posts"}],"about":[{"href":"https:\/\/moonmentum.com\/blog\/wp-json\/wp\/v2\/types\/post"}],"author":[{"embeddable":true,"href":"https:\/\/moonmentum.com\/blog\/wp-json\/wp\/v2\/users\/3"}],"replies":[{"embeddable":true,"href":"https:\/\/moonmentum.com\/blog\/wp-json\/wp\/v2\/comments?post=6840"}],"version-history":[{"count":0,"href":"https:\/\/moonmentum.com\/blog\/wp-json\/wp\/v2\/posts\/6840\/revisions"}],"wp:featuredmedia":[{"embeddable":true,"href":"https:\/\/moonmentum.com\/blog\/wp-json\/wp\/v2\/media\/6867"}],"wp:attachment":[{"href":"https:\/\/moonmentum.com\/blog\/wp-json\/wp\/v2\/media?parent=6840"}],"wp:term":[{"taxonomy":"category","embeddable":true,"href":"https:\/\/moonmentum.com\/blog\/wp-json\/wp\/v2\/categories?post=6840"},{"taxonomy":"post_tag","embeddable":true,"href":"https:\/\/moonmentum.com\/blog\/wp-json\/wp\/v2\/tags?post=6840"}],"curies":[{"name":"wp","href":"https:\/\/api.w.org\/{rel}","templated":true}]}}