{"id":70320,"date":"2011-11-28T00:26:43","date_gmt":"2011-11-28T04:56:43","guid":{"rendered":"http:\/\/www.moonmentum.com\/blog\/?p=70320"},"modified":"2011-11-28T00:26:43","modified_gmt":"2011-11-28T04:56:43","slug":"las-aves-protagonicas-en-el-aboveda-celeste","status":"publish","type":"post","link":"https:\/\/moonmentum.com\/blog\/actualidad\/observatorio-moonmentum\/las-aves-protagonicas-en-el-aboveda-celeste\/","title":{"rendered":"Las aves protag\u00f3nicas en el ab\u00f3veda celeste."},"content":{"rendered":"<p><a rel=\"attachment wp-att-70323\" href=\"http:\/\/www.moonmentum.com\/blog\/energia-protagonica\/observatorio-moonmentum\/las-aves-protagonicas-en-el-aboveda-celeste\/attachment\/cygnus-6\/\"><img loading=\"lazy\" decoding=\"async\" class=\"alignleft size-medium wp-image-70323 lazyload\" style=\"--smush-placeholder-width: 300px; --smush-placeholder-aspect-ratio: 300\/242;float: left; margin: 6px; border: 0pt none;\" title=\"Cygnus\" data-src=\"http:\/\/www.moonmentum.com\/blog\/wp-content\/uploads\/2011\/11\/cygnus-300x242.jpg\" alt=\"Cygnus\" width=\"300\" height=\"242\" src=\"data:image\/gif;base64,R0lGODlhAQABAAAAACH5BAEKAAEALAAAAAABAAEAAAICTAEAOw==\" \/><noscript><img loading=\"lazy\" decoding=\"async\" class=\"alignleft size-medium wp-image-70323\" style=\"float: left; margin: 6px; border: 0pt none;\" title=\"Cygnus\" src=\"http:\/\/www.moonmentum.com\/blog\/wp-content\/uploads\/2011\/11\/cygnus-300x242.jpg\" alt=\"Cygnus\" width=\"300\" height=\"242\" \/><\/noscript><\/a>Dos p\u00e1jaros se abren paso bajos a trav\u00e9s del cielo nocturno esta noche. Ellos son las constelaciones de Grus, la cig\u00fce\u00f1a, y F\u00e9nix, el p\u00e1jaro de fuego. Son mejor vistos desde la tercera parte sur del pa\u00eds, Grus siendo ligeramente m\u00e1s alto que su pariente.<strong> <\/strong><strong> <\/strong><\/p>\n<p><strong> <\/strong><\/p>\n<p><strong>\u00a1Que Nieve, Que Nieve!<\/strong><strong><sub> <\/sub><\/strong><sub><br \/>\n<\/sub>La imagen de una Navidad blanca es muy popular en estas fechas. Ahora ya estar\u00e1 cayendo nieve en el lander F\u00e9nix, en Marte. El lander vio c\u00f3mo ca\u00ed\u00ada nieve de las nubes marcianas en septiembre y, con las noches m\u00e1s largas del oto\u00f1o en Marte, empieza a hacer m\u00e1s fr\u00ed\u00ado.<\/p>\n<p>El F\u00e9nix se pos\u00f3 en el C\u00ed\u00adrculo \u00e1rtico de Marte en mayo. Su misi\u00f3n principal era estudiar si las llanuras del norte eran un lugar que pudiera albergar vida. Descubri\u00f3 agua helada bajo la superficie, y que el suelo marciano no ser\u00ed\u00ada perjudicial para la vida.<!--more--><\/p>\n<p>F\u00e9nix tambi\u00e9n llevaba una estaci\u00f3n meteorol\u00f3gica para medir las temperaturas, los vientos y la humedad. Tambi\u00e9n us\u00f3 sus c\u00e1maras y sistemas de l\u00e1ser para buscar nubes y para medir el polvo en el aire.<\/p>\n<p>Al principio, las nubes eran escasas. Sin embargo, para agosto, hab\u00ed\u00ada bandas nubosas por el cielo y, en septiembre, el lander detect\u00f3 nieve. Se vaporiz\u00f3 antes de llegar a la superficie, pero el F\u00e9nix continu\u00f3 buscando copos de nieve a su alrededor.<\/p>\n<p>Con el paso de los meses, el agua y el di\u00f3xido de carbono de la atm\u00f3sfera empezar\u00e1n a condensarse alrededor del lander, parte, quiz\u00e1s, en forma de nieve. Finalmente, el F\u00e9nix puede quedar cubierto de nieve: un paisaje blanco para el planeta rojo.\u00a0<strong> <\/strong><strong> <\/strong><\/p>\n<p><strong> <\/strong><\/p>\n<p><strong>Nota: <\/strong>Esta informaci\u00f3n s\u00f3lo es v\u00e1lida para el Hemisferio Norte.<\/p>\n<p>\u00bf<em>Cu\u00e1ntas veces te detienes a observar lo que el cielo cada noche coloca en cartelera?\u2026 Recuerda el axioma que dice \u201cComo es arriba\u2026 es abajo\u201d\u2026 El cielo y las estrellas no son un adorno\u2026 son una realidad.<\/em><\/p>\n<p><em> <\/em><\/p>\n<p><strong>Observar nos conecta en un 30%<\/strong> con la energ\u00eda del Universo.<\/p>\n<p><strong>Imitar lo observado\u00a0 nos conecta en un 70%<\/strong> con la energ\u00eda del Universo\u2026<\/p>\n<p><strong>Emular<\/strong> lo observado nos convierte en la energ\u00eda.<\/p>\n<p><em> <\/em><\/p>\n<p><sup><span style=\"color: #888888;\">Fuentes consultadas:<strong> <\/strong>radiouniverso.org<\/span><br \/>\n<span style=\"color: #888888;\">Foto astronomia.fakiro.com<\/span><\/sup><\/p>\n","protected":false},"excerpt":{"rendered":"<p>Dos p\u00e1jaros se abren paso bajos a trav\u00e9s del cielo nocturno esta noche. Ellos son las constelaciones de Grus, la cig\u00fce\u00f1a, y F\u00e9nix, el p\u00e1jaro de fuego. Son mejor vistos desde la tercera parte sur del pa\u00eds, Grus siendo ligeramente m\u00e1s alto que su pariente. \u00a1Que Nieve, Que Nieve! La imagen de una Navidad blanca [&hellip;]<\/p>\n","protected":false},"author":3,"featured_media":70323,"comment_status":"open","ping_status":"closed","sticky":false,"template":"","format":"standard","meta":{"footnotes":""},"categories":[16],"tags":[12150,837,12127,12148,12149,12151,527],"class_list":{"0":"post-70320","1":"post","2":"type-post","3":"status-publish","4":"format-standard","5":"has-post-thumbnail","7":"category-observatorio-moonmentum","8":"tag-cieloe","9":"tag-constelaciones","10":"tag-fenix","11":"tag-grus","12":"tag-la-ciguena","13":"tag-strellas","14":"tag-universo"},"_links":{"self":[{"href":"https:\/\/moonmentum.com\/blog\/wp-json\/wp\/v2\/posts\/70320","targetHints":{"allow":["GET"]}}],"collection":[{"href":"https:\/\/moonmentum.com\/blog\/wp-json\/wp\/v2\/posts"}],"about":[{"href":"https:\/\/moonmentum.com\/blog\/wp-json\/wp\/v2\/types\/post"}],"author":[{"embeddable":true,"href":"https:\/\/moonmentum.com\/blog\/wp-json\/wp\/v2\/users\/3"}],"replies":[{"embeddable":true,"href":"https:\/\/moonmentum.com\/blog\/wp-json\/wp\/v2\/comments?post=70320"}],"version-history":[{"count":0,"href":"https:\/\/moonmentum.com\/blog\/wp-json\/wp\/v2\/posts\/70320\/revisions"}],"wp:featuredmedia":[{"embeddable":true,"href":"https:\/\/moonmentum.com\/blog\/wp-json\/wp\/v2\/media\/70323"}],"wp:attachment":[{"href":"https:\/\/moonmentum.com\/blog\/wp-json\/wp\/v2\/media?parent=70320"}],"wp:term":[{"taxonomy":"category","embeddable":true,"href":"https:\/\/moonmentum.com\/blog\/wp-json\/wp\/v2\/categories?post=70320"},{"taxonomy":"post_tag","embeddable":true,"href":"https:\/\/moonmentum.com\/blog\/wp-json\/wp\/v2\/tags?post=70320"}],"curies":[{"name":"wp","href":"https:\/\/api.w.org\/{rel}","templated":true}]}}