{"id":7101,"date":"2009-08-11T00:08:32","date_gmt":"2009-08-11T04:38:32","guid":{"rendered":"http:\/\/www.elpulsodeltiempo.com\/timepulse\/?p=7101"},"modified":"2013-06-03T16:01:25","modified_gmt":"2013-06-03T20:31:25","slug":"efemerides-pronostico-2568-del-11-de-agosto","status":"publish","type":"post","link":"https:\/\/moonmentum.com\/blog\/efemerides\/efemerides-pronostico-2568-del-11-de-agosto\/","title":{"rendered":"Efem\u00e9rides \/ Pron\u00f3stico # 2568 del 11 de Agosto"},"content":{"rendered":"<p align=\"center\"><a href=\"http:\/\/ciencia.nasa.gov\/headlines\/y2009\/images\/perseids2009\/perseid_map2.gif\"><\/a><\/p>\n<p align=\"center\"><strong>\u201cMeteoros\u201d<\/strong> \u00a0<\/p>\n<p align=\"center\"><a href=\"http:\/\/www.moonmentum.com\/blog\/wp-content\/uploads\/2009\/08\/lluvia-de-meteoros.jpg\"><img loading=\"lazy\" decoding=\"async\" class=\"size-full wp-image-7109 alignnone lazyload\" style=\"--smush-placeholder-width: 350px; --smush-placeholder-aspect-ratio: 350\/234;border: 0px;\" title=\"LLuvia de meteoros\" data-src=\"http:\/\/www.moonmentum.com\/blog\/wp-content\/uploads\/2009\/08\/lluvia-de-meteoros.jpg\" alt=\"LLuvia de meteoros\" width=\"350\" height=\"234\" src=\"data:image\/gif;base64,R0lGODlhAQABAAAAACH5BAEKAAEALAAAAAABAAEAAAICTAEAOw==\" \/><noscript><img loading=\"lazy\" decoding=\"async\" class=\"size-full wp-image-7109 alignnone\" style=\"border: 0px;\" title=\"LLuvia de meteoros\" src=\"http:\/\/www.moonmentum.com\/blog\/wp-content\/uploads\/2009\/08\/lluvia-de-meteoros.jpg\" alt=\"LLuvia de meteoros\" width=\"350\" height=\"234\" \/><\/noscript><\/a><\/p>\n<blockquote>\n<p style=\"text-align: justify;\"><strong>Arriba:<\/strong> Cielo del Noreste cerca de la medianoche del 11-12 de agosto. El punto rojo es el radiante de la lluvia de Perseidas. Aunque los meteoros Perseidas pueden aparecer en cualquier parte del cielo, todas sus colas apuntar\u00e1n hacia el radiante de la lluvia. <a href=\"http:\/\/www.moonmentum.com\/blog\/wp-includes\/js\/tinymce\/plugins\/paste\/pasteword.htm?ver=3241-1141#_ftn1\"><sup>[1]<\/sup><\/a><\/p>\n<\/blockquote>\n<p><strong>E<span style=\"font-size: small;\">fem\u00e9rides\u00a0\u00a0\u00a0\u00a0\u00a0 <\/span><\/strong><strong><em><span style=\"font-size: small;\">\u00a0<\/span><\/em><\/strong><\/p>\n<p style=\"text-align: justify;\"><strong><span style=\"font-size: small;\">A<\/span>gosto<\/strong> es el octavo mes del a\u00f1o en el calendario gregoriano y tiene 31 d\u00edas. Se le puso este nombre en honor del emperador romano Augusto Octavio (<em>Augustus Octavius<\/em>). <!--more-->En el antiguo calendario romano, el a\u00f1o comenzaba en marzo y el sexto mes se llamaba Sextilis pero, en el a\u00f1o 24 antes de nuestra era, Octavio Augusto decidi\u00f3 darle su nombre y desde entonces Sextilis se llam\u00f3 Augustus. Octavio imitaba as\u00ed al ya fallecido Julio C\u00e9sar quien, veinti\u00fan a\u00f1os antes, hab\u00eda hecho lo mismo con el quinto mes, hasta entonces llamado Quinctilis y que con \u00e9l pas\u00f3 a llamarse Iulius en homenaje a la familia Iulia, a la que pertenec\u00eda.<\/p>\n<p style=\"text-align: justify;\">Pero dar su nombre a Sextilis le pareci\u00f3 poco a Octavio, quien consideraba que a\u00fan no hab\u00eda alcanzado la misma gloria que Julio C\u00e9sar, ya que Iulius ten\u00eda 31 d\u00edas y Augustus, s\u00f3lo 29. Por esa raz\u00f3n, el emperador alter\u00f3 la duraci\u00f3n de varios meses, quitando y poniendo d\u00edas, hasta lograr que \u2018su\u2019 mes tuviera 31 d\u00edas. Es por eso que a\u00fan hoy, dos mil a\u00f1os despu\u00e9s, julio y agosto tienen 31 d\u00edas cada uno.<\/p>\n<p style=\"text-align: justify;\">Fue elegido este mes para honrar al emperador porque en \u00e9l venci\u00f3 a Cleopatra y Marco Antonio y entr\u00f3 triunfador en Roma.<\/p>\n<p style=\"text-align: justify;\">Agosto comienza (astron\u00f3micamente) con el signo de Leo (<img loading=\"lazy\" decoding=\"async\" title=\"Leo\" data-src=\"http:\/\/www.moonmentum.com\/blog\/wp-includes\/images\/Simbolos_Astrologicos\/51.png\" alt=\"Leo\" width=\"16\" height=\"16\" src=\"data:image\/gif;base64,R0lGODlhAQABAAAAACH5BAEKAAEALAAAAAABAAEAAAICTAEAOw==\" class=\"lazyload\" style=\"--smush-placeholder-width: 16px; --smush-placeholder-aspect-ratio: 16\/16;\" \/><noscript><img loading=\"lazy\" decoding=\"async\" title=\"Leo\" src=\"http:\/\/www.moonmentum.com\/blog\/wp-includes\/images\/Simbolos_Astrologicos\/51.png\" alt=\"Leo\" width=\"16\" height=\"16\" \/><\/noscript>)\u00a0y termina en Virgo (<img loading=\"lazy\" decoding=\"async\" title=\"Virgo\" data-src=\"http:\/\/www.moonmentum.com\/blog\/wp-includes\/images\/Simbolos_Astrologicos\/50.png\" alt=\"Virgo\" width=\"16\" height=\"16\" src=\"data:image\/gif;base64,R0lGODlhAQABAAAAACH5BAEKAAEALAAAAAABAAEAAAICTAEAOw==\" class=\"lazyload\" style=\"--smush-placeholder-width: 16px; --smush-placeholder-aspect-ratio: 16\/16;\" \/><noscript><img loading=\"lazy\" decoding=\"async\" title=\"Virgo\" src=\"http:\/\/www.moonmentum.com\/blog\/wp-includes\/images\/Simbolos_Astrologicos\/50.png\" alt=\"Virgo\" width=\"16\" height=\"16\" \/><\/noscript>).<\/p>\n<p style=\"text-align: justify;\"><strong>En <\/strong><a title=\"Irlanda\" href=\"http:\/\/es.wikipedia.org\/wiki\/Irlanda\" target=\"_blank\"><strong>Irlanda<\/strong><\/a><strong>, el mes de agosto se llama L\u00fanasa (del antiguo irland\u00e9s Lughnasadh) y toma su nombre del dios <\/strong><strong>Lugh<\/strong><strong>. El primer Lunes de Agosto es uno de los d\u00edas festivos nacionales en la Rep\u00fablica de Irlanda.<\/strong><\/p>\n<p style=\"text-align: justify;\">El <strong>11 de agosto<\/strong> es el bicent\u00e9simo vig\u00e9simo tercer (223\u00ba) d\u00eda del a\u00f1o del Calendario Gregoriano y el 224\u00ba en los a\u00f1os bisiestos. Quedan 142 d\u00edas para finalizar el a\u00f1o.<\/p>\n<p style=\"text-align: justify;\"><strong><span style=\"font-size: small;\">Acontecimientos<\/span>:<\/strong><\/p>\n<p style=\"text-align: justify;\"><strong>1492<\/strong> &#8211; Se elige a Rodrigo de Borja, cardenal espa\u00f1ol, como Papa, tomando el nombre de Alejandro VI.<br \/>\n<strong>1711<\/strong> &#8211; Se realiza la primera carrera de caballos Royal Ascot, la m\u00e1s importante de las que se celebran en Inglaterra.<br \/>\n<strong>1772<\/strong> &#8211; 3000 personas mueren en la isla de Java causado por el volc\u00e1n Papadang de 3.000 metros de altura que tras una violenta erupci\u00f3n queda reducido a los 1.700 metros.<br \/>\n<strong>1833<\/strong> &#8211; Tras 5 a\u00f1os de ocupaci\u00f3n de las tropas francesas en territorio griego, abandonan dicho pa\u00eds con motivo de la guerra greco-turca.<br \/>\n<strong>1920<\/strong> &#8211; Rusia reconoce la independencia de Letonia.<br \/>\n<strong>1938<\/strong> &#8211; El presidente del gobierno espa\u00f1ol, Juan Negr\u00edn, nacionaliza las empresas espa\u00f1olas.<br \/>\n<strong>1952<\/strong> &#8211; Hussein de Jordania accede al trono de Jordania.<br \/>\n<strong>1960<\/strong> &#8211; Chad alcanza la independencia.<br \/>\n<strong>1975<\/strong> &#8211; Vietnam del Norte y del Sur no pueden entrar en O.N.U tras el veto de EE.UU.<br \/>\n<strong>1999 &#8211;<\/strong>\u00a0Eclipse de Sol\u00a0visible en Europa.<\/p>\n<p style=\"text-align: justify;\"><strong><span style=\"font-size: small;\">Nacimientos:<\/span><\/strong><\/p>\n<p style=\"text-align: justify;\"><strong>1858<\/strong> &#8211; Christiaan Eijkman, fisi\u00f3logo holand\u00e9s, premio Nobel de Medicina en 1929. <em>(descubri\u00f3 que las gallinas alimentadas con arroz sin c\u00e1scara desarrollaban polineuritis (enfermedad similar al beriberi), en tanto que las que lo com\u00edan con c\u00e1scara permanec\u00edan sanas, llegando a la conclusi\u00f3n de que la enfermedad pod\u00eda deberse a la falta de ciertas sustancias no conocidas, que m\u00e1s tarde ser\u00edan llamadas vitaminas. Este trabajo de investigaci\u00f3n, el primero de los realizados sobre las enfermedades por carencias en la dieta, llev\u00f3 m\u00e1s tarde al descubrimiento de la vitamina B1 (tiamina).<br \/>\n<\/em><strong>1901 &#8211;<\/strong>\u00a0Carlos Bernardo Gonz\u00e1lez Pecotche (Raumsol), creador de la Logosof\u00eda.<br \/>\n<strong>1926<\/strong> &#8211; Aaron Klug, bi\u00f3logo molecular surafricano. En 1982 fue galardonado con el Premio Nobel de Qu\u00edmica <em>por el desarrollo de m\u00e9todos cristalogr\u00e1ficos para descifrar los complejos prote\u00ednicos de los \u00e1cidos nucleicos<\/em>.<br \/>\n<strong>1946 &#8211;<\/strong>\u00a0Marilyn vos Savant, columnista y escritora estadounidense.<br \/>\n<strong>1971<\/strong> &#8211; Javier Sierra, escritor e investigador espa\u00f1ol. La trama se desarrolla durante la creaci\u00f3n de la obra La \u00daltima Cena, encargo de Ludovico el Moro al artista Leonardo da Vinci.<\/p>\n<p style=\"text-align: justify;\"><strong><span style=\"font-size: small;\">Fallecimientos<\/span>:<\/strong><\/p>\n<p style=\"text-align: justify;\"><strong>1253<\/strong> &#8211; Clara de As\u00eds, religiosa italiana.<br \/>\n<strong>1851<\/strong> &#8211; Lorenz Oken, naturalista alem\u00e1n, fue uno de los representantes m\u00e1s sobresalientes de la Naturphilosophie.<br \/>\n<strong>1937<\/strong> &#8211; Edith Wharton, novelista estadounidense. Su obra m\u00e1s conocida es <em>La edad de la inocencia<\/em> <em>(The Age of Innocence)<\/em> de 1920, que gan\u00f3 el premio Pulitzer en 1921. En 1923, fue la primera mujer nombrada Doctor honoris causa por la Universidad de Yale.<br \/>\n<strong>1956<\/strong> &#8211; Jackson Pollock, pintor norteamericano, fue un influyente artista estadounidense y un referente en el movimiento del expresionismo abstracto. Considerado uno de los pintores m\u00e1s importante de los Estados Unidos en el siglo XX.<br \/>\n<strong>1972 &#8211;<\/strong>\u00a0Max Theiler, vir\u00f3logo surafricano, premio nobel de Fisiolog\u00eda o Medicina (n.\u00a01899<\/p>\n<p style=\"text-align: justify;\"><strong><span style=\"font-size: small;\">Fiestas<\/span>:<\/strong><\/p>\n<p style=\"TEXT-ALIGN: center\"><strong>\u00a0<\/strong>\u00a0<\/p>\n<p style=\"text-align: justify;\"><strong>Santoral cat\u00f3lico<\/strong><strong>:<\/strong> <a title=\"Clara de As\u00eds\" href=\"http:\/\/es.wikipedia.org\/wiki\/Clara_de_As\u00eds\" target=\"_blank\"><em>Santa Clara<\/em><\/a><\/p>\n<figure id=\"attachment_7107\" aria-describedby=\"caption-attachment-7107\" style=\"width: 150px\" class=\"wp-caption aligncenter\"><a href=\"http:\/\/www.moonmentum.com\/blog\/wp-content\/uploads\/2009\/08\/santa-clara.jpg\"><img loading=\"lazy\" decoding=\"async\" class=\"size-full wp-image-7107 lazyload\" style=\"--smush-placeholder-width: 150px; --smush-placeholder-aspect-ratio: 150\/181;border: 0px;\" title=\"Santa Clara\" data-src=\"http:\/\/www.moonmentum.com\/blog\/wp-content\/uploads\/2009\/08\/santa-clara.jpg\" alt=\"Clara de As\u00eds en los frescos de la Bas\u00edlica de San Francisco en As\u00eds por Simone Martini\" width=\"150\" height=\"181\" src=\"data:image\/gif;base64,R0lGODlhAQABAAAAACH5BAEKAAEALAAAAAABAAEAAAICTAEAOw==\" \/><noscript><img loading=\"lazy\" decoding=\"async\" class=\"size-full wp-image-7107 \" style=\"border: 0px;\" title=\"Santa Clara\" src=\"http:\/\/www.moonmentum.com\/blog\/wp-content\/uploads\/2009\/08\/santa-clara.jpg\" alt=\"Clara de As\u00eds en los frescos de la Bas\u00edlica de San Francisco en As\u00eds por Simone Martini\" width=\"150\" height=\"181\" \/><\/noscript><\/a><figcaption id=\"caption-attachment-7107\" class=\"wp-caption-text\">Clara de As\u00eds en los frescos de la Bas\u00edlica de San Francisco en As\u00eds por Simone Martini<\/figcaption><\/figure>\n<p><em>\u00a0<\/em>\u00a0<\/p>\n<p style=\"text-align: justify;\">Fue seguidora fiel de San Francisco de As\u00eds con el que fund\u00f3 la segunda orden franciscana o de hermanas clarisas<em>\u00a0<\/em><\/p>\n<p style=\"text-align: justify;\">Despu\u00e9s de abandonar su antigua vida de noble (luego de que huyera de su casa, porque su familia quer\u00eda obligarla a casarse con Paolo Di Gandria, caballero cruzado, nacido en Perugia), se estableci\u00f3 en el monasterio de San Damiano hasta su muerte.<\/p>\n<p style=\"text-align: justify;\">Clara de As\u00eds fue la primera mujer en escribir una regla y recibir aprobaci\u00f3n del Papa. Hoy sus restos descansan en el protomonasterio de As\u00eds.<\/p>\n<p style=\"text-align: justify;\">Fue canonizada un a\u00f1o despu\u00e9s de su fallecimiento, por el Papa Inocencio IV.<\/p>\n<p style=\"text-align: justify;\">Su fiesta lit\u00fargica es el 11 de agosto.<\/p>\n<p style=\"text-align: justify;\">Como curiosidad a\u00f1adir que es tradici\u00f3n entre las futuras esposas ofrecer una docena de huevos a Santa Clara para pedir que luzca el sol el d\u00eda de la boda.\u00a0<\/p>\n<hr style=\"text-align: justify;\" size=\"1\" \/>\n<p style=\"text-align: justify;\"><a href=\"http:\/\/www.moonmentum.com\/blog\/wp-includes\/js\/tinymce\/plugins\/paste\/pasteword.htm?ver=3241-1141#_ftnref1\">[1]<\/a> Derechos de autor de la imagen: Spaceweather.com (imagen utilizada con autorizaci\u00f3n).<\/p>\n<p style=\"text-align: justify;\"><em>\u00a0<\/em><\/p>\n","protected":false},"excerpt":{"rendered":"<p>\u201cMeteoros\u201d \u00a0 Arriba: Cielo del Noreste cerca de la medianoche del 11-12 de agosto. El punto rojo es el radiante de la lluvia de Perseidas. Aunque los meteoros Perseidas pueden aparecer en cualquier parte del cielo, todas sus colas apuntar\u00e1n hacia el radiante de la lluvia. [1] Efem\u00e9rides\u00a0\u00a0\u00a0\u00a0\u00a0 \u00a0 Agosto es el octavo mes del [&hellip;]<\/p>\n","protected":false},"author":3,"featured_media":7107,"comment_status":"open","ping_status":"closed","sticky":false,"template":"","format":"standard","meta":{"footnotes":""},"categories":[23],"tags":[],"class_list":{"0":"post-7101","1":"post","2":"type-post","3":"status-publish","4":"format-standard","5":"has-post-thumbnail","7":"category-efemerides"},"_links":{"self":[{"href":"https:\/\/moonmentum.com\/blog\/wp-json\/wp\/v2\/posts\/7101","targetHints":{"allow":["GET"]}}],"collection":[{"href":"https:\/\/moonmentum.com\/blog\/wp-json\/wp\/v2\/posts"}],"about":[{"href":"https:\/\/moonmentum.com\/blog\/wp-json\/wp\/v2\/types\/post"}],"author":[{"embeddable":true,"href":"https:\/\/moonmentum.com\/blog\/wp-json\/wp\/v2\/users\/3"}],"replies":[{"embeddable":true,"href":"https:\/\/moonmentum.com\/blog\/wp-json\/wp\/v2\/comments?post=7101"}],"version-history":[{"count":0,"href":"https:\/\/moonmentum.com\/blog\/wp-json\/wp\/v2\/posts\/7101\/revisions"}],"wp:featuredmedia":[{"embeddable":true,"href":"https:\/\/moonmentum.com\/blog\/wp-json\/wp\/v2\/media\/7107"}],"wp:attachment":[{"href":"https:\/\/moonmentum.com\/blog\/wp-json\/wp\/v2\/media?parent=7101"}],"wp:term":[{"taxonomy":"category","embeddable":true,"href":"https:\/\/moonmentum.com\/blog\/wp-json\/wp\/v2\/categories?post=7101"},{"taxonomy":"post_tag","embeddable":true,"href":"https:\/\/moonmentum.com\/blog\/wp-json\/wp\/v2\/tags?post=7101"}],"curies":[{"name":"wp","href":"https:\/\/api.w.org\/{rel}","templated":true}]}}