{"id":729,"date":"2012-12-21T04:54:11","date_gmt":"2012-12-21T04:54:11","guid":{"rendered":"http:\/\/www.7zentidos.com\/site\/?p=729"},"modified":"2012-12-21T04:54:11","modified_gmt":"2012-12-21T04:54:11","slug":"albert-einstein-una-mente-prodigiosa","status":"publish","type":"post","link":"https:\/\/moonmentum.com\/blog\/archivo\/vive-archivo\/albert-einstein-una-mente-prodigiosa\/","title":{"rendered":"Albert Einstein: Una mente prodigiosa"},"content":{"rendered":"<p style=\"text-align: right;\"><em><a href=\"http:\/\/www.7zentidos.com\/site\/wp-content\/uploads\/2012\/12\/Einstein-1921-portrait-cropped.png\"><img loading=\"lazy\" decoding=\"async\" class=\"alignleft  wp-image-732 lazyload\" style=\"--smush-placeholder-width: 268px; --smush-placeholder-aspect-ratio: 268\/268;border: 0px; margin: 6px;\" title=\"Einstein-\" data-src=\"http:\/\/www.7zentidos.com\/site\/wp-content\/uploads\/2012\/12\/Einstein-1921-portrait-cropped.png\" alt=\"Einstein-\" width=\"268\" height=\"268\" src=\"data:image\/gif;base64,R0lGODlhAQABAAAAACH5BAEKAAEALAAAAAABAAEAAAICTAEAOw==\" \/><noscript><img loading=\"lazy\" decoding=\"async\" class=\"alignleft  wp-image-732\" style=\"border: 0px; margin: 6px;\" title=\"Einstein-\" src=\"http:\/\/www.7zentidos.com\/site\/wp-content\/uploads\/2012\/12\/Einstein-1921-portrait-cropped.png\" alt=\"Einstein-\" width=\"268\" height=\"268\" \/><\/noscript><\/a><\/em><em>\u201cHay dos maneras de vivir su vida: una como si nada es un milagro,\u00a0la otra es como si todo es un milagro\u201d<\/em><br \/>\n<strong>Albert Einstein<\/strong><\/p>\n<p>Albert ins\u00f3litamente fue un ni\u00f1o que desde muy peque\u00f1o demostr\u00f3 cierta dificultad para expresarse, lo que parec\u00eda dar una falsa apariencia de alg\u00fan retardo que le provocar\u00eda muchos problemas a futuro.<\/p>\n<p>\u201cTu sola presencia mina el respeto que me debe la clase\u201d, le dijo en una ocasi\u00f3n su profesor de secundaria. Otro le asegur\u00f3 que nunca llegar\u00eda a nada. Sin embargo, a los 12 a\u00f1os de edad Einstein comenz\u00f3 a estudiar matem\u00e1ticas. Se interes\u00f3 por el \u00e1lgebra y la geometr\u00eda plana, y a los 15 a\u00f1os, sin tutor ni gu\u00eda, emprendi\u00f3 el estudio del c\u00e1lculo infinitesimal.<\/p>\n<p>En la actualidad Albert Einstein, es el cient\u00edfico m\u00e1s conocido e importante del siglo XX.<!--more--><\/p>\n<p>Al comienzo de su trabajo cient\u00edfico, Einstein se dio cuenta de las insuficiencias de la mec\u00e1nica de Newton y su teor\u00eda de la relatividad especial surgi\u00f3 de un intento de reconciliar las leyes de la mec\u00e1nica con las leyes del campo electromagn\u00e9tico.<\/p>\n<p>De hecho, entre los legados de este cient\u00edfico, la m\u00e1s reconocida es la teor\u00eda de la relatividad general que present\u00f3 en el a\u00f1o 1915, en la que reformul\u00f3 por completo el concepto de gravedad. Una de las consecuencias fue el surgimiento del estudio cient\u00edfico del origen y evoluci\u00f3n del Universo, por la rama de la f\u00edsica denominada cosmolog\u00eda. En 1919, cuando las observaciones brit\u00e1nicas de un eclipse solar confirmaron sus predicciones acerca de la curvatura de la luz, fue idolatrado por la prensa. Einstein se convirti\u00f3 en un \u00edcono popular de la ciencia mundialmente, un privilegio al alcance de muy pocos cient\u00edficos.<\/p>\n<p>Personalmente Einstein cre\u00eda en un \u201cDios que se revela en la armon\u00eda de todo lo que existe, no en un Dios que se interesa en el destino y las acciones del hombre\u201d. Deseaba conocer \u201cc\u00f3mo Dios hab\u00eda creado el mundo\u201d.<\/p>\n<p>En alg\u00fan momento resumi\u00f3 sus creencias religiosas de la siguiente manera: \u201cMi religi\u00f3n consiste en una humilde admiraci\u00f3n del ilimitado esp\u00edritu superior que se revela en los m\u00e1s peque\u00f1os detalles que podemos percibir con nuestra fr\u00e1gil y d\u00e9bil mente\u201d.<\/p>\n<p>En una ocasi\u00f3n, en una reuni\u00f3n se le pregunt\u00f3 a Einstein si cre\u00eda o no en un Dios, a lo que respondi\u00f3: \u201cCreo en el Dios de Spinoza, que es id\u00e9ntico al orden matem\u00e1tico del Universo\u201d.<\/p>\n<blockquote>\n<h2><strong>Datos curiosos:<\/strong><\/h2>\n<p><a href=\"http:\/\/www.7zentidos.com\/site\/wp-content\/uploads\/2012\/12\/pi.jpeg\"><img loading=\"lazy\" decoding=\"async\" class=\"alignleft  wp-image-731 lazyload\" style=\"--smush-placeholder-width: 63px; --smush-placeholder-aspect-ratio: 63\/63;border: 0px; margin: 6px;\" title=\"pi\" data-src=\"http:\/\/www.7zentidos.com\/site\/wp-content\/uploads\/2012\/12\/pi-150x150.jpeg\" alt=\"Pi\" width=\"63\" height=\"63\" src=\"data:image\/gif;base64,R0lGODlhAQABAAAAACH5BAEKAAEALAAAAAABAAEAAAICTAEAOw==\" \/><noscript><img loading=\"lazy\" decoding=\"async\" class=\"alignleft  wp-image-731\" style=\"border: 0px; margin: 6px;\" title=\"pi\" src=\"http:\/\/www.7zentidos.com\/site\/wp-content\/uploads\/2012\/12\/pi-150x150.jpeg\" alt=\"Pi\" width=\"63\" height=\"63\" \/><\/noscript><\/a>Albert Einstein naci\u00f3 un 14 de marzo (3.14), el equivalente num\u00e9rico de Pi. Vivi\u00f3 en Princeton durante m\u00e1s de veinte a\u00f1os y describ\u00eda la ciudad como \u201cel para\u00edso\u201d, por eso en ella todos los a\u00f1os se hace una gran celebraci\u00f3n del d\u00eda Pi.<\/p>\n<p><a href=\"http:\/\/www.7zentidos.com\/site\/wp-content\/uploads\/2012\/12\/20120319-184437_Albert-Einstein_lengua.jpg\"><img loading=\"lazy\" decoding=\"async\" class=\"alignleft  wp-image-730 lazyload\" style=\"--smush-placeholder-width: 71px; --smush-placeholder-aspect-ratio: 71\/108;border: 0px; margin: 6px;\" title=\"Albert-Einstein_lengua\" data-src=\"http:\/\/www.7zentidos.com\/site\/wp-content\/uploads\/2012\/12\/20120319-184437_Albert-Einstein_lengua-199x300.jpg\" alt=\"Albert-Einstein_lengua\" width=\"71\" height=\"108\" src=\"data:image\/gif;base64,R0lGODlhAQABAAAAACH5BAEKAAEALAAAAAABAAEAAAICTAEAOw==\" \/><noscript><img loading=\"lazy\" decoding=\"async\" class=\"alignleft  wp-image-730\" style=\"border: 0px; margin: 6px;\" title=\"Albert-Einstein_lengua\" src=\"http:\/\/www.7zentidos.com\/site\/wp-content\/uploads\/2012\/12\/20120319-184437_Albert-Einstein_lengua-199x300.jpg\" alt=\"Albert-Einstein_lengua\" width=\"71\" height=\"108\" \/><\/noscript><\/a>\u00bfPor qu\u00e9 Einstein saca la lengua en esa foto famosa?<\/p>\n<p>Era su cumplea\u00f1os, estaba siendo acosado por los fot\u00f3grafos. \u00c9l les sac\u00f3 la lengua en la exasperaci\u00f3n y para tratar de arruinar la foto. Por supuesto, su plan fracas\u00f3. Dado que el cient\u00edfico ten\u00eda reputaci\u00f3n de \u00abraro\u00bb, la foto fue vista como un ejemplo m\u00e1s de su encanto irascible\u00a0 y se ha convertido en uno de sus retratos m\u00e1s famosos jam\u00e1s tomado.<\/p><\/blockquote>\n<p>Im\u00e1genes:\u00a0tomlarsen.org;\u00a0romina-matematicahoy.blogspot.com;\u00a0sdpnoticias.com<\/p>\n","protected":false},"excerpt":{"rendered":"<p>\u201cHay dos maneras de vivir su vida: una como si nada es un milagro,\u00a0la otra es como si todo es un milagro\u201d Albert Einstein Albert ins\u00f3litamente fue un ni\u00f1o que desde muy peque\u00f1o demostr\u00f3 cierta dificultad para expresarse, lo que parec\u00eda dar una falsa apariencia de alg\u00fan retardo que le provocar\u00eda muchos problemas a futuro. [&hellip;]<\/p>\n","protected":false},"author":3,"featured_media":0,"comment_status":"open","ping_status":"closed","sticky":false,"template":"","format":"standard","meta":{"footnotes":""},"categories":[17052],"tags":[43,7318,17089,173,196,17090],"class_list":{"0":"post-729","1":"post","2":"type-post","3":"status-publish","4":"format-standard","6":"category-vive-archivo","7":"tag-albert","8":"tag-biografia","9":"tag-datos-curiosos-de-einstein","10":"tag-dia-pi","11":"tag-einstein","12":"tag-teoria-de-la-relatividad"},"_links":{"self":[{"href":"https:\/\/moonmentum.com\/blog\/wp-json\/wp\/v2\/posts\/729","targetHints":{"allow":["GET"]}}],"collection":[{"href":"https:\/\/moonmentum.com\/blog\/wp-json\/wp\/v2\/posts"}],"about":[{"href":"https:\/\/moonmentum.com\/blog\/wp-json\/wp\/v2\/types\/post"}],"author":[{"embeddable":true,"href":"https:\/\/moonmentum.com\/blog\/wp-json\/wp\/v2\/users\/3"}],"replies":[{"embeddable":true,"href":"https:\/\/moonmentum.com\/blog\/wp-json\/wp\/v2\/comments?post=729"}],"version-history":[{"count":0,"href":"https:\/\/moonmentum.com\/blog\/wp-json\/wp\/v2\/posts\/729\/revisions"}],"wp:attachment":[{"href":"https:\/\/moonmentum.com\/blog\/wp-json\/wp\/v2\/media?parent=729"}],"wp:term":[{"taxonomy":"category","embeddable":true,"href":"https:\/\/moonmentum.com\/blog\/wp-json\/wp\/v2\/categories?post=729"},{"taxonomy":"post_tag","embeddable":true,"href":"https:\/\/moonmentum.com\/blog\/wp-json\/wp\/v2\/tags?post=729"}],"curies":[{"name":"wp","href":"https:\/\/api.w.org\/{rel}","templated":true}]}}