{"id":7439,"date":"2009-08-19T00:08:15","date_gmt":"2009-08-19T04:38:15","guid":{"rendered":"http:\/\/www.elpulsodeltiempo.com\/timepulse\/?p=7439"},"modified":"2013-06-03T15:55:28","modified_gmt":"2013-06-03T20:25:28","slug":"efemerides-pronostico-2577-del-19-de-agosto","status":"publish","type":"post","link":"https:\/\/moonmentum.com\/blog\/efemerides\/efemerides-pronostico-2577-del-19-de-agosto\/","title":{"rendered":"Efem\u00e9rides \/ Pron\u00f3stico #2577 del 19 de Agosto"},"content":{"rendered":"<p class=\"wp-caption-dt\" style=\"text-align: center;\">\u201cPunto de quiebre\u201d<\/p>\n<p style=\"text-align: center;\">\u201cPolarizaci\u00f3n\u201d\u00a0<\/p>\n<p style=\"text-align: center;\"><strong>Luz amarilla en el Universo.<\/strong><strong><\/strong><\/p>\n<p style=\"text-align: center;\">El hombre est\u00e1 dispuesto siempre a negar todo aquello que no comprende.<\/p>\n<p style=\"text-align: center;\"><a href=\"http:\/\/www.moonmentum.com\/blog\/wp-content\/uploads\/2009\/08\/blaise-pascal.jpg\"><img loading=\"lazy\" decoding=\"async\" class=\"size-full wp-image-7446 lazyload\" style=\"--smush-placeholder-width: 150px; --smush-placeholder-aspect-ratio: 150\/142;border: 0px;\" title=\"Blaise Pascal\" data-src=\"http:\/\/www.moonmentum.com\/blog\/wp-content\/uploads\/2009\/08\/blaise-pascal.jpg\" alt=\"Blaise Pascal\" width=\"150\" height=\"142\" src=\"data:image\/gif;base64,R0lGODlhAQABAAAAACH5BAEKAAEALAAAAAABAAEAAAICTAEAOw==\" \/><noscript><img loading=\"lazy\" decoding=\"async\" class=\"size-full wp-image-7446\" style=\"border: 0px;\" title=\"Blaise Pascal\" src=\"http:\/\/www.moonmentum.com\/blog\/wp-content\/uploads\/2009\/08\/blaise-pascal.jpg\" alt=\"Blaise Pascal\" width=\"150\" height=\"142\" \/><\/noscript><\/a><br \/>\n<a title=\"Los libros de Blaise Pascal en Casa del Libro\" href=\"http:\/\/clk.tradedoubler.com\/click?p=17460&amp;a=644479&amp;epi=AUTOR_734&amp;url=http:\/\/www.casadellibro.com\/fichas\/fichaautores\/0,1463,PASCAL32BLAISE,00.html\" target=\"_blank\">Blaise Pascal<\/a><strong>\u00a0<\/strong><\/p>\n<p><strong>Efem\u00e9rides\u00a0\u00a0\u00a0\u00a0\u00a0 <\/strong><strong><em><\/em><\/strong><\/p>\n<p style=\"text-align: justify;\"><strong>Agosto<\/strong> es el octavo mes del a\u00f1o en el calendario gregoriano y tiene 31 d\u00edas. <!--more-->Se le puso este nombre en honor del emperador romano Augusto Octavio (<em>Augustus Octavius<\/em>). En el antiguo calendario romano, el a\u00f1o comenzaba en marzo y el sexto mes se llamaba Sextilis pero, en el a\u00f1o 24 antes de nuestra era, Octavio Augusto decidi\u00f3 darle su nombre y desde entonces Sextilis se llam\u00f3 Augustus. Octavio imitaba as\u00ed al ya fallecido Julio C\u00e9sar quien, veinti\u00fan a\u00f1os antes, hab\u00eda hecho lo mismo con el quinto mes, hasta entonces llamado Quinctilis y que con \u00e9l pas\u00f3 a llamarse Iulius en homenaje a la familia Iulia, a la que pertenec\u00eda.\u00a0<\/p>\n<p style=\"text-align: justify;\">Pero dar su nombre a Sextilis le pareci\u00f3 poco a Octavio, quien consideraba que a\u00fan no hab\u00eda alcanzado la misma gloria que Julio C\u00e9sar, ya que Iulius ten\u00eda 31 d\u00edas y Augustus, s\u00f3lo 29. Por esa raz\u00f3n, el emperador alter\u00f3 la duraci\u00f3n de varios meses, quitando y poniendo d\u00edas, hasta lograr que \u2018su\u2019 mes tuviera 31 d\u00edas. Es por eso que a\u00fan hoy, dos mil a\u00f1os despu\u00e9s, julio y agosto tienen 31 d\u00edas cada uno.<\/p>\n<p style=\"text-align: justify;\">\u00a0Fue elegido este mes para honrar al emperador porque en \u00e9l venci\u00f3 a Cleopatra y Marco Antonio y entr\u00f3 triunfador en Roma.<\/p>\n<p style=\"text-align: justify;\">Agosto comienza (astron\u00f3micamente) con el signo de Leo (<img loading=\"lazy\" decoding=\"async\" title=\"Leo\" data-src=\"http:\/\/www.moonmentum.com\/blog\/wp-includes\/images\/Simbolos_Astrologicos\/51.png\" alt=\"Leo\" width=\"16\" height=\"16\" src=\"data:image\/gif;base64,R0lGODlhAQABAAAAACH5BAEKAAEALAAAAAABAAEAAAICTAEAOw==\" class=\"lazyload\" style=\"--smush-placeholder-width: 16px; --smush-placeholder-aspect-ratio: 16\/16;\" \/><noscript><img loading=\"lazy\" decoding=\"async\" title=\"Leo\" src=\"http:\/\/www.moonmentum.com\/blog\/wp-includes\/images\/Simbolos_Astrologicos\/51.png\" alt=\"Leo\" width=\"16\" height=\"16\" \/><\/noscript>) y termina en Virgo (<img loading=\"lazy\" decoding=\"async\" title=\"Virgo\" data-src=\"http:\/\/www.moonmentum.com\/blog\/wp-includes\/images\/Simbolos_Astrologicos\/50.png\" alt=\"Virgo\" width=\"16\" height=\"16\" src=\"data:image\/gif;base64,R0lGODlhAQABAAAAACH5BAEKAAEALAAAAAABAAEAAAICTAEAOw==\" class=\"lazyload\" style=\"--smush-placeholder-width: 16px; --smush-placeholder-aspect-ratio: 16\/16;\" \/><noscript><img loading=\"lazy\" decoding=\"async\" title=\"Virgo\" src=\"http:\/\/www.moonmentum.com\/blog\/wp-includes\/images\/Simbolos_Astrologicos\/50.png\" alt=\"Virgo\" width=\"16\" height=\"16\" \/><\/noscript>).<\/p>\n<p style=\"text-align: justify;\"><strong>En <\/strong><a title=\"Irlanda\" href=\"http:\/\/es.wikipedia.org\/wiki\/Irlanda\"><strong>Irlanda<\/strong><\/a><strong>, el mes de agosto se llama L\u00fanasa (del antiguo irland\u00e9s Lughnasadh) y toma su nombre del dios <\/strong><strong>Lugh<\/strong><strong>. El primer Lunes de Agosto es uno de los d\u00edas festivos nacionales en la Rep\u00fablica de Irlanda.<\/strong>\u00a0<\/p>\n<p style=\"text-align: justify;\">El <strong>19 de agosto<\/strong> es el 231\u00ba d\u00eda del a\u00f1o del Calendario Gregoriano y n\u00famero 232 en los a\u00f1os bisiestos. Quedan 134 d\u00edas para finalizar el a\u00f1o.<\/p>\n<p style=\"text-align: justify;\"><strong><span style=\"font-size: small;\">Acontecimientos:<\/span><\/strong><\/p>\n<p style=\"text-align: justify;\"><strong>1839 &#8211;<\/strong>\u00a0Considerado el d\u00eda del nacimiento oficial de la Fotograf\u00eda, en Francia por el Estado.<br \/>\n<strong>1919 &#8211;<\/strong>\u00a0Se independiza Afganist\u00e1n del Reino Unido.<\/p>\n<p style=\"text-align: justify;\"><strong><span style=\"font-size: small;\">Nacimientos:<\/span><\/strong><\/p>\n<p style=\"text-align: justify;\"><strong>1596 &#8211;<\/strong>\u00a0Isabel Estuardo, reina de Bohemia.<br \/>\n<strong>1631 &#8211;<\/strong>\u00a0John Dryden, poeta y dramaturgo ingl\u00e9s.<br \/>\n<strong>1686 &#8211;<\/strong>\u00a0Nicola Porpora, compositor italiano.<br \/>\n<strong>1689 &#8211;<\/strong>\u00a0Samuel Richardson, escritor ingl\u00e9s.<br \/>\n<strong>1921 &#8211;<\/strong>\u00a0Gene Roddenberry, director y productor estadounidense, creador de Star Trek.<br \/>\n<strong>1946 &#8211;<\/strong>\u00a0Bill Clinton, pol\u00edtico y presidente estadounidense (1993-2001).<strong>\u00a0<\/strong><\/p>\n<p style=\"text-align: justify;\"><strong><span style=\"font-size: small;\">Fallecimientos:<\/span><\/strong><\/p>\n<p style=\"text-align: justify;\"><strong>14 &#8211;<\/strong>\u00a0C\u00e9sar Augusto, primer emperador de Roma.<br \/>\n<strong>1662 &#8211;<\/strong>\u00a0Blaise Pascal, f\u00edsico franc\u00e9s, inventor de la prensa hidr\u00e1ulica<strong>.<br \/>\n<\/strong><strong>1819 &#8211;<\/strong>\u00a0James Watt, inventor brit\u00e1nico de la m\u00e1quina de vapor.<br \/>\n<strong>1994 &#8211;<\/strong>\u00a0Linus Pauling, cient\u00edfico estadounidense, premio Nobel de Qu\u00edmica en 1954 y de la Paz en 1962.<\/p>\n","protected":false},"excerpt":{"rendered":"<p>\u201cPunto de quiebre\u201d \u201cPolarizaci\u00f3n\u201d\u00a0 Luz amarilla en el Universo. El hombre est\u00e1 dispuesto siempre a negar todo aquello que no comprende. Blaise Pascal\u00a0 Efem\u00e9rides\u00a0\u00a0\u00a0\u00a0\u00a0 Agosto es el octavo mes del a\u00f1o en el calendario gregoriano y tiene 31 d\u00edas.<\/p>\n","protected":false},"author":3,"featured_media":7446,"comment_status":"open","ping_status":"closed","sticky":false,"template":"","format":"standard","meta":{"footnotes":""},"categories":[23],"tags":[93,17193,294],"class_list":{"0":"post-7439","1":"post","2":"type-post","3":"status-publish","4":"format-standard","5":"has-post-thumbnail","7":"category-efemerides","8":"tag-blaise-pascal","9":"tag-efemerides","10":"tag-irlanda"},"_links":{"self":[{"href":"https:\/\/moonmentum.com\/blog\/wp-json\/wp\/v2\/posts\/7439","targetHints":{"allow":["GET"]}}],"collection":[{"href":"https:\/\/moonmentum.com\/blog\/wp-json\/wp\/v2\/posts"}],"about":[{"href":"https:\/\/moonmentum.com\/blog\/wp-json\/wp\/v2\/types\/post"}],"author":[{"embeddable":true,"href":"https:\/\/moonmentum.com\/blog\/wp-json\/wp\/v2\/users\/3"}],"replies":[{"embeddable":true,"href":"https:\/\/moonmentum.com\/blog\/wp-json\/wp\/v2\/comments?post=7439"}],"version-history":[{"count":0,"href":"https:\/\/moonmentum.com\/blog\/wp-json\/wp\/v2\/posts\/7439\/revisions"}],"wp:featuredmedia":[{"embeddable":true,"href":"https:\/\/moonmentum.com\/blog\/wp-json\/wp\/v2\/media\/7446"}],"wp:attachment":[{"href":"https:\/\/moonmentum.com\/blog\/wp-json\/wp\/v2\/media?parent=7439"}],"wp:term":[{"taxonomy":"category","embeddable":true,"href":"https:\/\/moonmentum.com\/blog\/wp-json\/wp\/v2\/categories?post=7439"},{"taxonomy":"post_tag","embeddable":true,"href":"https:\/\/moonmentum.com\/blog\/wp-json\/wp\/v2\/tags?post=7439"}],"curies":[{"name":"wp","href":"https:\/\/api.w.org\/{rel}","templated":true}]}}